{"id":116692,"date":"2025-12-15T05:18:07","date_gmt":"2025-12-15T05:18:07","guid":{"rendered":"https:\/\/www.europesays.com\/fi\/116692\/"},"modified":"2025-12-15T05:18:07","modified_gmt":"2025-12-15T05:18:07","slug":"presidentti-zelenskyi-tapaa-tanaan-eurooppalaisia-johtajia-berliinissa-uutissuomalainen-2","status":"publish","type":"post","link":"https:\/\/www.europesays.com\/fi\/116692\/","title":{"rendered":"Presidentti Zelenskyi tapaa t\u00e4n\u00e4\u00e4n eurooppalaisia johtajia Berliiniss\u00e4 | Uutissuomalainen"},"content":{"rendered":"<p>Ukrainan presidentin Volodymyr Zelenskyin on t\u00e4n\u00e4\u00e4n m\u00e4\u00e4r\u00e4 tavata eurooppalaisia johtajia Berliiniss\u00e4 Saksassa.<\/p>\n<p>My\u00f6s muun muassa presidentti Alexander Stubb osallistuu tapaamiseen. Lis\u00e4ksi tapaamiseen odotetaan Naton ja EU:n edustajia.<\/p>\n<p>My\u00f6s Yhdysvaltojen erityisl\u00e4hettil\u00e4s Steve Witkoffin ja presidentti Donald Trumpin v\u00e4vyn Jared Kushnerin on m\u00e4\u00e4r\u00e4 osallistua tapaamiseen t\u00e4n\u00e4\u00e4n.<\/p>\n<p>Tapaamisessa on m\u00e4\u00e4r\u00e4 keskustella rauhansopimuksesta.<\/p>\n<p>Zelenskyin mukaan Ukraina on valmis luopumaan pyrkimyksist\u00e4 liitty\u00e4 sotilasliitto Naton j\u00e4seneksi. Vastineeksi Zelenskyi toivoo riitt\u00e4vi\u00e4 turvatakuita Yhdysvalloilta ja Euroopalta.<\/p>\n<p>\t\t\t\tKeskusteluja my\u00f6s sunnuntaina<\/p>\n<p>Sunnuntaina Zelenskyi keskusteli rauhanneuvottelujen tilanteesta muun muassa Yhdysvaltain erityisl\u00e4hettil\u00e4\u00e4n Witkoffin ja Kushnerin kanssa. Sunnuntain tapaamisessa oli mukana my\u00f6s Saksan liittokansleri Friedrich Merz sek\u00e4 sotilasliitto Naton Euroopan-joukkojen komentaja, kenraali Alexus Grynkewich.<\/p>\n<p>Viisi tuntia kest\u00e4neiden keskusteluiden j\u00e4lkeen kerrottiin my\u00f6s Witkoffin ja Kushnerin osallistumisesta t\u00e4n\u00e4isiin keskusteluihin.<\/p>\n<p>Ennen sunnuntain tapaamista Zelenskyi sanoi, ett\u00e4 Yhdysvallat ei ollut vastannut Ukrainan l\u00e4hett\u00e4m\u00e4\u00e4n p\u00e4ivitettyyn versioon rauhansuunnitelmasta. Yhdysvaltojen alkuper\u00e4inen, Ven\u00e4j\u00e4lle my\u00f6t\u00e4mielinen 28-kohtainen rauhansuunnitelma kutistui Ukrainan ja muiden eurooppalaisten versiossa 20-kohtaiseksi.<\/p>\n<p>Yhdysvallat on muun muassa painostanut Ukrainaa suostumaan alueluovutuksiin Donetskissa, mihin Ukraina ei ole ollut halukas.<\/p>\n<p>Zelenskyi on sanonut toivovansa, ett\u00e4 Yhdysvallat tukisi ajatusta rintamalinjan j\u00e4\u00e4dytt\u00e4misest\u00e4.<\/p>\n","protected":false},"excerpt":{"rendered":"Ukrainan presidentin Volodymyr Zelenskyin on t\u00e4n\u00e4\u00e4n m\u00e4\u00e4r\u00e4 tavata eurooppalaisia johtajia Berliiniss\u00e4 Saksassa. My\u00f6s muun muassa presidentti Alexander Stubb&hellip;\n","protected":false},"author":2,"featured_media":116693,"comment_status":"","ping_status":"","sticky":false,"template":"","format":"standard","meta":{"footnotes":""},"categories":[14],"tags":[22,23,585,1617,2267,26,27,33,31,30,17,24,25,28,29,15,18,21,142,637,144,32,19,20,549,56,16,59,60,61],"class_list":{"0":"post-116692","1":"post","2":"type-post","3":"status-publish","4":"format-standard","5":"has-post-thumbnail","7":"category-ulkomaat","8":"tag-breaking-news","9":"tag-breakingnews","10":"tag-donald-trump","11":"tag-euroopan-unioni","12":"tag-eurooppa","13":"tag-featured-news","14":"tag-featurednews","15":"tag-fi","16":"tag-finland","17":"tag-finnish","18":"tag-headlines","19":"tag-latest-news","20":"tag-latestnews","21":"tag-main-news","22":"tag-mainnews","23":"tag-news","24":"tag-otsikot","25":"tag-paauutiset","26":"tag-poliitikot","27":"tag-politiikka","28":"tag-presidentti","29":"tag-suomi","30":"tag-top-stories","31":"tag-topstories","32":"tag-ukrainan-sota","33":"tag-ulkomaat","34":"tag-uutiset","35":"tag-world","36":"tag-world-news","37":"tag-worldnews"},"share_on_mastodon":{"url":"https:\/\/pubeurope.com\/@fi\/115721896302088837","error":""},"_links":{"self":[{"href":"https:\/\/www.europesays.com\/fi\/wp-json\/wp\/v2\/posts\/116692","targetHints":{"allow":["GET"]}}],"collection":[{"href":"https:\/\/www.europesays.com\/fi\/wp-json\/wp\/v2\/posts"}],"about":[{"href":"https:\/\/www.europesays.com\/fi\/wp-json\/wp\/v2\/types\/post"}],"author":[{"embeddable":true,"href":"https:\/\/www.europesays.com\/fi\/wp-json\/wp\/v2\/users\/2"}],"replies":[{"embeddable":true,"href":"https:\/\/www.europesays.com\/fi\/wp-json\/wp\/v2\/comments?post=116692"}],"version-history":[{"count":0,"href":"https:\/\/www.europesays.com\/fi\/wp-json\/wp\/v2\/posts\/116692\/revisions"}],"wp:featuredmedia":[{"embeddable":true,"href":"https:\/\/www.europesays.com\/fi\/wp-json\/wp\/v2\/media\/116693"}],"wp:attachment":[{"href":"https:\/\/www.europesays.com\/fi\/wp-json\/wp\/v2\/media?parent=116692"}],"wp:term":[{"taxonomy":"category","embeddable":true,"href":"https:\/\/www.europesays.com\/fi\/wp-json\/wp\/v2\/categories?post=116692"},{"taxonomy":"post_tag","embeddable":true,"href":"https:\/\/www.europesays.com\/fi\/wp-json\/wp\/v2\/tags?post=116692"}],"curies":[{"name":"wp","href":"https:\/\/api.w.org\/{rel}","templated":true}]}}