{"id":116694,"date":"2025-12-15T05:19:10","date_gmt":"2025-12-15T05:19:10","guid":{"rendered":"https:\/\/www.europesays.com\/fi\/116694\/"},"modified":"2025-12-15T05:19:10","modified_gmt":"2025-12-15T05:19:10","slug":"henri-rantala-olikin-hakenut-haamutyopaikkaa-mot-tutki-ilmoituksia-ja-loysi-kymmenia-tuhansia-turhia-hakuja-mot","status":"publish","type":"post","link":"https:\/\/www.europesays.com\/fi\/116694\/","title":{"rendered":"Henri Rantala olikin hakenut haamuty\u00f6paikkaa \u2013 MOT tutki ilmoituksia ja l\u00f6ysi kymmeni\u00e4 tuhansia \u201dturhia hakuja\u201d | MOT"},"content":{"rendered":"<p class=\"aw-1gybjub aw-1p7kakr kEtdKx cEmitX yle__article__paragraph\">Puolentoista vuoden ty\u00f6nhaku on tuottanut pettymyksi\u00e4, mutta <strong class=\"aw-ak79eh KyCXm yle__article__strong\">Henri Rantala<\/strong> ei ole vaipunut synkkyyteen. H\u00e4nelle moni asia n\u00e4ytt\u00e4ytyy niin absurdina, ett\u00e4 tilanteelle on jo pakko nauraa.<\/p>\n<p class=\"aw-1gybjub aw-1p7kakr kEtdKx cEmitX yle__article__paragraph\">Kokkolassa asuva Rantala on hakenut t\u00f6it\u00e4 15 vuokraty\u00f6firmasta. Ainakaan CV:ss\u00e4 ei ole moittimista: kaksi metallialan tutkintoa ja 13 vuoden ty\u00f6kokemus.<\/p>\n<p class=\"aw-1gybjub aw-1p7kakr kEtdKx cEmitX yle__article__paragraph\">Haku on yleens\u00e4 edennyt niin, ett\u00e4 vuokraty\u00f6firma kutsuu Teams-haastatteluun. Firmasta luvataan olla yhteydess\u00e4 asiakkaaseen, jolle se on tekij\u00e4\u00e4 hakemassa. Kaikista ei en\u00e4\u00e4 sen j\u00e4lkeen kuulu mit\u00e4\u00e4n.<\/p>\n<p class=\"aw-1gybjub aw-1p7kakr kEtdKx cEmitX yle__article__paragraph\"><strong class=\"aw-ak79eh KyCXm yle__article__strong\">Rantala kertoo tyypillisest\u00e4 hausta:<\/strong><\/p>\n<p>Henri Rantalan mukaan hauista ei saa juuri koskaan palautetta siit\u00e4, mit\u00e4 voisi tehd\u00e4 paremmin. Videon kuvaus: Juha Kivioja, leikkaus: Timo Keinonen<\/p>\n<p class=\"aw-1gybjub aw-1p7kakr kEtdKx cEmitX yle__article__paragraph\">Enimm\u00e4kseen ty\u00f6nhakupalstoilla py\u00f6rii ilmoituksia, jotka Rantala tunnistaa jo pitk\u00e4lt\u00e4 ajalta.<\/p>\n<p class=\"aw-1gybjub aw-1p7kakr kEtdKx cEmitX yle__article__paragraph\">Olimme yhteydess\u00e4 kymmeniin muihinkin ty\u00f6nhakijoihin, jotka vastasivat MOT:n kyselyyn ty\u00f6nhaun ongelmista. He kertoivat havainneensa, ett\u00e4 samat ty\u00f6paikat ilmaantuvat v\u00e4h\u00e4n v\u00e4li\u00e4 uudelleen hakuun. Niit\u00e4 julkaistaan eri ty\u00f6nhakufoorumeilla, joista virallinen <a class=\"aw-iao6s4 iHOxEa yle__article__link\" href=\"https:\/\/tyomarkkinatori.fi\/henkiloasiakkaat\" role=\"link\" rel=\"nofollow noopener\" target=\"_blank\">Ty\u00f6markkinatori<\/a> on ilmoittajille ilmainen.<\/p>\n<p class=\"aw-1gybjub aw-1p7kakr kEtdKx cEmitX yle__article__paragraph\">Ylen MOT p\u00e4\u00e4tti tutkia, kuinka paljon alustalta l\u00f6ytyy sarjailmoittajia ja toistuvia hakuja. Analysoimme puoli miljoonaa ilmoitusta, jotka oli julkaistu Ty\u00f6markkinatorilla parin vuoden aikana.<\/p>\n<p class=\"aw-1gybjub aw-1p7kakr kEtdKx cEmitX yle__article__paragraph\">Kokosimme t\u00e4h\u00e4n artikkeliin viisi l\u00f6yd\u00f6st\u00e4, jotka selitt\u00e4v\u00e4t Ty\u00f6markkinatorin sekamelskaa. L\u00f6ysimme muun muassa ty\u00f6paikan, johon oli haettu tekij\u00e4\u00e4 samalla ilmoituksella 46 kertaa. Ty\u00f6markkinatorilta ker\u00e4tt\u00e4v\u00e4ss\u00e4 <a class=\"aw-iao6s4 iHOxEa yle__article__link\" href=\"https:\/\/keha-keskus.fi\/ty%C3%B6nv%C3%A4litystilasto\" role=\"link\" rel=\"nofollow noopener\" target=\"_blank\">ty\u00f6nv\u00e4litystilastossa<\/a> se laskettiin 46 avoimeksi ty\u00f6paikaksi.<\/p>\n<p class=\"aw-1gybjub aw-1p7kakr kEtdKx cEmitX yle__article__paragraph\"><strong class=\"aw-ak79eh KyCXm yle__article__strong\">MOT-dokumentissa kerrotaan, miten kaksi ty\u00f6nhakijaa kokee Ty\u00f6markkinatorin ilmoittelun.<\/strong><\/p>\n<p><img decoding=\"async\" alt=\"\" src=\"https:\/\/www.europesays.com\/fi\/wp-content\/uploads\/2025\/12\/39-1568039693aac3f6dc86.jpeg\" class=\"aw-1l9m598 hKVVvP\"\/><\/p>\n<p>1. Joka kolmas ilmoitus vuokraty\u00f6t\u00e4<\/p>\n<p class=\"aw-1gybjub aw-1p7kakr kEtdKx cEmitX yle__article__paragraph\">Ensi havainto oli, ett\u00e4 vuokraty\u00f6firmat julkaisevat Ty\u00f6markkinatorilla todella ahkerasti. Joka kolmas ilmoitus koski vuokraty\u00f6t\u00e4. Ilmoituksissa oli avoinna niin paljon ty\u00f6paikkoja, ett\u00e4 se vastasi l\u00e4hes 39:\u00e4\u00e4 prosenttia kaikista avoimista ty\u00f6paikoista.<\/p>\n<p class=\"aw-1gybjub aw-1p7kakr kEtdKx cEmitX yle__article__paragraph\">Vuokraty\u00f6firmojen ilmoittamia avoimia ty\u00f6paikkoja esiintyi Ty\u00f6markkinatorilla kolme kertaa enemm\u00e4n kuin niit\u00e4 oli Tilastokeskuksen ty\u00f6voimatutkimuksen mukaan. Sen ker\u00e4\u00e4miss\u00e4 tiedoissa enint\u00e4\u00e4n 12,7 prosenttia yritysten avoimista ty\u00f6paikoista oli t\u00e4n\u00e4 kev\u00e4\u00e4n\u00e4 sellaisia, joihin haettiin vuokraty\u00f6ntekij\u00e4\u00e4.<\/p>\n<p class=\"aw-1gybjub aw-1p7kakr kEtdKx cEmitX yle__article__paragraph\">Tilastokeskuksen <a class=\"aw-iao6s4 iHOxEa yle__article__link\" href=\"https:\/\/stat.fi\/tilasto\/dokumentaatio\/atp#Menetelm%C3%A4t\" role=\"link\" rel=\"nofollow noopener\" target=\"_blank\">menetelm\u00e4<\/a> karsii avoimista ty\u00f6paikoista p\u00e4\u00e4llekk\u00e4iset haut, joissa sek\u00e4 yritys itse ett\u00e4 vuokraty\u00f6firma ovat t\u00e4ytt\u00e4m\u00e4ss\u00e4 samaa ty\u00f6paikkaa. Tilastokeskus laskee ne lukuihin vain yhteen kertaan.<\/p>\n<p class=\"aw-1gybjub aw-1p7kakr kEtdKx cEmitX yle__article__paragraph\">MOT:n saamassa aineistossa n\u00e4kyy, ettei t\u00e4llaisia tuplailmoituksia siivota Ty\u00f6markkinatorilla. Usea taho hakee tekij\u00e4\u00e4 samaan paikkaan.<\/p>\n<p class=\"aw-1gybjub aw-1p7kakr kEtdKx cEmitX yle__article__paragraph\">N\u00e4it\u00e4 Ty\u00f6markkinatorin lukuja avoimista ty\u00f6paikoista k\u00e4ytet\u00e4\u00e4n joka kuukausi julkaistavissa <a class=\"aw-iao6s4 iHOxEa yle__article__link\" href=\"https:\/\/www.tyollisyyskatsaus.fi\/graph\/tkat\/tkat.aspx\" role=\"link\" rel=\"nofollow noopener\" target=\"_blank\">ty\u00f6llisyyskatsauksissa<\/a>. Niiden pohjalta k\u00e4yd\u00e4\u00e4n keskustelua ty\u00f6voimapulasta ja kohtaanto-ongelmasta.<\/p>\n<p class=\"aw-1gybjub aw-1p7kakr kEtdKx cEmitX yle__article__paragraph\">Tutkitussa aineistossa katsoimme my\u00f6s, mill\u00e4 yrityksill\u00e4 oli eniten ty\u00f6paikkoja tarjolla. Kymmenen k\u00e4rjess\u00e4 oli kahdeksan vuokraty\u00f6firmaa.<\/p>\n<p class=\"aw-1gybjub aw-1p7kakr kEtdKx cEmitX yle__article__paragraph\">Yksi vuonna 2023 perustettu yritys oli ehtinyt ilmoittaa ty\u00f6paikoista Ty\u00f6markkinatorilla jo l\u00e4hes 6000 kertaa.<\/p>\n<p>N\u00e4in MOT:n selvitys tehtiin<\/p>\n<p class=\"aw-1gybjub aw-1p7kakr kEtdKx cEmitX yle__article__paragraph\">Saimme tietopyynn\u00f6ll\u00e4 tarkasteltaviksi Ty\u00f6markkinatorilla 1.1.2024\u201327.10.2025 julkaistut ilmoitukset.<\/p>\n<p class=\"aw-1gybjub aw-1p7kakr kEtdKx cEmitX yle__article__paragraph\">Aineisto k\u00e4sitti yli 510 000 ilmoitusta, joissa oli haussa 995 000 avointa ty\u00f6paikkaa.<\/p>\n<p class=\"aw-1gybjub aw-1p7kakr kEtdKx cEmitX yle__article__paragraph\">Ylen tutkivan toimituksen datatieteilij\u00e4 k\u00e4vi ilmoituksia koneellisesti l\u00e4pi. Aineistosta voitiin tutkia p\u00e4\u00e4llekk\u00e4isyytt\u00e4, toistumista ja piilotettuja tietoja.<\/p>\n<p class=\"aw-1gybjub aw-1p7kakr kEtdKx cEmitX yle__article__paragraph\">Lis\u00e4ksi haastattelimme aiheesta ty\u00f6nhakijoita ja henkil\u00f6st\u00f6palvelualan toimintatapoja tuntevia.<\/p>\n<p>2. Avoimia paikkoja v\u00e4hemm\u00e4n kuin v\u00e4itet\u00e4\u00e4n<\/p>\n<p class=\"aw-1gybjub aw-1p7kakr kEtdKx cEmitX yle__article__paragraph\">Samanlaisina toistuvat ilmoitukset ovat ty\u00f6nhakijoille turhauttavia, mutta niihin liittyy toinenkin ep\u00e4kohta. Ne paisuttavat Ty\u00f6markkinatorin tietoihin perustuvia tilastoja avoimista ty\u00f6paikoista.<\/p>\n<p class=\"aw-1gybjub aw-1p7kakr kEtdKx cEmitX yle__article__paragraph\">Useimmin toistunut vuokraty\u00f6ilmoitus oli se 46 kertaa julkaistu haku, jolla haettiin asentajaa. Se ilmestyi ensi kertaa Ty\u00f6markkinatorille jo vuosi sitten lokakuussa. Sen j\u00e4lkeen haku oli arkistoitu ja julkaistu yleens\u00e4 viikon v\u00e4lein.<\/p>\n<p class=\"aw-1gybjub aw-1p7kakr kEtdKx cEmitX yle__article__paragraph\">Ty\u00f6nv\u00e4litystilastoissa t\u00e4m\u00e4 uusintajulkaisu tarkoitti 46:ta avointa ty\u00f6paikkaa.<\/p>\n<p class=\"aw-1gybjub aw-1p7kakr kEtdKx cEmitX yle__article__paragraph\">Etsimme aineistosta lis\u00e4\u00e4 t\u00e4m\u00e4nkaltaisia tihe\u00e4\u00e4n esiintyvi\u00e4 ilmoituksia. Kuinka moni oli julkaistu uudelleen samoin sanoin alle kuukausi edellisen haun p\u00e4\u00e4ttymisest\u00e4?<\/p>\n<p class=\"aw-1gybjub aw-1p7kakr kEtdKx cEmitX yle__article__paragraph\">N\u00e4in tihe\u00e4sti uusituista ilmoituksista l\u00f6ytyi 84 000 \u201dylim\u00e4\u00e4r\u00e4ist\u00e4\u201d ty\u00f6paikkaa, jotka oli tilastoitu uusiksi ty\u00f6paikoiksi, vaikka ne liittyiv\u00e4t jo aiemmin ilmoitettuun hakuun.<\/p>\n<p class=\"aw-1gybjub aw-1p7kakr kEtdKx cEmitX yle__article__paragraph\">J\u00e4ljitimme ty\u00f6nv\u00e4litystilastoja v\u00e4\u00e4rist\u00e4vi\u00e4 ty\u00f6paikkoja my\u00f6s toisella tapaa.<\/p>\n<p class=\"aw-1gybjub aw-1p7kakr kEtdKx cEmitX yle__article__paragraph\"><strong class=\"aw-ak79eh KyCXm yle__article__strong\">Vertasimme n\u00e4in kahden samana toistuneen ilmoituksen tietoja:<\/strong><\/p>\n<p>Vertasimme kesken\u00e4\u00e4n yritysten ilmoituksiin liitt\u00e4mi\u00e4 \u201domia viitetietoja\u201d ja viranomaisten tunnisteita. Animaatio: Otso Ritonummi \/ Yle<\/p>\n<p class=\"aw-1gybjub aw-1p7kakr kEtdKx cEmitX yle__article__paragraph\">My\u00f6s t\u00e4ll\u00e4 laskutavalla ty\u00f6nv\u00e4litystilastoihin p\u00e4\u00e4tyi melkein sama m\u00e4\u00e4r\u00e4, 78 000 ylim\u00e4\u00e4r\u00e4ist\u00e4 ty\u00f6paikkaa. Se vastaa tuhansia ty\u00f6paikkoja joka kuukausi.<\/p>\n<p class=\"aw-1gybjub aw-1p7kakr kEtdKx cEmitX yle__article__paragraph\">Todellisuudessa m\u00e4\u00e4r\u00e4 on viel\u00e4 isompi, sill\u00e4 vain 30 prosenttia yrityksist\u00e4 oli kirjannut ilmoituksiin \u201doman viitetiedon\u201d. Viitetietoja yhdistelem\u00e4ll\u00e4 pystyimme siten l\u00f6yt\u00e4m\u00e4\u00e4n vain osan samaan ty\u00f6paikkaan liittyvist\u00e4 hauista.<\/p>\n<p class=\"aw-1gybjub aw-1p7kakr kEtdKx cEmitX yle__article__paragraph\">\u201dTurhia\u201d paikkoja p\u00e4\u00e4tyy ty\u00f6nv\u00e4litystilastoihin my\u00f6s, kun samoihin t\u00f6ihin haetaan useilla rinnakkaisilla ilmoituksilla. Esimerkiksi samaa kokin paikkaa t\u00e4ytti syksyll\u00e4 Tampereella yht\u00e4 aikaa nelj\u00e4 vuokraty\u00f6firmaa.<\/p>\n<p class=\"aw-1gybjub aw-1p7kakr kEtdKx cEmitX yle__article__paragraph\">Aineistossa esiintyi lis\u00e4ksi hakuja m\u00e4\u00e4r\u00e4aikaiseen ty\u00f6h\u00f6n, jonka kestoksi ilmoitettiin lyhimmill\u00e4\u00e4n yksi p\u00e4iv\u00e4. My\u00f6s n\u00e4ist\u00e4 syntyi tilastoihin avoimia ty\u00f6paikkoja.<\/p>\n<p class=\"aw-1gybjub aw-1p7kakr kEtdKx cEmitX yle__article__paragraph\">Henkil\u00f6st\u00f6palvelualalla toimivan Tocca Groupin toimitusjohtaja <strong class=\"aw-ak79eh KyCXm yle__article__strong\">Jarmo Manninen<\/strong> seuraa tarkkaan ty\u00f6paikkojen ilmoituskanavia. Yleisluontoisia hakuja, joilla ker\u00e4t\u00e4\u00e4n ty\u00f6ntekij\u00e4poolia, julkaistaan h\u00e4nen mukaansa p\u00e4ivitt\u00e4in.<\/p>\n<p class=\"aw-1gybjub aw-1p7kakr kEtdKx cEmitX yle__article__paragraph\">Manninen my\u00f6nt\u00e4\u00e4, ett\u00e4 se on alalla yleinen toimintatapa.<\/p>\n<p class=\"aw-1gybjub aw-1p7kakr kEtdKx cEmitX yle__article__paragraph\">\u2013 Valitettavasti. Meit\u00e4 on moneen junaan, taitaa olla pari tuhatta alan yrityst\u00e4, niin siell\u00e4 on monenlaista yritt\u00e4j\u00e4\u00e4 ja ty\u00f6ntekij\u00e4\u00e4. Toivoisin totta kai, ett\u00e4 mainetta parannettaisiin my\u00f6s omilla toimintatavoilla, Manninen sanoo.<\/p>\n<p>3. Ty\u00f6paikan nimi piilossa ty\u00f6nhakijalta<\/p>\n<p class=\"aw-1gybjub aw-1p7kakr kEtdKx cEmitX yle__article__paragraph\">Vuokraty\u00f6firmat kertovat tyypillisesti, ett\u00e4 ne hakevat ty\u00f6ntekij\u00e4\u00e4 \u201dasiakasyritykselle\u201d mainitsematta, mist\u00e4 yrityksest\u00e4 on kyse. T\u00e4llaisia ilmoituksia oli aineistossa 163 000 ja ne sis\u00e4lsiv\u00e4t melkein 350 000 ty\u00f6paikkaa.<\/p>\n<p class=\"aw-1gybjub aw-1p7kakr kEtdKx cEmitX yle__article__paragraph\">Ty\u00f6markkinatorilla asiakasyrityksen nimi ei yleens\u00e4 n\u00e4y ty\u00f6nhakijalle. K\u00e4yt\u00e4nt\u00f6\u00e4 perustellaan asiakasyrityksen toiveella pysytell\u00e4 anonyymin\u00e4.<\/p>\n<p class=\"aw-1gybjub aw-1p7kakr kEtdKx cEmitX yle__article__paragraph\">Usein asiakasyrityst\u00e4 ei paljasteta hakijalle viel\u00e4 edes vuokraty\u00f6firman haastattelussa.<\/p>\n<p class=\"aw-1gybjub aw-1p7kakr kEtdKx cEmitX yle__article__paragraph\">Ty\u00f6nhakija ei kuitenkaan voi varmasti tiet\u00e4\u00e4, onko ty\u00f6paikka jo olemassa jossain asiakasyrityksess\u00e4 vai p\u00e4\u00e4tyv\u00e4tk\u00f6 h\u00e4nen tietonsa vuokraty\u00f6firman rekisteriin odottamaan ehk\u00e4 my\u00f6hemmin aukeavaa paikkaa.<\/p>\n<p class=\"aw-1gybjub aw-1p7kakr kEtdKx cEmitX yle__article__paragraph\">Henri Rantalalle on kerran jopa my\u00f6nnetty suoraan, ettei mit\u00e4\u00e4n ty\u00f6paikkaa edes ole, vaikka ilmoituksesta on niin voinut ymm\u00e4rt\u00e4\u00e4.<\/p>\n<p class=\"aw-1gybjub aw-1p7kakr kEtdKx cEmitX yle__article__paragraph\"><strong class=\"aw-ak79eh KyCXm yle__article__strong\">Rantala kertoo vuokraty\u00f6firman hausta, jossa etsittiin asiakasyritykselle metallity\u00f6ntekij\u00e4\u00e4 Kokkolaan:<\/strong><\/p>\n<p>Rantalalle paljastui, ett\u00e4 yritys oli vain ker\u00e4\u00e4m\u00e4ss\u00e4 nimi\u00e4 ty\u00f6ntekij\u00e4rekisteriin. Videon kuvaus: Juha Kivioja, leikkaus: Timo Keinonen<\/p>\n<p>4. Ty\u00f6paikaksi kirjataan mit\u00e4 sattuu<\/p>\n<p class=\"aw-1gybjub aw-1p7kakr kEtdKx cEmitX yle__article__paragraph\">Vuokraty\u00f6firmojen t\u00e4ytyy kertoa ty\u00f6voimaviranomaisille asiakasyrityksen nimi eli paikka, jossa ty\u00f6nteko tapahtuu.<\/p>\n<p class=\"aw-1gybjub aw-1p7kakr kEtdKx cEmitX yle__article__paragraph\">MOT:n saamassa aineistossa n\u00e4m\u00e4 ty\u00f6nhakijoilta piilotetut asiakastiedot n\u00e4kyv\u00e4t. Niist\u00e4 k\u00e4y ilmi, ett\u00e4 useat firmat saattavat kirjoittaa viranomaisille j\u00e4tt\u00e4miss\u00e4\u00e4n tiedoissa mit\u00e4 sattuu.<\/p>\n<p class=\"aw-1gybjub aw-1p7kakr kEtdKx cEmitX yle__article__paragraph\">Yli 13 000 kertaa vuokraty\u00f6firma oli kirjoittanut asiakastiedoksi oman firman tai saman konsernin nimen, kun olisi pit\u00e4nyt mainita ty\u00f6nteon paikka. Toisinaan asiakastietokohtaan oli vedetty vain viiva tai kirjoitettu: asiakasyritys.<\/p>\n<p class=\"aw-1gybjub aw-1p7kakr kEtdKx cEmitX yle__article__paragraph\">Usein asiakkaaksi mainittiin jokin iso rakennus- tai kiinteist\u00f6alan yhti\u00f6. On mahdotonta tiet\u00e4\u00e4, olivatko kaikki n\u00e4m\u00e4 haut oikeita toimeksiantoja.<\/p>\n<p class=\"aw-1gybjub aw-1p7kakr kEtdKx cEmitX yle__article__paragraph\">Erikoisin havainto oli rakennusalalle t\u00f6it\u00e4 v\u00e4litt\u00e4v\u00e4n vuokraty\u00f6yrityksen asiakastieto. Aineistosta l\u00f6ytyi 800 hakua, joissa Maximus Oy:n asiakkaana oli chilikastikefirma.<\/p>\n<p class=\"aw-1gybjub aw-1p7kakr kEtdKx cEmitX yle__article__paragraph\">Yritys vakuuttaa MOT:lle, ett\u00e4 haut ovat aitoja. Yrityksen mukaan useiden asiakkaiden toive on pysy\u00e4 anonyymin\u00e4, mutta tiedon saisi selville soittamalla ty\u00f6llisyyspalveluihin.<\/p>\n<p class=\"aw-1gybjub aw-1p7kakr kEtdKx cEmitX yle__article__paragraph\">\u2013 Henkil\u00f6st\u00f6palveluyritysten tarjoamia ty\u00f6paikkoja urkitaan ja asiakasyrityksiin ollaan yhteydess\u00e4 virallisen rekrytoinnin ohi. Olemme k\u00e4ytt\u00e4neet ty\u00f6paikkailmoituksissa myyntijohtajamme yrityksen nime\u00e4, Maximus Oy:n toimitusjohtaja <strong class=\"aw-ak79eh KyCXm yle__article__strong\">Sami Reinikka<\/strong> vastasi s\u00e4hk\u00f6postilla.<\/p>\n<p class=\"aw-1gybjub aw-1p7kakr kEtdKx cEmitX yle__article__paragraph\">Chilikastikefirman nimen toistuminen on mennyt pitk\u00e4\u00e4n l\u00e4pi ty\u00f6llisyyspalveluissa. Se esiintyy edelleen lokakuussa julkaistuissa ilmoituksissa.<\/p>\n<p><img decoding=\"async\" alt=\"Mies ja lapsi k\u00e4velev\u00e4t leikkipuistossa.\" src=\"https:\/\/www.europesays.com\/fi\/wp-content\/uploads\/2025\/12\/39-155180669131b3bcfa21.jpeg\" loading=\"lazy\" class=\"aw-1l9m598 hKVVvP\"\/><\/p>\n<p>Avaa kuvien katselu<\/p>\n<p>Henri Rantalan perhearki helpottuisi, jos h\u00e4n l\u00f6yt\u00e4isi vakituista ty\u00f6t\u00e4 keikkailun sijaan.  \u2013 On v\u00e4h\u00e4n koko ajan pelko persiiss\u00e4, kun yht\u00e4kki\u00e4 voikin olla, ettei ole tarvetta ty\u00f6ntekij\u00e4lle.  Kuva: Janne J\u00e4rvinen \/ Yle<\/p>\n<p class=\"aw-1gybjub aw-1p7kakr kEtdKx cEmitX yle__article__paragraph\">Miksi useat yritykset sitten uusivat hakemuksia jopa viikosta toiseen?<\/p>\n<p class=\"aw-1gybjub aw-1p7kakr kEtdKx cEmitX yle__article__paragraph\">Yritykset voivat sill\u00e4 tavalla ker\u00e4t\u00e4 ty\u00f6ntekij\u00e4rekisteri\u00e4 ja samalla mainostaa itse\u00e4\u00e4n Ty\u00f6markkinatorilla, kertoo rakennusalan yritt\u00e4j\u00e4n\u00e4 ja ty\u00f6njohtajana toiminut <strong class=\"aw-ak79eh KyCXm yle__article__strong\">Heikki Kinnari.<\/strong><\/p>\n<p class=\"aw-1gybjub aw-1p7kakr kEtdKx cEmitX yle__article__paragraph\">H\u00e4n on ollut my\u00f6s itse osakkaana vuokraty\u00f6firmassa.<\/p>\n<p class=\"aw-1gybjub aw-1p7kakr kEtdKx cEmitX yle__article__paragraph\"><strong class=\"aw-ak79eh KyCXm yle__article__strong\">Kinnarin mukaan uusintajulkaisuilla haetaan firman toiminnalle n\u00e4kyvyytt\u00e4:<\/strong><\/p>\n<p>Heikki Kinnari tuntee henkil\u00f6st\u00f6palvelualan toimintatapoja parhaiten rakennusalalla. Videolla h\u00e4n ty\u00f6st\u00e4\u00e4 pajassaan puukkoa. Videon kuvaus: Juha Kivioja, leikkaus: Timo Keinonen<\/p>\n<p class=\"aw-1gybjub aw-1p7kakr kEtdKx cEmitX yle__article__paragraph\">Yritykset toistavat ilmoituksia kaupallisilla sivustoilla pysy\u00e4kseen n\u00e4kyvill\u00e4 hakutuloksissa. Kun sama ilmoitus uusitaan yht\u00e4 aikaa my\u00f6s ilmaisella Ty\u00f6markkinatorilla, se tuottaa harhaanjohtavia tietoja avoimista ty\u00f6paikoista.<\/p>\n<p>5. Ty\u00f6markkinatorin valvonta ontuu<\/p>\n<p class=\"aw-1gybjub aw-1p7kakr kEtdKx cEmitX yle__article__paragraph\">Ty\u00f6markkinatorin s\u00e4\u00e4nn\u00f6iss\u00e4 kiellet\u00e4\u00e4n yrityksi\u00e4 k\u00e4ytt\u00e4m\u00e4st\u00e4 verovaroin kustannettua palvelua toimintansa mainostamiseen ja ty\u00f6ntekij\u00e4rekisterin ker\u00e4\u00e4miseen.<\/p>\n<p class=\"aw-1gybjub aw-1p7kakr kEtdKx cEmitX yle__article__paragraph\">Monet yritykset toimivat kuitenkin vastoin s\u00e4\u00e4nt\u00f6j\u00e4. Se on mahdollista, koska ilmoituksia voi julkaista ilman kunnollista valvontaa.<\/p>\n<p class=\"aw-1gybjub aw-1p7kakr kEtdKx cEmitX yle__article__paragraph\">Ty\u00f6markkinatoria yll\u00e4pit\u00e4\u00e4 Ely-keskusten kehitt\u00e4mis- ja hallintokeskus KEHA. Se puuttuu kuitenkin ep\u00e4kohtiin vain ilmiantojen perusteella.<\/p>\n<p class=\"aw-1gybjub aw-1p7kakr kEtdKx cEmitX yle__article__paragraph\">\u2013 Me luotetaan siihen, ett\u00e4 ty\u00f6nantajat k\u00e4ytt\u00e4\u00e4 julkista ty\u00f6nv\u00e4lityst\u00e4 lain mukaisesti ja meid\u00e4n k\u00e4ytt\u00f6ehtojen mukaisesti ja ty\u00f6voimaviranomainen sitten puuttuu mahdollisiin ep\u00e4selvyyksiin, sanoo <strong class=\"aw-ak79eh KyCXm yle__article__strong\">Jaakko Westerlund<\/strong>, KEHAn ty\u00f6llisyys ja kotoutuminen -vastuualueen johtaja.<\/p>\n<p class=\"aw-1gybjub aw-1p7kakr kEtdKx cEmitX yle__article__paragraph\">Ilmoitusten tiedot tulisi siis tarkistaa paikallisesti kunnissa ja ty\u00f6llisyysalueilla.<\/p>\n<p class=\"aw-1gybjub aw-1p7kakr kEtdKx cEmitX yle__article__paragraph\">KEHA k\u00e4ytt\u00e4\u00e4 tietoja muun muassa ty\u00f6llisyyskatsauksissa, mutta se ei vastaa tietojen oikeellisuudesta.<\/p>\n<p class=\"aw-1gybjub aw-1p7kakr kEtdKx cEmitX yle__article__paragraph\">MOT:n laskelmat v\u00e4hint\u00e4\u00e4n kymmenist\u00e4 tuhansista ylim\u00e4\u00e4r\u00e4isist\u00e4 ty\u00f6paikoista yll\u00e4tt\u00e4v\u00e4t KEHAn.<\/p>\n<p class=\"aw-1gybjub aw-1p7kakr kEtdKx cEmitX yle__article__paragraph\">\u2013 Se on totta, ett\u00e4 varmasti valvontaan on syyt\u00e4 kiinnitt\u00e4\u00e4 huomiota, mik\u00e4li t\u00e4m\u00e4 ilmi\u00f6 on n\u00e4in laaja, mit\u00e4 te olette MOT:ssa havainneet, Westerlund sanoo.<\/p>\n<p class=\"aw-1gybjub aw-1p7kakr kEtdKx cEmitX yle__article__paragraph\"><strong class=\"aw-ak79eh KyCXm yle__article__strong\">Lis\u00e4\u00e4 aiheesta MOT-dokumentissa<\/strong> <strong class=\"aw-ak79eh KyCXm yle__article__strong\">Ty\u00f6nhaun suuri sumutus<\/strong> <strong class=\"aw-ak79eh KyCXm yle__article__strong\">Yle Areenassa:<\/strong><\/p>\n<p><img decoding=\"async\" alt=\"\" src=\"https:\/\/www.europesays.com\/fi\/wp-content\/uploads\/2025\/12\/39-1568039693aac3f6dc86.jpeg\" class=\"aw-1l9m598 hKVVvP\"\/><\/p>\n","protected":false},"excerpt":{"rendered":"Puolentoista vuoden ty\u00f6nhaku on tuottanut pettymyksi\u00e4, mutta Henri Rantala ei ole vaipunut synkkyyteen. H\u00e4nelle moni asia n\u00e4ytt\u00e4ytyy niin&hellip;\n","protected":false},"author":2,"featured_media":116695,"comment_status":"","ping_status":"","sticky":false,"template":"","format":"standard","meta":{"footnotes":""},"categories":[12],"tags":[21309,22,23,26,27,33,31,30,17,71,24,25,28,29,8354,15,18,21,8938,32,19,20,862,11489,5526,21307,21310,21308,16],"class_list":{"0":"post-116694","1":"post","2":"type-post","3":"status-publish","4":"format-standard","5":"has-post-thumbnail","7":"category-suomi","8":"tag-avoin-tyopaikka","9":"tag-breaking-news","10":"tag-breakingnews","11":"tag-featured-news","12":"tag-featurednews","13":"tag-fi","14":"tag-finland","15":"tag-finnish","16":"tag-headlines","17":"tag-kotimaa","18":"tag-latest-news","19":"tag-latestnews","20":"tag-main-news","21":"tag-mainnews","22":"tag-mot","23":"tag-news","24":"tag-otsikot","25":"tag-paauutiset","26":"tag-rekrytointi-ja-tyonhaku","27":"tag-suomi","28":"tag-top-stories","29":"tag-topstories","30":"tag-tyollisyys","31":"tag-tyonhakijat","32":"tag-tyonhaku","33":"tag-tyonvalitys","34":"tag-tyopaikkailmoitukset","35":"tag-tyovoiman-vuokraus","36":"tag-uutiset"},"share_on_mastodon":{"url":"https:\/\/pubeurope.com\/@fi\/115721900576320272","error":""},"_links":{"self":[{"href":"https:\/\/www.europesays.com\/fi\/wp-json\/wp\/v2\/posts\/116694","targetHints":{"allow":["GET"]}}],"collection":[{"href":"https:\/\/www.europesays.com\/fi\/wp-json\/wp\/v2\/posts"}],"about":[{"href":"https:\/\/www.europesays.com\/fi\/wp-json\/wp\/v2\/types\/post"}],"author":[{"embeddable":true,"href":"https:\/\/www.europesays.com\/fi\/wp-json\/wp\/v2\/users\/2"}],"replies":[{"embeddable":true,"href":"https:\/\/www.europesays.com\/fi\/wp-json\/wp\/v2\/comments?post=116694"}],"version-history":[{"count":0,"href":"https:\/\/www.europesays.com\/fi\/wp-json\/wp\/v2\/posts\/116694\/revisions"}],"wp:featuredmedia":[{"embeddable":true,"href":"https:\/\/www.europesays.com\/fi\/wp-json\/wp\/v2\/media\/116695"}],"wp:attachment":[{"href":"https:\/\/www.europesays.com\/fi\/wp-json\/wp\/v2\/media?parent=116694"}],"wp:term":[{"taxonomy":"category","embeddable":true,"href":"https:\/\/www.europesays.com\/fi\/wp-json\/wp\/v2\/categories?post=116694"},{"taxonomy":"post_tag","embeddable":true,"href":"https:\/\/www.europesays.com\/fi\/wp-json\/wp\/v2\/tags?post=116694"}],"curies":[{"name":"wp","href":"https:\/\/api.w.org\/{rel}","templated":true}]}}