{"id":116698,"date":"2025-12-15T05:32:09","date_gmt":"2025-12-15T05:32:09","guid":{"rendered":"https:\/\/www.europesays.com\/fi\/116698\/"},"modified":"2025-12-15T05:32:09","modified_gmt":"2025-12-15T05:32:09","slug":"virpi-katka-viettaa-joulua-yllattavassa-seurassa","status":"publish","type":"post","link":"https:\/\/www.europesays.com\/fi\/116698\/","title":{"rendered":"Virpi K\u00e4tk\u00e4 viett\u00e4\u00e4 joulua yll\u00e4tt\u00e4v\u00e4ss\u00e4 seurassa"},"content":{"rendered":"<p>            Timo Korhonen\n        <\/p>\n<p class=\"subtitle \">Virpi kertoo Seiskan haastattelussa my\u00f6s, mit\u00e4 h\u00e4n nyky\u00e4\u00e4n ajattelee riidoistaan Tauski Peltosen kanssa.<\/p>\n<p class=\"article-content article-content-width !bg-background\">Legendaarisen CatCat\u00a0-duon toinen osapuoli , 56, aloittaa kev\u00e4\u00e4ll\u00e4 teologian ja uskonnontutkimuksen maisteriopinnot. Vaikka papinvirka siint\u00e4\u00e4 tulevaisuudessa, my\u00f6nt\u00e4\u00e4 h\u00e4n tehneens\u00e4 el\u00e4m\u00e4ss\u00e4\u00e4n paljon virheit\u00e4.\u00a0<\/p>\n<p class=\"font-weight-bold m-font-weight-bold article-content article-content-width !bg-background\">Videolla Virpi kertoo teologian opinnoistaan:<\/p>\n<p class=\"article-content article-content-width !bg-background\">Virpi on oppinut monia l\u00e4ksyj\u00e4 kantap\u00e4\u00e4n kautta. Syntiens\u00e4 peittelyn sijaan h\u00e4n on p\u00e4\u00e4tt\u00e4nyt kertoa niist\u00e4 avoimesti, jotta muutkin voisivat hy\u00f6ty\u00e4 h\u00e4nen oppitunneistaan.<\/p>\n<p>                <img decoding=\"async\" src=\"https:\/\/www.europesays.com\/fi\/wp-content\/uploads\/2025\/12\/2012537.webp\" width=\"576\" height=\"720\" alt=\"'Jeesus ei tuominnut, joten min\u00e4k\u00e4\u00e4n en tuomitse' Virpi sanoo.\" loading=\"lazy\" \/>            <\/p>\n<p>\n            &#8221;Jeesus ei tuominnut, joten min\u00e4k\u00e4\u00e4n en tuomitse&#8221; Virpi sanoo.<br \/>\n            Timo Korhonen\n        <\/p>\n<p>Huoltajuusriita kaduttaa<\/p>\n<p class=\"article-content article-content-width !bg-background\">Erityisesti laulaja katuu tapaa, jolla aikoinaan k\u00e4sitteli eroaan . Ys\u00e4rit\u00e4hdet erosivat lopullisesti vuonna 2011.<\/p>\n<p>        <a itemprop=\"url\" href=\"https:\/\/www.seiska.fi\/kotimaa\/tauskin-ja-virpi-katkan-kohusuhde-paljastui-30-vuotta-sitten\/1502962\" rel=\"nofollow noopener\" target=\"_blank\"><\/p>\n<p class=\"section-date\">\n        <strong class=\"article-section\" data-section=\"kotimaa\"><br \/>\n            kotimaa<br \/>\n        <\/strong><br \/>\n        2.11.2024 12:00\n    <\/p>\n<p>Tauskin ja Virpi K\u00e4tk\u00e4n kohusuhde paljastui 30 vuotta sitten\n    <\/p>\n<p itemprop=\"description\" class=\"subtitle \">\n    Laulaja Tauskista kerrottiin ys\u00e4rin alussa viimeisen kerran, ettei h\u00e4n ole skandaaleista tuttu.\n<\/p>\n<p>        <\/a><\/p>\n<p class=\"article-content article-content-width !bg-background\">Riitaisat v\u00e4lit saatiin kuntoon vasta, kun parin tuolloin viel\u00e4 kouluik\u00e4inen\u00a0-tyt\u00e4r kysyi \u00e4idilt\u00e4\u00e4n itkuisena, eik\u00f6 koko perhe voisi tulla toimeen kesken\u00e4\u00e4n. Virpi tarttui puhelimeen silt\u00e4 istumalta ja soitti ex\u00e4lleen.<\/p>\n<p>                <img decoding=\"async\" src=\"https:\/\/www.europesays.com\/fi\/wp-content\/uploads\/2025\/12\/2012592.webp\" width=\"576\" height=\"720\" alt=\"Virpin mukaan asiat sujuvat huomattavasti helpommin, kun luottaa Jumalan ottavan ohjat.\" loading=\"lazy\" \/>            <\/p>\n<p>\n            Virpin mukaan asiat sujuvat huomattavasti helpommin, kun luottaa Jumalan ottavan ohjat.<br \/>\n            Timo Korhonen\n        <\/p>\n<p class=\"article-content article-content-width !bg-background\">\u2013 Tauskihan oli halunnut sopua kaikki ne vuodet, Virpi huokaa.<\/p>\n<p>Pojasta kasvoi kitarakomistus!<\/p>\n<p class=\"article-content article-content-width !bg-background\">Nyky\u00e4\u00e4n v\u00e4lit ovat kunnossa niin j\u00e4lkikasvun kuin ex-miehenkin kanssa.\u00a0<\/p>\n<p>        <a itemprop=\"url\" href=\"https:\/\/www.seiska.fi\/vain-seiskassa\/virpi-katka-tuskaili-20-vuotta-sitten-tauskin-kanssa-tallainen-tilanne-on-nyt\/1282099\" rel=\"nofollow noopener\" target=\"_blank\"><\/p>\n<p>\nVain Seiskassa!\n<\/p>\n<p class=\"section-date\">\n        <strong class=\"article-section\" data-section=\"vain seiskassa\"><br \/>\n            vain seiskassa<br \/>\n        <\/strong><br \/>\n        2.3.2024 09:00\n    <\/p>\n<p>Virpi K\u00e4tk\u00e4 tuskaili 20 vuotta sitten Tauskin kanssa \u2013 t\u00e4llainen tilanne on nyt\n    <\/p>\n<p itemprop=\"description\" class=\"subtitle \">\n    Pariskunta otti yhteen toistuvasti ja jopa yhteinen h\u00e4\u00e4matka oli vaakalaudalla.\n<\/p>\n<p>        <\/a><\/p>\n<p class=\"article-content article-content-width !bg-background\">18-vuotias Jane asuu \u00e4itins\u00e4 kanssa Helsingiss\u00e4, ja on opiskellut kauneusalaa. Pari vuotta vanhempi -poika taasen soittaa kitaraa lavalla CatCatin kanssa.<\/p>\n<p class=\"article-content article-content-width !bg-background\">\u2013 Ihmiset tulevat halailemaan h\u00e4nt\u00e4 keikkojen j\u00e4lkeen. Sanovat, ett\u00e4 h\u00e4n on niin kaunis poika, Virpi kertoo.\u00a0<\/p>\n<p>                <img decoding=\"async\" src=\"https:\/\/www.europesays.com\/fi\/wp-content\/uploads\/2025\/12\/2012546.webp\" width=\"576\" height=\"648\" alt=\"James on perinyt vanhempiensa musikaalisuuden.\" loading=\"lazy\" \/>            <\/p>\n<p>\n            James on perinyt vanhempiensa musikaalisuuden.<br \/>\n            Virpin kotialbumi\n        <\/p>\n<p class=\"article-content article-content-width !bg-background\">\u2013 K\u00e4vimme hiljattain yhdess\u00e4 risteilyll\u00e4 Jamesin toiveesta. Silloin kahdeksansivuinen essee lyheni kolmella, ett\u00e4 ehdin viett\u00e4\u00e4 aikaa poikani kanssa.<\/p>\n<p>        <a itemprop=\"url\" href=\"https:\/\/www.seiska.fi\/kotimaa\/talta-nayttaa-virpi-katkan-ja-tauskin-jane-tytar-todellinen-kaunotar\/1903145\" rel=\"nofollow noopener\" target=\"_blank\"><\/p>\n<p>\nTodellinen kaunotar!\n<\/p>\n<p class=\"section-date\">\n        <strong class=\"article-section\" data-section=\"kotimaa\"><br \/>\n            kotimaa<br \/>\n        <\/strong><br \/>\n        18.8. 17:59\n    <\/p>\n<p>T\u00e4lt\u00e4 n\u00e4ytt\u00e4\u00e4 Virpi K\u00e4tk\u00e4n ja Tauskin Jane-tyt\u00e4r &#8211; todellinen kaunotar!\n    <\/p>\n<p itemprop=\"description\" class=\"subtitle \">\n    Virpi K\u00e4tk\u00e4 julkaisi Janen syntym\u00e4p\u00e4iv\u00e4n kunniaksi kuvakollaasin.\n<\/p>\n<p>        <\/a><\/p>\n<p>Pikkupukit yll\u00e4tt\u00e4v\u00e4t<\/p>\n<p class=\"article-content article-content-width !bg-background\">Joulukirkko on muodostunut Virpille t\u00e4rke\u00e4ksi perinteeksi jo lapsuudessa. Nyky\u00e4\u00e4n h\u00e4n on sis\u00e4ist\u00e4nyt my\u00f6s sen hengellisen puolen. Messun j\u00e4lkeen perhe kokoontuu yhteisen aterian \u00e4\u00e4relle.<\/p>\n<p>                <img decoding=\"async\" src=\"https:\/\/www.europesays.com\/fi\/wp-content\/uploads\/2025\/12\/2012577.webp\" width=\"576\" height=\"720\" alt=\"Virpi kertoo kokeneensa Pyh\u00e4n hengen kosketuksen. Sen my\u00f6t\u00e4 joulukirkkokin on saanut uudenlaisen merkityksen.\" loading=\"lazy\" \/>            <\/p>\n<p>\n            Virpi kertoo kokeneensa Pyh\u00e4n hengen kosketuksen. Sen my\u00f6t\u00e4 joulukirkkokin on saanut uudenlaisen merkityksen.<br \/>\n            Timo Korhonen\n        <\/p>\n<p class=\"article-content article-content-width !bg-background\">\u2013 Meill\u00e4 on tapana kutsua joulunviettoon my\u00f6s tuttavia, jotka muuten viett\u00e4isiv\u00e4t pyh\u00e4t yksin, Virpi paljastaa.<\/p>\n<p>        <a itemprop=\"url\" href=\"https:\/\/www.seiska.fi\/kotimaa\/virpi-ja-katja-katka-olivat-nuoria-villeja-ja-vapaita-seiska-oli-30-vuotta-sitten-catcatin-kintereilla-viisuhuumassa\/1299600\" rel=\"nofollow noopener\" target=\"_blank\"><\/p>\n<p class=\"section-date\">\n        <strong class=\"article-section\" data-section=\"kotimaa\"><br \/>\n            kotimaa<br \/>\n        <\/strong><br \/>\n        11.5.2024 09:00\n    <\/p>\n<p>Virpi ja Katja K\u00e4tk\u00e4 olivat nuoria, villej\u00e4 ja vapaita \u2013 Seiska oli 30 vuotta sitten CatCatin kintereill\u00e4 viisuhuumassa\n    <\/p>\n<p itemprop=\"description\" class=\"subtitle \">\n    CatCat-duo edusti Suomea 30 vuotta sitten Dublinin Euroviisuissa ja s\u00e4pin\u00e4\u00e4 riitti niin kisapaikalla kuin kotimaan mediassa.\n<\/p>\n<p>        <\/a><\/p>\n<p class=\"article-content article-content-width !bg-background\">Vaikka Jeesus ja joulupukki mahtuvat Virpin mielest\u00e4 samaan p\u00f6yt\u00e4\u00e4n, ei j\u00e4lkimm\u00e4inen ole heill\u00e4 juuri vieraillut. Parrakkaan punanutun sijaan lahjojen jaosta vastaavat Janen marsut Timon ja Pumba\u00a0\u2013 tietenkin tontulakit p\u00e4\u00e4ss\u00e4\u00e4n.<\/p>\n<p class=\"article-content article-content-width !bg-background\">\u2013 Nyt kun kaikki ovat aikuisia, olemme p\u00e4\u00e4tt\u00e4neet, ett\u00e4 jokainen antaa vain yhden tarpeellisen lahjan. Vegaanina eettisyys on minulle t\u00e4ss\u00e4kin t\u00e4rke\u00e4\u00e4.<\/p>\n<p>                <img decoding=\"async\" src=\"https:\/\/www.europesays.com\/fi\/wp-content\/uploads\/2025\/12\/2012548.webp\" width=\"576\" height=\"360\" alt=\"Virpi viett\u00e4\u00e4 joulua isolla kokoonpanolla. Janen lemmikeill\u00e4 on kunniateht\u00e4v\u00e4.\" loading=\"lazy\" \/>            <\/p>\n<p>\n            Virpi viett\u00e4\u00e4 joulua isolla kokoonpanolla. Janen lemmikeill\u00e4 on kunniateht\u00e4v\u00e4.<br \/>\n            Virpin kotialbumi\n        <\/p>\n<p class=\"italic m-italic article-content article-content-width !bg-background\">Virpin kuvausvaatteet: Blooming Desert Shop. Hiukset ja meikki: Jane Peltonen.<\/p>\n","protected":false},"excerpt":{"rendered":"Timo Korhonen Virpi kertoo Seiskan haastattelussa my\u00f6s, mit\u00e4 h\u00e4n nyky\u00e4\u00e4n ajattelee riidoistaan Tauski Peltosen kanssa. Legendaarisen CatCat\u00a0-duon toinen&hellip;\n","protected":false},"author":2,"featured_media":116699,"comment_status":"","ping_status":"","sticky":false,"template":"","format":"standard","meta":{"footnotes":""},"categories":[136],"tags":[4488,407,137,33,31,30,21314,21313,408,21145,6465,9219,99,98,21312,32,4489,21311,109,4485],"class_list":{"0":"post-116698","1":"post","2":"type-post","3":"status-publish","4":"format-standard","5":"has-post-thumbnail","7":"category-julkkikset","8":"tag-catcat","9":"tag-celebrities","10":"tag-entertainment","11":"tag-fi","12":"tag-finland","13":"tag-finnish","14":"tag-james-peltonen","15":"tag-jane-peltonen","16":"tag-julkkikset","17":"tag-katja-katka","18":"tag-kirkko","19":"tag-kitaristi","20":"tag-lapset","21":"tag-perhe","22":"tag-perhejoulu","23":"tag-suomi","24":"tag-tauski-peltonen","25":"tag-teologian-opinnot","26":"tag-viihde","27":"tag-virpi-katka"},"share_on_mastodon":{"url":"https:\/\/pubeurope.com\/@fi\/115721951451387878","error":""},"_links":{"self":[{"href":"https:\/\/www.europesays.com\/fi\/wp-json\/wp\/v2\/posts\/116698","targetHints":{"allow":["GET"]}}],"collection":[{"href":"https:\/\/www.europesays.com\/fi\/wp-json\/wp\/v2\/posts"}],"about":[{"href":"https:\/\/www.europesays.com\/fi\/wp-json\/wp\/v2\/types\/post"}],"author":[{"embeddable":true,"href":"https:\/\/www.europesays.com\/fi\/wp-json\/wp\/v2\/users\/2"}],"replies":[{"embeddable":true,"href":"https:\/\/www.europesays.com\/fi\/wp-json\/wp\/v2\/comments?post=116698"}],"version-history":[{"count":0,"href":"https:\/\/www.europesays.com\/fi\/wp-json\/wp\/v2\/posts\/116698\/revisions"}],"wp:featuredmedia":[{"embeddable":true,"href":"https:\/\/www.europesays.com\/fi\/wp-json\/wp\/v2\/media\/116699"}],"wp:attachment":[{"href":"https:\/\/www.europesays.com\/fi\/wp-json\/wp\/v2\/media?parent=116698"}],"wp:term":[{"taxonomy":"category","embeddable":true,"href":"https:\/\/www.europesays.com\/fi\/wp-json\/wp\/v2\/categories?post=116698"},{"taxonomy":"post_tag","embeddable":true,"href":"https:\/\/www.europesays.com\/fi\/wp-json\/wp\/v2\/tags?post=116698"}],"curies":[{"name":"wp","href":"https:\/\/api.w.org\/{rel}","templated":true}]}}