{"id":116700,"date":"2025-12-15T05:39:07","date_gmt":"2025-12-15T05:39:07","guid":{"rendered":"https:\/\/www.europesays.com\/fi\/116700\/"},"modified":"2025-12-15T05:39:07","modified_gmt":"2025-12-15T05:39:07","slug":"axelina-johansson-lensi-800-kilometria-antaakseen-dopingtestin","status":"publish","type":"post","link":"https:\/\/www.europesays.com\/fi\/116700\/","title":{"rendered":"Axelina Johansson lensi 800 kilometri\u00e4 antaakseen dopingtestin"},"content":{"rendered":"<p><strong class=\"typography-bold\">Axelina Johansson ty\u00f6nsi kuulaa pitk\u00e4lle ja lensi sen j\u00e4lkeen 800 kilometri\u00e4 \u2013 virtsatakseen.<\/strong><\/p>\n<p>Ruotsalainen kuulanty\u00f6nt\u00e4j\u00e4 Axelina Johansson, 25, osallistui perjantaina Husker Holiday Open -hallikilpailuun. Se k\u00e4ytiin Yhdysvaltain Lincolnissa, jossa Johansson opiskelee Nebraskan yliopistossa.<\/p>\n<p>Kuula lensi. Per\u00e4ti viisi Johanssonin ty\u00f6nn\u00f6ist\u00e4 ylitti h\u00e4nen vanhan hallienn\u00e4tyksens\u00e4 19,31. Ulkoradoilla parhaimmillaan 19,54 ty\u00f6nt\u00e4nyt nainen otti haltuunsa Ruotsin enn\u00e4tyksen lukemin 19,72. Se on kuusi sentti\u00e4 <strong class=\"typography-bold\">Fanny Roosin<\/strong> vanhaa ulkoradoilla ty\u00f6nt\u00e4m\u00e4\u00e4 Ruotsin rekordia enemm\u00e4n.<\/p>\n<p>Enn\u00e4tyksen itselleen saadakseen Johanssonin oli tosin ensin teht\u00e4v\u00e4 dopingtesti. Se ei k\u00e4ynyt noin vain.<\/p>\n<p>Pikkukilpailussa ei ollut testaajia paikalla, joten Johanssonilla oli ongelma ratkaistavana.\u00a0<\/p>\n<p>H\u00e4n p\u00e4\u00e4tti lent\u00e4\u00e4 Denveriin, noin 800 kilometrin ja kahden tunnin matkan.<\/p>\n<p>\u2013 Olen saanut t\u00e4st\u00e4 paljon kysymyksi\u00e4. Lincolnissa ei ollut ket\u00e4\u00e4n, joka olisi voinut testata minua. Joten lensin kirjaimellisesti Denveriin pissalle. Nyt menen kotiin, s\u00e4nkyyn ja nukkumaan, h\u00e4n sanoi Instagram-videolla <a class=\"underline\" data-testid=\"external-link\" href=\"https:\/\/www.expressen.se\/sport\/friidrott\/axelina-johansson-reste-78-mil-for-ett-toabesok\/\" rel=\"noopener noreferrer nofollow\" target=\"_blank\" data-sentry-component=\"ExternalLink\" data-sentry-source-file=\"ExternalLink.tsx\">Expressenin mukaan<\/a>.<\/p>\n<p>&#8221;Kuin olisin uusi ihminen&#8221;<\/p>\n<p>Ruotsin urheiluliiton tiedotteessa Johansson kertoi tiet\u00e4neens\u00e4 pystyv\u00e4ns\u00e4 ty\u00f6nt\u00e4m\u00e4\u00e4n pitk\u00e4lle, mutta 19,72:ta h\u00e4n ei odottanut.\u00a0<\/p>\n","protected":false},"excerpt":{"rendered":"Axelina Johansson ty\u00f6nsi kuulaa pitk\u00e4lle ja lensi sen j\u00e4lkeen 800 kilometri\u00e4 \u2013 virtsatakseen. Ruotsalainen kuulanty\u00f6nt\u00e4j\u00e4 Axelina Johansson, 25,&hellip;\n","protected":false},"author":2,"featured_media":116701,"comment_status":"","ping_status":"","sticky":false,"template":"","format":"standard","meta":{"footnotes":""},"categories":[158],"tags":[33,31,30,159,32,160],"class_list":{"0":"post-116700","1":"post","2":"type-post","3":"status-publish","4":"format-standard","5":"has-post-thumbnail","7":"category-urheilu","8":"tag-fi","9":"tag-finland","10":"tag-finnish","11":"tag-sports","12":"tag-suomi","13":"tag-urheilu"},"share_on_mastodon":{"url":"https:\/\/pubeurope.com\/@fi\/115721978981356936","error":""},"_links":{"self":[{"href":"https:\/\/www.europesays.com\/fi\/wp-json\/wp\/v2\/posts\/116700","targetHints":{"allow":["GET"]}}],"collection":[{"href":"https:\/\/www.europesays.com\/fi\/wp-json\/wp\/v2\/posts"}],"about":[{"href":"https:\/\/www.europesays.com\/fi\/wp-json\/wp\/v2\/types\/post"}],"author":[{"embeddable":true,"href":"https:\/\/www.europesays.com\/fi\/wp-json\/wp\/v2\/users\/2"}],"replies":[{"embeddable":true,"href":"https:\/\/www.europesays.com\/fi\/wp-json\/wp\/v2\/comments?post=116700"}],"version-history":[{"count":0,"href":"https:\/\/www.europesays.com\/fi\/wp-json\/wp\/v2\/posts\/116700\/revisions"}],"wp:featuredmedia":[{"embeddable":true,"href":"https:\/\/www.europesays.com\/fi\/wp-json\/wp\/v2\/media\/116701"}],"wp:attachment":[{"href":"https:\/\/www.europesays.com\/fi\/wp-json\/wp\/v2\/media?parent=116700"}],"wp:term":[{"taxonomy":"category","embeddable":true,"href":"https:\/\/www.europesays.com\/fi\/wp-json\/wp\/v2\/categories?post=116700"},{"taxonomy":"post_tag","embeddable":true,"href":"https:\/\/www.europesays.com\/fi\/wp-json\/wp\/v2\/tags?post=116700"}],"curies":[{"name":"wp","href":"https:\/\/api.w.org\/{rel}","templated":true}]}}