{"id":116710,"date":"2025-12-15T05:45:10","date_gmt":"2025-12-15T05:45:10","guid":{"rendered":"https:\/\/www.europesays.com\/fi\/116710\/"},"modified":"2025-12-15T05:45:10","modified_gmt":"2025-12-15T05:45:10","slug":"veljekset-samuel-30-ja-daniel-29-pistavat-pystyyn-taysin-uudenlaista-kauppaketjua-tama-suomesta-puuttuu-paikalliset","status":"publish","type":"post","link":"https:\/\/www.europesays.com\/fi\/116710\/","title":{"rendered":"Veljekset Samuel, 30, ja Daniel, 29, pist\u00e4v\u00e4t pystyyn t\u00e4ysin uudenlaista kauppaketjua \u2013 &#8221;T\u00e4m\u00e4 Suomesta puuttuu&#8221; | Paikalliset"},"content":{"rendered":"<p>Kasarmitorin laidalla olevan liiketilan isot ikkunat ovat viel\u00e4 peitettyin\u00e4.<\/p>\n<p>Sit\u00e4, mit\u00e4 muovien takana tapahtuu, on voinut seurata parin kuukauden ajan esimerkiksi Instagramissa.<\/p>\n<p>Keskelle Helsinki\u00e4 on avautumassa vuoden alussa uudenlainen myym\u00e4l\u00e4 nimelt\u00e4 Argimarket.<\/p>\n<p>Sen on tarkoitus olla jatkossa markettiketju.<\/p>\n<p><strong class=\"diks-storyline__impact\">\u2013 <\/strong>Ajatus syntyi 7-Elevenin myym\u00e4l\u00e4ss\u00e4 Tukholmassa viime kev\u00e4\u00e4n\u00e4. Sellainen toimija Suomesta puuttuu, kertoo <strong>Samuel Argillander<\/strong>, 30.<\/p>\n<p>7-Eleven on maailmanlaajuinen elintarvikekauppaketju, jossa myyd\u00e4\u00e4n pitk\u00e4lti ruokatuotteita, jotka ovat valmiita sy\u00f6t\u00e4viksi heti.<\/p>\n<p>Yritt\u00e4j\u00e4t kuvailevat Argimarketin sijoittuvan luonteeltaan Alepan ja K-Marketin sek\u00e4 kioskejaan v\u00e4hent\u00e4neen R-kioskin v\u00e4liin.<\/p>\n<p>\u2013\u2009Tarkoitus on tarjota laadukasta ruokaa ja juomaa nopeasti, heti k\u00e4ytett\u00e4v\u00e4ksi, <strong>Daniel Argillander<\/strong>, 29, ja selvent\u00e4\u00e4:<\/p>\n<p>\u2013 Litran maitopurkkeja tai raakaa jauhelihaa t\u00e4\u00e4ll\u00e4 ei myyd\u00e4.<\/p>\n<p><strong class=\"diks-storyline__impact\">Yritt\u00e4j\u00e4veljekset<\/strong> lupailevat laadukkaampia valmisaterioita, kuin mit\u00e4 ruokakauppojen hyllyist\u00e4 l\u00f6ytyy.<\/p>\n<p>He uskovat liikkeen palvelevan etenkin toimistoty\u00f6ntekij\u00f6it\u00e4, turisteja ja l\u00e4hialueella asuvia nuoria aikuisia.<\/p>\n<p>\u2013 T\u00e4st\u00e4 voi napata ruoan t\u00f6ihin, kotiin tai piknikille menness\u00e4. Kaikki nuoret aikuiset eiv\u00e4t jaksa laittaa kotona ruokaa, Daniel sanoo.<\/p>\n<p><strong class=\"diks-storyline__impact\">Valmisaterioiden<\/strong> ohella myym\u00e4l\u00e4ss\u00e4 on paistopiste, jossa myyd\u00e4\u00e4n takahuoneessa kypsennettyj\u00e4 leipomotuotteita.<\/p>\n<p>Lis\u00e4ksi tarjolla on juomia, j\u00e4\u00e4tel\u00f6it\u00e4 ja makeisia. Alkoholi- ja tupakkatuotteiden myyntiluvat on my\u00f6s hankittu.<\/p>\n<p>Hinnat on tarkoitus pit\u00e4\u00e4 maltillisina.<\/p>\n<p>\u2013 Keskustan K-marketien tasolla, Samuel linjaa.<\/p>\n<p><strong class=\"diks-storyline__impact\">Laadukkaista<\/strong> aterioista esimerkkin\u00e4 yritt\u00e4j\u00e4t mainitsevat l\u00e4heisen Pompier-ravintolan valmiit salaattiannokset, joita Argimarket alkaa myym\u00e4\u00e4n.<\/p>\n<p>\u2013 He ottivat itse meihin yhteytt\u00e4 kuultuaan avauksestamme. Heill\u00e4 on usein t\u00e4ytt\u00e4 kiireisimp\u00e4\u00e4n lounasaikaan, ja n\u00e4in he voivat tarjota tuotettaan meid\u00e4n kauttamme.<\/p>\n<p>Yritt\u00e4j\u00e4t uskovat keskustasta l\u00f6ytyv\u00e4n muitakin ravintoloita, joille heid\u00e4n kivijalkakauppansa voisi toimia myyntialustana.<\/p>\n<p><strong class=\"diks-storyline__impact\">Yhteisty\u00f6h\u00f6n<\/strong> liittyvi\u00e4 yhteydenottoja ja jopa vastikkeettomia avuntarjouksia on tullut useita, kun Argimarketin yritt\u00e4j\u00e4t ovat tehneet sis\u00e4lt\u00f6\u00e4 kaupan pystyynpanosta Instagram- ja Tiktok-kanaviin.<\/p>\n<p>Yritt\u00e4j\u00e4t ovat kertoneet sosiaalisessa mediassa avoimesti jopa hullun rohkeasta ideastaan perustaa uusi markettiketju j\u00e4ttien hallitsemalle kaupanalalle ja S-market Kasarmitorin naapuriin.<\/p>\n<p>\u2013\u2009J\u00e4tet\u00e4\u00e4n duunit ja perustetaan Suomeen uusi express-kauppaketju, oli Argimarketin ensimm\u00e4inen postaus.<\/p>\n<p><strong class=\"diks-storyline__impact\">Myym\u00e4l\u00e4n<\/strong> perustamisesta somettaminen ei ollut alun perin suunnitelmissa.<\/p>\n<p>\u2013\u2009Ajateltiin, ett\u00e4 avataan some-tilit vasta sitten, kun kauppa on valmis. Someamme hoitava oli kuitenkin sit\u00e4 mielt\u00e4, ett\u00e4 ihmisi\u00e4 kiinnostaa juuri keskener\u00e4isyys.<\/p>\n<p>H\u00e4n oli oikeassa. Instagramiin on ilmaantunut parissa kuukaudessa yli 7\u2009000 seuraajaa. Parhaimmillaan klipeill\u00e4 on ollut liki 100\u2009000 katsojaa.<\/p>\n<p>Yritt\u00e4j\u00e4t ovat jakaneet videoita muun muassa siit\u00e4, mit\u00e4 lupia elintarvikeliikkeen perustamiseen tarvitaan ja millaista v\u00e4lineist\u00f6\u00e4 takahuoneen keitti\u00f6\u00f6n on hankittu ja mit\u00e4 kuluja kaupan perustamiseen kuuluu. T\u00e4m\u00e4n hetken arvio perustamisen kokonaiskuluista on noin 100\u2009000 euroa.<\/p>\n<p>\t\t<a class=\"diks-gallery__link\" href=\"https:\/\/i.media.fi\/incoming\/3j36f0\/11194751.jpg\/alternates\/FREE_1440\/11194751.jpg\" data-thumbnail=\"\" data-sub-html=\"Noin 90 nelion liiketila alkaa jo muistuttaa myym\u00e4l\u00e4\u00e4. Marjo J. R\u00e4m\u00f6\" aria-label=\"Katso isompi kuva\" rel=\"nofollow noopener\" target=\"_blank\"><br \/>\n\t\t\t\t<img class=\"diks-figure__image\" src=\"https:\/\/www.europesays.com\/fi\/wp-content\/uploads\/2025\/12\/11194751.jpg\" loading=\"lazy\" decoding=\"sync\" alt=\"\"\/><\/p>\n<p>\t\t\t<\/a><br \/>\n\t\t\t\t\tNoin 90 nelion liiketila alkaa jo muistuttaa myym\u00e4l\u00e4\u00e4. Marjo J. R\u00e4m\u00f6<\/p>\n<p><strong class=\"diks-storyline__impact\">Eik\u00f6 <\/strong>kaupan perustamisen alkutaipaleen julkisessa raportoinnissa ja uudenlaisesta myym\u00e4l\u00e4verkostosta unelmoinnissa ole riskins\u00e4? Ent\u00e4 jos homma kosahtaa?<\/p>\n<p>\u2013\u2009Jos ei toimi, niin sitten ei toimi. Ei sit\u00e4 pit\u00e4isi h\u00e4vet\u00e4, Samuel vastaa.<\/p>\n<p><strong class=\"diks-storyline__impact\">Sosiaalisen<\/strong> median kautta yritt\u00e4j\u00e4t ovat saaneet lukuisia kysymyksi\u00e4 liikkeen nimest\u00e4.<\/p>\n<p>Argimarket tuo mieleen Agrimarketin, joka oli vuoteen 2015 toiminut maanlaajuinen kauppaketju, joka oli erikoistunut maatalous-, kone-, rauta- ja puutarhakauppaan \u2013 siis kaikkeen muuhun kuin city-ihmisen tarvitsemaan express-myym\u00e4l\u00e4\u00e4n.<\/p>\n<p>Argillanderin veljekset kertovat saaneensa omissa kaveriporukoissaan saman lempinimen: Argi.<\/p>\n<p>\u2013 Se vain oli eka nimi, joka tuli mieleen, veljekset toteavat marketin nimest\u00e4.<\/p>\n<p>&#8221;Argi&#8221; viittaa samalla my\u00f6s &#8221;arkeen&#8221;, ja sit\u00e4 saatetaan k\u00e4ytt\u00e4\u00e4 erilaisessa markkinoinnissa.<\/p>\n<p><strong class=\"diks-storyline__impact\">Veljekset<\/strong> ovat kotoisin Nummelasta, vaikka nykyisin Samuel asuu Katajanokalla ja Daniel Espoossa.<\/p>\n<p>Samuelilla on kokemusta j\u00e4\u00e4kiekon pelaamisesta ja myyntit\u00f6ist\u00e4 sek\u00e4 yritt\u00e4jyydest\u00e4.<\/p>\n<p>Daniel taas on toiminut talotekniikan ja automaatioteknologian aloilla.<\/p>\n<p>H\u00e4n sanoo ottaneensa ison riskin j\u00e4tt\u00e4ess\u00e4\u00e4n mieluisan palkkaty\u00f6n ja ryhtyess\u00e4\u00e4n yritt\u00e4j\u00e4ksi.<\/p>\n<p><strong class=\"diks-storyline__impact\">Yhteist\u00e4<\/strong> bisnesideaa he ovat pohtineet jo pidemm\u00e4n aikaa.<\/p>\n<p>Miksi yrityst\u00e4 haluaa l\u00e4hte\u00e4 rakentamaan juuri veljen kanssa?<\/p>\n<p>\u2013 Veljelle pystyy sanomaan suoraan, Daniel sanoo.<\/p>\n<p>\u2013\u2009On helpompi riidell\u00e4 ilman, ett\u00e4 toinen ottaa siit\u00e4 nokkiinsa, Samuel lis\u00e4\u00e4.<\/p>\n<p>Luottamus on my\u00f6s isossa roolissa.<\/p>\n<p>\u2013 Ei sit\u00e4 kehenk\u00e4\u00e4n toiseen luota niin kuin veljeens\u00e4, Samuel sanoo.<\/p>\n<p>Argimarket (Fabianinkatu 4) aukeaa lauantaina 3. tammikuuta. Myym\u00e4l\u00e4 on avoinna joka p\u00e4iv\u00e4 arkisin aamuseitsem\u00e4st\u00e4 iltayhdeks\u00e4\u00e4n. Viikonloppuisin myym\u00e4l\u00e4 avataan kello 9.<\/p>\n","protected":false},"excerpt":{"rendered":"Kasarmitorin laidalla olevan liiketilan isot ikkunat ovat viel\u00e4 peitettyin\u00e4. Sit\u00e4, mit\u00e4 muovien takana tapahtuu, on voinut seurata parin&hellip;\n","protected":false},"author":2,"featured_media":116711,"comment_status":"","ping_status":"","sticky":false,"template":"","format":"standard","meta":{"footnotes":""},"categories":[12],"tags":[22,23,2199,26,27,33,31,30,17,24,25,28,29,15,18,21,32,19,20,16,2200],"class_list":{"0":"post-116710","1":"post","2":"type-post","3":"status-publish","4":"format-standard","5":"has-post-thumbnail","7":"category-suomi","8":"tag-breaking-news","9":"tag-breakingnews","10":"tag-elintarvikekauppa-ja-supermarketit","11":"tag-featured-news","12":"tag-featurednews","13":"tag-fi","14":"tag-finland","15":"tag-finnish","16":"tag-headlines","17":"tag-latest-news","18":"tag-latestnews","19":"tag-main-news","20":"tag-mainnews","21":"tag-news","22":"tag-otsikot","23":"tag-paauutiset","24":"tag-suomi","25":"tag-top-stories","26":"tag-topstories","27":"tag-uutiset","28":"tag-vahittaiskauppa-pl-moottoriajoneuvot-kotitaloustavaroiden-korjaus"},"share_on_mastodon":{"url":"https:\/\/pubeurope.com\/@fi\/115722002473403218","error":""},"_links":{"self":[{"href":"https:\/\/www.europesays.com\/fi\/wp-json\/wp\/v2\/posts\/116710","targetHints":{"allow":["GET"]}}],"collection":[{"href":"https:\/\/www.europesays.com\/fi\/wp-json\/wp\/v2\/posts"}],"about":[{"href":"https:\/\/www.europesays.com\/fi\/wp-json\/wp\/v2\/types\/post"}],"author":[{"embeddable":true,"href":"https:\/\/www.europesays.com\/fi\/wp-json\/wp\/v2\/users\/2"}],"replies":[{"embeddable":true,"href":"https:\/\/www.europesays.com\/fi\/wp-json\/wp\/v2\/comments?post=116710"}],"version-history":[{"count":0,"href":"https:\/\/www.europesays.com\/fi\/wp-json\/wp\/v2\/posts\/116710\/revisions"}],"wp:featuredmedia":[{"embeddable":true,"href":"https:\/\/www.europesays.com\/fi\/wp-json\/wp\/v2\/media\/116711"}],"wp:attachment":[{"href":"https:\/\/www.europesays.com\/fi\/wp-json\/wp\/v2\/media?parent=116710"}],"wp:term":[{"taxonomy":"category","embeddable":true,"href":"https:\/\/www.europesays.com\/fi\/wp-json\/wp\/v2\/categories?post=116710"},{"taxonomy":"post_tag","embeddable":true,"href":"https:\/\/www.europesays.com\/fi\/wp-json\/wp\/v2\/tags?post=116710"}],"curies":[{"name":"wp","href":"https:\/\/api.w.org\/{rel}","templated":true}]}}