{"id":116712,"date":"2025-12-15T05:46:11","date_gmt":"2025-12-15T05:46:11","guid":{"rendered":"https:\/\/www.europesays.com\/fi\/116712\/"},"modified":"2025-12-15T05:46:11","modified_gmt":"2025-12-15T05:46:11","slug":"osalle-suomalaisista-uusi-maksu-mennaan-liian-pitkalle","status":"publish","type":"post","link":"https:\/\/www.europesays.com\/fi\/116712\/","title":{"rendered":"Osalle suomalaisista uusi maksu? \u201dMenn\u00e4\u00e4n liian pitk\u00e4lle\u201d"},"content":{"rendered":"<p>THL:n tuore selvitys varallisuuden huomioimisesta ymp\u00e4rivuorokautisen palveluasumisen maksuissa her\u00e4tt\u00e4\u00e4 kritiikki\u00e4. 89-vuotias Marjatta kritisoi ehdotusta ep\u00e4reiluksi ahkerasti ty\u00f6skennelleille ja s\u00e4\u00e4st\u00e4neille ihmisille.<\/p>\n<p><img decoding=\"async\" class=\"image image-show image-preview\" src=\"https:\/\/www.europesays.com\/fi\/wp-content\/uploads\/2025\/12\/996c5c413885ed20bffaf889aa65cdbab0e2a32bbed66fbd6239fb86129e0b54.jpg\" alt=\"\"\/><img decoding=\"async\" class=\"image image-show\" src=\"https:\/\/www.europesays.com\/fi\/wp-content\/uploads\/2025\/12\/1765777571_37_996c5c413885ed20bffaf889aa65cdbab0e2a32bbed66fbd6239fb86129e0b54.jpg\" alt=\"\"\/><\/p>\n<p>Marjatta haluaa k\u00e4ytt\u00e4\u00e4 s\u00e4\u00e4st\u00f6ns\u00e4 perheens\u00e4 hyv\u00e4ksi, eik\u00e4 maksaakseen muiden palveluasumista. Kuvituskuva. Levi Veps\u00e4<\/p>\n<ul>\n<li>Varallisuuden huomioiminen vanhusten palveluasumisen maksuissa her\u00e4tt\u00e4\u00e4 keskustelua.<\/li>\n<li>89-vuotias Marjatta pit\u00e4\u00e4 ehdotusta ep\u00e4reiluna ahkerasti ty\u00f6skennelleille ja s\u00e4\u00e4st\u00e4neille ihmisille.<\/li>\n<li>Marjatta pelk\u00e4\u00e4, ett\u00e4 varallisuuden huomioiminen hoivamaksuissa v\u00e4hent\u00e4\u00e4 ihmisten s\u00e4\u00e4st\u00e4mishalua tulevaisuudessa.<\/li>\n<\/ul>\n<p class=\"paragraph\">Vanhusten hoivan rahoituksesta k\u00e4yd\u00e4\u00e4n poikkeuksellisen tiukkaa keskustelua.<\/p>\n<p class=\"paragraph\">Viime kes\u00e4n\u00e4 Varman toimitusjohtaja <strong>Risto Murto<\/strong> kehotti j\u00e4lkikasvua kantamaan suurempaa vastuuta i\u00e4kk\u00e4iden vanhempiensa hyvinvoinnista. Finanssialan toimitusjohtaja <strong>Arno Ahosniemi<\/strong> puolestaan kysyi, onko j\u00e4rkev\u00e4\u00e4, ett\u00e4 \u201dsuomalainen on rikkaimmillaan vasta kuolinp\u00e4iv\u00e4ns\u00e4 aamuna\u201d.<\/p>\n<p class=\"paragraph\">Keskustelu sai lis\u00e4\u00e4 kierroksia <a href=\"https:\/\/www.iltalehti.fi\/politiikka\/1af0d624-a8b2-43e3-8076-925a040f327a\" rel=\"nofollow noopener\" target=\"_blank\">THL:n tuoreesta selvityksest\u00e4<\/a>, jossa arvioitiin, mit\u00e4 tapahtuisi, jos vanhusten palveluasumisen maksuissa huomioitaisiin tulojen lis\u00e4ksi my\u00f6s asiakkaiden varallisuus.<\/p>\n<p class=\"paragraph\"><strong>Marjatta<\/strong>, 89, tiet\u00e4\u00e4, ett\u00e4 h\u00e4n voi joutua hoitokotiin tulevaisuudessa. H\u00e4n kertoo Iltalehdelle, miksi yksityisen varallisuuden hy\u00f6dynt\u00e4minen hoivamaksuissa tuntuu h\u00e4nen mielest\u00e4\u00e4n kohtuuttomalta.<\/p>\n<p class=\"paragraph\">Marjatta esiintyy jutussa pelk\u00e4ll\u00e4 etunimell\u00e4\u00e4n, koska h\u00e4n kertoo haastattelussa varallisuudestaan ja terveydest\u00e4\u00e4n. H\u00e4nen henkil\u00f6llisyytens\u00e4 on toimituksen tiedossa.<\/p>\n<p>\u201dJoku raja pit\u00e4\u00e4 olla\u201d<\/p>\n<p class=\"paragraph\">\u2013 On mielest\u00e4ni suuri vahinko, jos tuommoisia ehdotuksia pannaan l\u00e4pi. Eih\u00e4n kukaan rupea en\u00e4\u00e4 s\u00e4\u00e4st\u00e4m\u00e4\u00e4n samalla tavalla, Marjatta sanoo.<\/p>\n<p class=\"paragraph\">\u2013 Menn\u00e4\u00e4n liian pitk\u00e4lle, jos menn\u00e4\u00e4n ihmisten kukkaroille.<\/p>\n<p class=\"paragraph\">Marjatta sanoo suoraan, ett\u00e4 h\u00e4nen mielest\u00e4\u00e4n varallisuuden hy\u00f6dynt\u00e4minen voi johtaa pahimmillaan siihen, etteiv\u00e4t ihmiset uskalla kerrytt\u00e4\u00e4 varallisuuttaan, koska s\u00e4\u00e4st\u00f6t menisiv\u00e4t palveluasumisen maksuihin.<\/p>\n<p class=\"paragraph\">\u2013 Kyll\u00e4 nyt joku raja pit\u00e4\u00e4 olla, ett\u00e4 ihmisill\u00e4 s\u00e4ilyy t\u00e4mm\u00f6inen el\u00e4misen ja ahkeroimisen mentaliteetti, Marjatta sanoo.<\/p>\n<p class=\"paragraph\">Marjatta on el\u00e4nyt s\u00e4\u00e4steli\u00e4\u00e4sti. Leskeksi j\u00e4\u00e4neell\u00e4 Marjatalla on hyv\u00e4 el\u00e4ke, omistusasunto ja s\u00e4\u00e4st\u00f6j\u00e4 vuosien ty\u00f6st\u00e4.<\/p>\n<p class=\"paragraph\">Marjatan mukaan mik\u00e4\u00e4n ei ole kuitenkaan tullut ilmaiseksi.<\/p>\n<p class=\"paragraph\">Ensi vuonna 90 vuotta t\u00e4ytt\u00e4v\u00e4 Marjatta on karjalaisevakko. H\u00e4n kertoo tehneens\u00e4 aikoinaan jopa nelj\u00e4\u00e4 eri ty\u00f6t\u00e4 samanaikaisesti. Y\u00f6t Marjatta oli t\u00f6iss\u00e4 lehtien postituksen parissa. Toisinaan h\u00e4n k\u00e4vi kotonaan nukkumassa, mutta jatkoi y\u00f6vuoronsa j\u00e4lkeen tekem\u00e4\u00e4n viel\u00e4 vuoron l\u00e4hist\u00f6ll\u00e4 olevaan lounaskahvilaan. Toisinaan Marjatta teki p\u00e4ivisin my\u00f6s ty\u00f6vuoroja edustuslounaiden em\u00e4nn\u00f6ij\u00e4n\u00e4. Vapaap\u00e4ivin\u00e4\u00e4n h\u00e4n teki ty\u00f6t\u00e4 leivonnaisten myynnin parissa.<\/p>\n<p class=\"paragraph\">\u2013 En osaa k\u00e4det syliss\u00e4 istua viel\u00e4k\u00e4\u00e4n, vaikka olen jo n\u00e4in vanha, Marjatta naurahtaa.<\/p>\n<p class=\"paragraph\">Marjatta kertoo olleensa tarkka my\u00f6s siit\u00e4, ett\u00e4 h\u00e4n maksoi veronsa s\u00e4ntillisesti.<\/p>\n<p class=\"paragraph\">\u2013 Kuljin joka paikkaan verokirjan kanssa, silloin kun sellaisia paperisia viel\u00e4 oli.<\/p>\n<p class=\"paragraph\">Marjatan mukaan nyt h\u00e4nen el\u00e4kkeens\u00e4 ja kertynyt varallisuutensa ovat sen verran korkeat, ett\u00e4 jos varallisuus huomioitaisiin palveluasumisessa, h\u00e4n joutuisi maksamaan hoivastaan todenn\u00e4k\u00f6isesti enemm\u00e4n.<\/p>\n<p class=\"paragraph\">Marjatta kertoo, ett\u00e4 haluaisi k\u00e4ytt\u00e4\u00e4 s\u00e4\u00e4st\u00f6j\u00e4\u00e4n lastensa ja lapsenlapsensa hyv\u00e4ksi ja kokee t\u00e4rke\u00e4ksi, ett\u00e4 rahoilla voitaisiin \u201dhelpottaa nuorempien sukupolvien arkea\u201d. Se ei kuitenkaan ole helppoa, koska laki rajoittaa sit\u00e4, kuinka paljon rahaa perheenj\u00e4senilleen voi lahjoittaa.<\/p>\n<p class=\"paragraph\">\u2013 Ja jos viel\u00e4 sitten j\u00e4\u00e4 lapsille jotain s\u00e4\u00e4st\u00f6j\u00e4, niin he maksavat taas perint\u00f6veroa, ja se menee niin polvelta toiselle.<\/p>\n<p>Min\u00e4 p\u00e4iv\u00e4n\u00e4 hyv\u00e4ns\u00e4<\/p>\n<p class=\"paragraph\">Marjatan mukaan ei tunnu reilulta, ett\u00e4 h\u00e4nen ahkeroimisensa avulla maksettaisiin my\u00f6s sellaisten henkil\u00f6iden hoitoa, jotka eiv\u00e4t ole \u201dmaksaneet veroja tai tehneet t\u00f6it\u00e4\u201d.<\/p>\n<p class=\"paragraph\">Marjatta sanoo ymm\u00e4rt\u00e4v\u00e4ns\u00e4, ett\u00e4 tilanne on \u201dmahdoton\u201d vanhusten hoitoon menevien yhteiskunnan varojen suhteen, mutta ei kannata sit\u00e4, ett\u00e4 varat otetaan yksityisilt\u00e4 ihmisilt\u00e4. Marjatta kuvailee oman s\u00e4\u00e4st\u00e4misens\u00e4 tuntuvan t\u00e4ysin turhalta, jos h\u00e4nen varansa menev\u00e4t yhteisesti palveluasumisen maksuihin.<\/p>\n<p class=\"paragraph\">\u2013 Ett\u00e4 me kaikista ahkerimmat ja s\u00e4ntillisesti el\u00e4neet maksetaan niiden el\u00e4minen, jotka eiv\u00e4t ole tehneet t\u00e4llaisia t\u00f6it\u00e4. On se v\u00e4h\u00e4n liikaa annettu.<\/p>\n<p class=\"paragraph\">\u2013 Katsoisin, ett\u00e4 joka ainoasta palkasta ja ty\u00f6st\u00e4 on maksettu jo vero, Marjatta sanoo.<\/p>\n<p>Kuvituskuva Attendon hoitokoti Harmoniasta Lauttasaaressa. OUTI J\u00c4RVINEN<\/p>\n<p class=\"paragraph\">Marjatta asuu viel\u00e4 toistaiseksi yksin kotonaan, mutta kertoo tiet\u00e4v\u00e4ns\u00e4, ett\u00e4 mahdollinen hoivakotiin siirtyminen tulee h\u00e4nen ik\u00e4ns\u00e4 ja kuntonsa puolesta jatkuvasti ajankohtaisemmaksi.<\/p>\n<p class=\"paragraph\">Marjatta asuu viel\u00e4 yksin kotonaan, mutta tiet\u00e4\u00e4, ett\u00e4 mahdollinen hoivakotiin siirtyminen tulee h\u00e4nen ik\u00e4ns\u00e4 ja kuntonsa puolesta jatkuvasti ajankohtaisemmaksi.<\/p>\n<p class=\"paragraph\">\u2013 En ole pyrkinyt viel\u00e4 mihink\u00e4\u00e4n kotoa pois, kun kykenen tulemaan toimeen ja olen p\u00e4rj\u00e4nnyt omin voimin.<\/p>\n<p class=\"paragraph\">Marjatalla on kuitenkin kuulovamma, joka vaikuttaa my\u00f6s h\u00e4nen tasapainoaistiinsa. Se on toisinaan vaikeuttanut h\u00e4nen omillaan p\u00e4rj\u00e4\u00e4mist\u00e4\u00e4n.<\/p>\n<p class=\"paragraph\">\u2013 Se on sellaista, ett\u00e4 m\u00e4 ajattelen, ett\u00e4 min\u00e4 p\u00e4iv\u00e4n\u00e4 hyv\u00e4ns\u00e4 saatan joutua l\u00e4htem\u00e4\u00e4n.<\/p>\n","protected":false},"excerpt":{"rendered":"THL:n tuore selvitys varallisuuden huomioimisesta ymp\u00e4rivuorokautisen palveluasumisen maksuissa her\u00e4tt\u00e4\u00e4 kritiikki\u00e4. 89-vuotias Marjatta kritisoi ehdotusta ep\u00e4reiluksi ahkerasti ty\u00f6skennelleille ja&hellip;\n","protected":false},"author":2,"featured_media":116713,"comment_status":"","ping_status":"","sticky":false,"template":"","format":"standard","meta":{"footnotes":""},"categories":[5],"tags":[35,22,23,26,27,33,31,30,17,543,587,99,24,25,28,29,15,18,21,98,32,19,20,16,1743],"class_list":{"0":"post-116712","1":"post","2":"type-post","3":"status-publish","4":"format-standard","5":"has-post-thumbnail","7":"category-otsikot","8":"tag-24h","9":"tag-breaking-news","10":"tag-breakingnews","11":"tag-featured-news","12":"tag-featurednews","13":"tag-fi","14":"tag-finland","15":"tag-finnish","16":"tag-headlines","17":"tag-koti-ja-asuminen","18":"tag-koyhyys-ja-sosiaaliturva","19":"tag-lapset","20":"tag-latest-news","21":"tag-latestnews","22":"tag-main-news","23":"tag-mainnews","24":"tag-news","25":"tag-otsikot","26":"tag-paauutiset","27":"tag-perhe","28":"tag-suomi","29":"tag-top-stories","30":"tag-topstories","31":"tag-uutiset","32":"tag-vanhukset"},"share_on_mastodon":{"url":"https:\/\/pubeurope.com\/@fi\/115722006275321056","error":""},"_links":{"self":[{"href":"https:\/\/www.europesays.com\/fi\/wp-json\/wp\/v2\/posts\/116712","targetHints":{"allow":["GET"]}}],"collection":[{"href":"https:\/\/www.europesays.com\/fi\/wp-json\/wp\/v2\/posts"}],"about":[{"href":"https:\/\/www.europesays.com\/fi\/wp-json\/wp\/v2\/types\/post"}],"author":[{"embeddable":true,"href":"https:\/\/www.europesays.com\/fi\/wp-json\/wp\/v2\/users\/2"}],"replies":[{"embeddable":true,"href":"https:\/\/www.europesays.com\/fi\/wp-json\/wp\/v2\/comments?post=116712"}],"version-history":[{"count":0,"href":"https:\/\/www.europesays.com\/fi\/wp-json\/wp\/v2\/posts\/116712\/revisions"}],"wp:featuredmedia":[{"embeddable":true,"href":"https:\/\/www.europesays.com\/fi\/wp-json\/wp\/v2\/media\/116713"}],"wp:attachment":[{"href":"https:\/\/www.europesays.com\/fi\/wp-json\/wp\/v2\/media?parent=116712"}],"wp:term":[{"taxonomy":"category","embeddable":true,"href":"https:\/\/www.europesays.com\/fi\/wp-json\/wp\/v2\/categories?post=116712"},{"taxonomy":"post_tag","embeddable":true,"href":"https:\/\/www.europesays.com\/fi\/wp-json\/wp\/v2\/tags?post=116712"}],"curies":[{"name":"wp","href":"https:\/\/api.w.org\/{rel}","templated":true}]}}