{"id":116715,"date":"2025-12-15T05:59:09","date_gmt":"2025-12-15T05:59:09","guid":{"rendered":"https:\/\/www.europesays.com\/fi\/116715\/"},"modified":"2025-12-15T05:59:09","modified_gmt":"2025-12-15T05:59:09","slug":"ei-mikaan-murhamysteeri-sarja-esittaa-salvador-dalin-hupsuna-taiteilijana","status":"publish","type":"post","link":"https:\/\/www.europesays.com\/fi\/116715\/","title":{"rendered":"Ei mik\u00e4\u00e4n murhamysteeri -sarja esitt\u00e4\u00e4 Salvador Dal\u00edn hupsuna taiteilijana"},"content":{"rendered":"<p>Ylell\u00e4 n\u00e4ht\u00e4v\u00e4 uusi murhamysteerisarja r\u00e4v\u00e4ytt\u00e4\u00e4 heti alkumetreill\u00e4. My\u00f6s ohjaaja k\u00e4ytti yll\u00e4tt\u00e4v\u00e4\u00e4 taktiikkaa.<\/p>\n<p class=\"article-body mb-nof-24 px-nof-16\">Tv-lehti arvioi: Moni suomalainen tuntee maailmankuulut surrealistitaiteilijat <a class=\"article-personlink\" href=\"https:\/\/www.is.fi\/haku\/?query=Salvador%20Dal%C3%ADn\" rel=\"nofollow noopener\" target=\"_blank\">Salvador Dal\u00edn<\/a> ja <a class=\"article-personlink\" href=\"https:\/\/www.is.fi\/haku\/?query=Ren%C3%A9%20Magritten\" rel=\"nofollow noopener\" target=\"_blank\">Ren\u00e9 Magritten<\/a>, mutta harva on p\u00e4\u00e4ssyt mielikuvittelemaan heid\u00e4n nuoruuttaan.<\/p>\n<p class=\"article-body mb-nof-24 px-nof-16\">Ylen uutuussarja Ei mik\u00e4\u00e4n murhamysteeri (Belgia, 2024) on hauska kurkistus erikoiseen ja poikkeukselliseen asetelmaan: uraansa vasta aloittelevat surrealistitaiteilijat matkustavat englantilaiseen maalaiskartanoon vuonna 1936 esittelem\u00e4\u00e4n taidettaan yksityisn\u00e4yttelyyn.<\/p>\n<p class=\"article-body mb-nof-24 px-nof-16\">Kaikki muuttuu, kun kartanossa tapahtuu murha. Pian kiukustuneet taiteilijat ovat jumissa poliisin selvitt\u00e4ess\u00e4 murhaajaa. Sarja alkaa r\u00e4v\u00e4k\u00e4sti, sill\u00e4 murhan \u00e4\u00e4relle p\u00e4\u00e4st\u00e4\u00e4n jo ensimm\u00e4isten minuuttien aikana.<\/p>\n<p><img decoding=\"async\" src=\"https:\/\/www.europesays.com\/fi\/wp-content\/uploads\/2025\/12\/1765778348_101_468.jpg\" alt=\"Performanssitaiteilija Sheila Legge murhataan fiktiivisen sarjan ensimm\u00e4isess\u00e4 jaksossa. Tosiel\u00e4m\u00e4ss\u00e4 h\u00e4n kuoli keuhkokuumeeseen 37-vuotiaana.\" class=\"_Img_1rerz_1\" style=\"aspect-ratio:1.7777777777777777\" loading=\"eager\"\/><\/p>\n<p class=\"article-picture-caption\">Performanssitaiteilija Sheila Legge murhataan fiktiivisen sarjan ensimm\u00e4isess\u00e4 jaksossa. Tosiel\u00e4m\u00e4ss\u00e4 h\u00e4n kuoli keuhkokuumeeseen 37-vuotiaana. Kuva:\u00a0Yle<\/p>\n<p class=\"article-body mb-nof-24 px-nof-16\">Belgialaisen <a class=\"article-personlink\" href=\"https:\/\/www.is.fi\/haku\/?query=Hans%20Herbotsin\" rel=\"nofollow noopener\" target=\"_blank\">Hans Herbotsin <\/a>(Paris Has Fallen, The Serpent) ohjaama sarja on fiktiivinen, mutta leikittelee melko rohkeastikin taiteilijoihin liittyvill\u00e4 stereotypioilla. Hulppeassa kartanossa vietet\u00e4\u00e4n heti k\u00e4ttelyss\u00e4 riettaita juhlia, joissa ammutaan aseella p\u00e4\u00e4n p\u00e4\u00e4lt\u00e4 kokaiinilla t\u00e4ytettyj\u00e4 lasipulloja, juodaan alkoholia ja k\u00e4ytet\u00e4\u00e4n huumeita.<\/p>\n<p class=\"article-body mb-nof-24 px-nof-16\">Todellisuudessa surrealistitaiteilijoiden huumeidenk\u00e4yt\u00f6st\u00e4 on liikkunut monenlaisia totuuksia. Esimerkiksi Dal\u00edn kerrotaan lausuneen, ett\u00e4 h\u00e4n \u201dei k\u00e4yt\u00e4 huumeita, h\u00e4n on huume\u201d.<\/p>\n<p class=\"article-body mb-nof-24 px-nof-16\">Kuusiosainen sarja ilahduttanee taiteen yst\u00e4vi\u00e4. Sarjan nimi sai innoituksensa Magritten kuuluisasta teoksesta Kuvien petollisuus, jossa on piippu ja teksti \u201dt\u00e4m\u00e4 ei ole piippu\u201d. Jo ensimm\u00e4isess\u00e4 jaksossa isoon rooliin nousee Magritten toinen kuuluisa teos Les amants eli Rakastavaiset, kun kuristettu murhan uhri l\u00f6ytyy s\u00e4ngylt\u00e4 p\u00e4\u00e4 k\u00e4\u00e4rittyn\u00e4 valkoiseen liinaan.<\/p>\n<p><img decoding=\"async\" src=\"https:\/\/www.europesays.com\/fi\/wp-content\/uploads\/2025\/12\/1765778348_46_468.jpg\" alt=\"Rakastavaiset-teos nousee keski\u00f6\u00f6n ensimm\u00e4isess\u00e4 jaksossa.\" class=\"_Img_1rerz_1\" style=\"aspect-ratio:1.7777777777777777\" loading=\"eager\"\/><\/p>\n<p class=\"article-picture-caption\">Rakastavaiset-teos nousee keski\u00f6\u00f6n ensimm\u00e4isess\u00e4 jaksossa. Kuva:\u00a0Yle<\/p>\n<p class=\"article-body mb-nof-24 px-nof-16\">Magritte her\u00e4\u00e4 itse uhrin vierelt\u00e4 kasvot my\u00f6skin liinaan k\u00e4\u00e4rittyn\u00e4. Sen j\u00e4lkeen h\u00e4nen teht\u00e4v\u00e4n\u00e4\u00e4n on puhdistaa maineensa p\u00e4\u00e4ep\u00e4iltyn\u00e4.<\/p>\n<p class=\"article-body mb-nof-24 px-nof-16\">Todellisuudessa valkoiset liinat Magritten taiteessa viittaavat h\u00e4nen teini-ik\u00e4isen\u00e4 kokemaansa <a class=\"article-genericlink\" href=\"https:\/\/www.dailyartmagazine.com\/rene-magritte-in-10-paintings\/\" rel=\"nofollow noopener\" target=\"_blank\">tragediaan<\/a>. Magritten \u00e4iti teki itsemurhan hukuttautumalla jokeen, ja kun h\u00e4net nostettiin vedest\u00e4, h\u00e4nen vaatteensa olivat liimautuneet h\u00e4nen kasvoilleen.<\/p>\n<p class=\"article-body mb-nof-24 px-nof-16\">Tosiel\u00e4m\u00e4n tragediaan viitataan sarjassa muutaman sekunnin ajan, kun nuori Magritte huutaa \u00e4itins\u00e4 per\u00e4\u00e4n ja kokee syyllisyytt\u00e4 t\u00e4m\u00e4n kuolemasta. Sama motiivi ajaa h\u00e4nt\u00e4 selvitt\u00e4m\u00e4\u00e4n tuoreen, maalaiskartanossa tapahtuneen murhan poliisien jalanj\u00e4ljiss\u00e4.<\/p>\n<p><img decoding=\"async\" src=\"https:\/\/www.europesays.com\/fi\/wp-content\/uploads\/2025\/12\/1765778348_93_468.jpg\" alt=\"Scotland Yard pelmahtaa paikalle, eik\u00e4 kukaan ole poissuljettu ep\u00e4iltyjen listalta.\" class=\"_Img_1rerz_1\" style=\"aspect-ratio:1.7777777777777777\" loading=\"eager\"\/><\/p>\n<p class=\"article-picture-caption\">Scotland Yard pelmahtaa paikalle, eik\u00e4 kukaan ole poissuljettu ep\u00e4iltyjen listalta. Kuva:\u00a0Yle<\/p>\n<p class=\"article-body mb-nof-24 px-nof-16\">Kun ruumis on l\u00f6ytynyt, Dal\u00ed ja h\u00e4nen vaimonsa Gala Dal\u00ed ep\u00e4ilev\u00e4t, ett\u00e4 Magritten \u201dseksileikit\u201d ovat menneet liian pitk\u00e4lle. Dali esitet\u00e4\u00e4n muutenkin hieman outoja horisevana miehen\u00e4, joka vastailee poliisien kysymyksiin puhumalla lintujen omatunnon olemassaolosta.<\/p>\n<p class=\"article-body mb-nof-24 px-nof-16\">\u2013 Aivan tavallisia ihmisi\u00e4 n\u00e4m\u00e4 surrealistit, poliisi tuhahtaa ironisesti.<\/p>\n<p class=\"article-body mb-nof-24 px-nof-16\">Juuri t\u00e4h\u00e4n \u201doutouteen\u201d sarjan vieh\u00e4tysvoimaa onkin yritetty rakentaa. Sarjan rakenne pysyy ensimm\u00e4isen tunnin aikana kasassa, mutta toivottavasti taiteilijoiden stereotypioilla leikkiminen ei k\u00e4\u00e4nny itse\u00e4\u00e4n vastaan.<\/p>\n<p><img decoding=\"async\" src=\"https:\/\/www.europesays.com\/fi\/wp-content\/uploads\/2025\/12\/1765778348_677_468.jpg\" alt=\"Pierre Gervais tulkitsee maailmankuulua taiteilijaa Ren\u00e9 Magrittea taidokkaasti.\" class=\"_Img_1rerz_1\" style=\"aspect-ratio:1.7777777777777777\" loading=\"eager\"\/><\/p>\n<p class=\"article-picture-caption\">Pierre Gervais tulkitsee maailmankuulua taiteilijaa Ren\u00e9 Magrittea taidokkaasti. Kuva:\u00a0Yle<\/p>\n<p class=\"article-body mb-nof-24 px-nof-16\">Legendaarisia taiteilijoita esitt\u00e4v\u00e4t t\u00e4hdet eiv\u00e4t ole suomalaisille tai muillekaan viel\u00e4 erityisen tuttuja. Salvador Dal\u00eda n\u00e4yttelev\u00e4 <a class=\"article-personlink\" href=\"https:\/\/www.is.fi\/haku\/?query=I%C3%B1aki%20Mur\" rel=\"nofollow noopener\" target=\"_blank\">I\u00f1aki Mur<\/a> j\u00e4\u00e4 viel\u00e4 t\u00e4ysin Magrittea n\u00e4yttelev\u00e4n <a class=\"article-personlink\" href=\"https:\/\/www.is.fi\/haku\/?query=Pierre%20Gervaisin\" rel=\"nofollow noopener\" target=\"_blank\">Pierre Gervaisin<\/a> varjoon.<\/p>\n<p class=\"article-body mb-nof-24 px-nof-16\">Kyseess\u00e4 on kuitenkin tarkkaan harkittu linja. Ohjaaja Hans Herbots kertoo <a class=\"article-genericlink\" href=\"https:\/\/variety.com\/2025\/tv\/global\/studiocanal-this-is-not-a-murder-mystery-new8-1236545358\/\" rel=\"nofollow noopener\" target=\"_blank\">Variety<\/a>-lehdelle, ett\u00e4 he eiv\u00e4t halunneet isojen n\u00e4yttelij\u00e4t\u00e4htien viev\u00e4n huomiota itse asialta.<\/p>\n<p class=\"article-body mb-nof-24 px-nof-16\">\u2013 Sarja kertoo taiteilijoista ennen heid\u00e4n menestyst\u00e4\u00e4n. Se antoi meille vapauden l\u00f6yt\u00e4\u00e4 rooleihin uusia nimi\u00e4 kokeneiden n\u00e4yttelij\u00f6iden sijaan, Herbots kommentoi.<\/p>\n<p><img decoding=\"async\" src=\"https:\/\/www.europesays.com\/fi\/wp-content\/uploads\/2025\/12\/1765778349_226_468.jpg\" alt=\"N\u00e4ytt\u00e4v\u00e4n ja rajun ristiinnaulitsemiskohtauksen kuvaaminen oli tarkkaa puuhaa.\" class=\"_Img_1rerz_1\" style=\"aspect-ratio:0.6666666666666666\" loading=\"eager\"\/><\/p>\n<p class=\"article-picture-caption\">N\u00e4ytt\u00e4v\u00e4n ja rajun ristiinnaulitsemiskohtauksen kuvaaminen oli tarkkaa puuhaa. Kuva:\u00a0Yle<\/p>\n<p class=\"article-body mb-nof-24 px-nof-16\">Ensimm\u00e4isen jakson loppukohtaus on raju: yksi kartanon asukkaista l\u00f6ytyy ristiinnaulittuna katolta. Se todella j\u00e4tt\u00e4\u00e4 mielenkiinnon leijumaan surrealististen tapahtumien ylle.<\/p>\n<p class=\"article-body mb-nof-24 px-nof-16\">My\u00f6s IMDb-elokuvasivuston arvioiden mukaan sarjan jaksot paranevat loppua kohden.<\/p>\n<p class=\"article-body nof-ui-body-medium mb-nof-24 px-nof-16\">Ei mik\u00e4\u00e4n murhamysteeri TV1 klo 22.02 maanantaina 15.12. ja Yle Areena.<\/p>\n","protected":false},"excerpt":{"rendered":"Ylell\u00e4 n\u00e4ht\u00e4v\u00e4 uusi murhamysteerisarja r\u00e4v\u00e4ytt\u00e4\u00e4 heti alkumetreill\u00e4. My\u00f6s ohjaaja k\u00e4ytti yll\u00e4tt\u00e4v\u00e4\u00e4 taktiikkaa. Tv-lehti arvioi: Moni suomalainen tuntee maailmankuulut&hellip;\n","protected":false},"author":2,"featured_media":116716,"comment_status":"","ping_status":"","sticky":false,"template":"","format":"standard","meta":{"footnotes":""},"categories":[135],"tags":[389,387,388,390,137,33,31,30,34,32,394,393,391,392,109],"class_list":{"0":"post-116715","1":"post","2":"type-post","3":"status-publish","4":"format-standard","5":"has-post-thumbnail","7":"category-taiteet-ja-suunnittelu","8":"tag-arts","9":"tag-arts-and-design","10":"tag-artsanddesign","11":"tag-design","12":"tag-entertainment","13":"tag-fi","14":"tag-finland","15":"tag-finnish","16":"tag-ilta-sanomat","17":"tag-suomi","18":"tag-suunnittelu","19":"tag-taiteet","20":"tag-taiteet-ja-suunnittelu","21":"tag-taiteetsuunnittelu","22":"tag-viihde"},"share_on_mastodon":{"url":"https:\/\/pubeurope.com\/@fi\/115722057795587768","error":""},"_links":{"self":[{"href":"https:\/\/www.europesays.com\/fi\/wp-json\/wp\/v2\/posts\/116715","targetHints":{"allow":["GET"]}}],"collection":[{"href":"https:\/\/www.europesays.com\/fi\/wp-json\/wp\/v2\/posts"}],"about":[{"href":"https:\/\/www.europesays.com\/fi\/wp-json\/wp\/v2\/types\/post"}],"author":[{"embeddable":true,"href":"https:\/\/www.europesays.com\/fi\/wp-json\/wp\/v2\/users\/2"}],"replies":[{"embeddable":true,"href":"https:\/\/www.europesays.com\/fi\/wp-json\/wp\/v2\/comments?post=116715"}],"version-history":[{"count":0,"href":"https:\/\/www.europesays.com\/fi\/wp-json\/wp\/v2\/posts\/116715\/revisions"}],"wp:featuredmedia":[{"embeddable":true,"href":"https:\/\/www.europesays.com\/fi\/wp-json\/wp\/v2\/media\/116716"}],"wp:attachment":[{"href":"https:\/\/www.europesays.com\/fi\/wp-json\/wp\/v2\/media?parent=116715"}],"wp:term":[{"taxonomy":"category","embeddable":true,"href":"https:\/\/www.europesays.com\/fi\/wp-json\/wp\/v2\/categories?post=116715"},{"taxonomy":"post_tag","embeddable":true,"href":"https:\/\/www.europesays.com\/fi\/wp-json\/wp\/v2\/tags?post=116715"}],"curies":[{"name":"wp","href":"https:\/\/api.w.org\/{rel}","templated":true}]}}