{"id":116723,"date":"2025-12-15T06:07:14","date_gmt":"2025-12-15T06:07:14","guid":{"rendered":"https:\/\/www.europesays.com\/fi\/116723\/"},"modified":"2025-12-15T06:07:14","modified_gmt":"2025-12-15T06:07:14","slug":"merikotka-saatiin-juoksemalla-kiinni-somerolla","status":"publish","type":"post","link":"https:\/\/www.europesays.com\/fi\/116723\/","title":{"rendered":"Merikotka saatiin juoksemalla kiinni Somerolla"},"content":{"rendered":"<p>Suurikokoinen petolintu merikotka kuoli viime viikolla Perni\u00f6ss\u00e4. Asiasta kertoo perni\u00f6l\u00e4inen luontoharrastaja ja lintujen rengastaja <b>Juhani Karhum\u00e4ki<\/b>. H\u00e4n kertoo, ett\u00e4 paikalliset ihmiset saivat juoksemalla kiinni rengastamattoman merikotkan Somerolla mets\u00e4tien varressa.<\/p>\n<p>T\u00e4m\u00e4n j\u00e4lkeen merikotka oli viety Saloon el\u00e4insuojeluyhdistyksen tiloihin. Lintua oli kutsuttu katsomaan my\u00f6s el\u00e4inl\u00e4\u00e4k\u00e4ri. T\u00e4m\u00e4n j\u00e4lkeen Karhum\u00e4ki oli kutsuttu hakemaan lintu Perni\u00f6\u00f6n.<\/p>\n<p>\u2013\u2009Haettaessa merikotka oli viel\u00e4 eloisa. Se kaklatti niin kuin kev\u00e4isin soidinmenojen yhteydess\u00e4. Siit\u00e4 se sitten rauhoittui eik\u00e4 siit\u00e4 en\u00e4\u00e4 tullut luontokappaletta, Karhum\u00e4ki kuvailee.<\/p>\n<p><a href=\"https:\/\/www.sss.fi\/wp-content\/uploads\/2025\/12\/11596083.jpg\" rel=\"nofollow noopener\" target=\"_blank\"><img fetchpriority=\"high\" decoding=\"async\" class=\"size-large wp-image-1013764\" src=\"https:\/\/www.europesays.com\/fi\/wp-content\/uploads\/2025\/12\/11596083-768x1024.jpg\" alt=\"\" width=\"696\" height=\"928\"  \/><\/a>Merikotka oli isokokoinen naaras. Kuva: Pertti Andelmin<\/p>\n<p>Merikotka oleili muutaman p\u00e4iv\u00e4n Karhum\u00e4en kanalassa ennen kuolemaansa.<\/p>\n<p>\u2013\u2009Sit\u00e4 yritettiin sy\u00f6tt\u00e4\u00e4, mutta sille ei ruoka oikein maistunut. El\u00e4inl\u00e4\u00e4k\u00e4ri k\u00e4vi antamassa sille l\u00e4\u00e4kett\u00e4. N\u00e4lkiintynyt se ei edes ollut. Tuli mieleen ajatus, ett\u00e4 ei kai se vaan ollut ylensy\u00f6nyt, kun se saatiin juoksemalla kiinni. Merikotkat ovat yleens\u00e4 kuolleet myrkytykseen. Merkit eiv\u00e4t viittaa t\u00e4ss\u00e4 tapauksessa my\u00f6sk\u00e4\u00e4n lintuinfluenssaan, Karhum\u00e4ki sanoo.<\/p>\n<p>Karhum\u00e4en mukaan kuollut merikotka oli naaras, isokokoinen sellainen.<\/p>\n<p>\u2013\u2009Sill\u00e4 oli kirkkaan keltainen nokka ja se painoi 6,7 kiloa. H\u00f6yhenasun perusteella se oli noin 4\u20135-vuotias eli melko vanha.<\/p>\n<p>Ruokavirasto selvitt\u00e4\u00e4 tutkimuksissaan merikotkan kuolinsyyn.<\/p>\n<p><a href=\"https:\/\/www.sss.fi\/wp-content\/uploads\/2025\/12\/11596074.jpg\" rel=\"nofollow noopener\" target=\"_blank\"><img loading=\"lazy\" decoding=\"async\" class=\"size-large wp-image-1013763\" src=\"https:\/\/www.europesays.com\/fi\/wp-content\/uploads\/2025\/12\/11596074-768x1024.jpg\" alt=\"\" width=\"696\" height=\"928\"  \/><\/a>Merikotka Juhani Karhum\u00e4en syliss\u00e4. Kuva: Pertti Andelmin<\/p>\n","protected":false},"excerpt":{"rendered":"Suurikokoinen petolintu merikotka kuoli viime viikolla Perni\u00f6ss\u00e4. Asiasta kertoo perni\u00f6l\u00e4inen luontoharrastaja ja lintujen rengastaja Juhani Karhum\u00e4ki. H\u00e4n kertoo,&hellip;\n","protected":false},"author":2,"featured_media":116724,"comment_status":"","ping_status":"","sticky":false,"template":"","format":"standard","meta":{"footnotes":""},"categories":[112],"tags":[33,31,30,1425,118,32,119],"class_list":{"0":"post-116723","1":"post","2":"type-post","3":"status-publish","4":"format-standard","5":"has-post-thumbnail","7":"category-tiede","8":"tag-fi","9":"tag-finland","10":"tag-finnish","11":"tag-linnut","12":"tag-science","13":"tag-suomi","14":"tag-tiede"},"share_on_mastodon":{"url":"https:\/\/pubeurope.com\/@fi\/115722089131885708","error":""},"_links":{"self":[{"href":"https:\/\/www.europesays.com\/fi\/wp-json\/wp\/v2\/posts\/116723","targetHints":{"allow":["GET"]}}],"collection":[{"href":"https:\/\/www.europesays.com\/fi\/wp-json\/wp\/v2\/posts"}],"about":[{"href":"https:\/\/www.europesays.com\/fi\/wp-json\/wp\/v2\/types\/post"}],"author":[{"embeddable":true,"href":"https:\/\/www.europesays.com\/fi\/wp-json\/wp\/v2\/users\/2"}],"replies":[{"embeddable":true,"href":"https:\/\/www.europesays.com\/fi\/wp-json\/wp\/v2\/comments?post=116723"}],"version-history":[{"count":0,"href":"https:\/\/www.europesays.com\/fi\/wp-json\/wp\/v2\/posts\/116723\/revisions"}],"wp:featuredmedia":[{"embeddable":true,"href":"https:\/\/www.europesays.com\/fi\/wp-json\/wp\/v2\/media\/116724"}],"wp:attachment":[{"href":"https:\/\/www.europesays.com\/fi\/wp-json\/wp\/v2\/media?parent=116723"}],"wp:term":[{"taxonomy":"category","embeddable":true,"href":"https:\/\/www.europesays.com\/fi\/wp-json\/wp\/v2\/categories?post=116723"},{"taxonomy":"post_tag","embeddable":true,"href":"https:\/\/www.europesays.com\/fi\/wp-json\/wp\/v2\/tags?post=116723"}],"curies":[{"name":"wp","href":"https:\/\/api.w.org\/{rel}","templated":true}]}}