{"id":116727,"date":"2025-12-15T06:10:09","date_gmt":"2025-12-15T06:10:09","guid":{"rendered":"https:\/\/www.europesays.com\/fi\/116727\/"},"modified":"2025-12-15T06:10:09","modified_gmt":"2025-12-15T06:10:09","slug":"nain-kreml-tahtoo-rangaista-paenneita-toisinajattelijoita","status":"publish","type":"post","link":"https:\/\/www.europesays.com\/fi\/116727\/","title":{"rendered":"N\u00e4in Kreml tahtoo rangaista paenneita toisinajattelijoita"},"content":{"rendered":"<p class=\"ai-optimize-6 ai-optimize-introduction\">Kreml kaavailee uusia ankaria rangaistuksia ulkomaille paenneita <strong>Vladimir Putinin<\/strong> kriitikoita vastaan, kertoo <a href=\"https:\/\/www.thebarentsobserver.com\/democracy-and-media\/russian-lawmakers-regime-critics-who-hide-abroad-will-be-punished\/442153\" target=\"_blank\" rel=\"noopener nofollow\">Barents Observer<\/a>.<\/p>\n<p class=\"ai-optimize-7\">Kansanedustaja <strong>Vasily Piskarevin<\/strong> mukaan duuman ulkomaisen vaikuttamisen tutkimisvaliokunta on valmistellut lukuisia esityksi\u00e4, joilla \u201drangaistusta v\u00e4lttelevi\u00e4\u201d ven\u00e4l\u00e4isi\u00e4 rangaistaisiin. Esitykset etenev\u00e4t seuraavaksi duuman \u00e4\u00e4nestykseen.<\/p>\n<p class=\"ai-optimize-8\">Yhteens\u00e4 esityksi\u00e4 on 11, ja ne koskisivat ihmisi\u00e4, jotka Kreml on leimannut ulkomaisiksi agenteiksi tai jotka toimivat \u201dei-toivotuissa j\u00e4rjest\u00f6iss\u00e4\u201d.<\/p>\n<p class=\"ai-optimize-8\">Mik\u00e4li ehdotus toteutuu, ulkomaille paenneiden ven\u00e4l\u00e4isten varat j\u00e4\u00e4dytett\u00e4isiin. He eiv\u00e4t saisi rekister\u00f6id\u00e4 kiinteist\u00f6j\u00e4\u00e4n tai ajoneuvojaan, hankkia ajokorttia tai lainoja taikka k\u00e4ytt\u00e4\u00e4 julkisia tai pankkipalveluja. He eiv\u00e4t saisi konsulipalveluja Ven\u00e4j\u00e4n ulkomaanedustustoista, jonka lis\u00e4ksi heilt\u00e4 ev\u00e4tt\u00e4isiin oikeus toimia yritt\u00e4j\u00e4n\u00e4 tai lakimiehen\u00e4.<\/p>\n<p class=\"ai-optimize-12\">Rangaistusten lis\u00e4ksi duuma kaavailee kaikille avointa julkista listaa ihmisist\u00e4, joita Kreml syytt\u00e4\u00e4 rangaistuksen pakoilusta ulkomailla.<\/p>\n<p class=\"ai-optimize-9\">Kansanedustajien mukaan toimet johtuvat Nato-maiden poliittisesti motivoituneesta halusta olla palauttamatta Ven\u00e4j\u00e4n kansalaisia takaisin Ven\u00e4j\u00e4lle.<\/p>\n<p class=\"ai-optimize-10\">\u2013 On vaikeaa selitt\u00e4\u00e4, miksi vakavista rikoksista syytettyj\u00e4 suojellaan, tutkimisvaliokunnasta kommentoitiin.<\/p>\n<p class=\"ai-optimize-13\">Kremlin tapa leimata vastustajansa ulkomaisiksi agenteiksi hankaloittaa leimattujen el\u00e4m\u00e4\u00e4 jo nyt monin tavoin. Jo aiemmin \u201dulkomaiset agentit\u201d on suljettu ulos vaaleista, ja heilt\u00e4 on kielletty muun muassa opettajana toimiminen sek\u00e4 tapahtumien j\u00e4rjest\u00e4minen. Lis\u00e4ksi heille on asetettu ylim\u00e4\u00e4r\u00e4inen 30 prosentin vero.<\/p>\n<p class=\"ai-optimize-13\">Kuluneella viikolla ven\u00e4l\u00e4inen elokuvaohjaaja <strong>Aleksandr Sokurov<\/strong> kritisoi Ven\u00e4j\u00e4n ihmisoikeusneuvostossa pit\u00e4m\u00e4ss\u00e4\u00e4n puheessa ulkomaiseksi agentiksi leimaamista.<\/p>\n<p class=\"ai-optimize-14\">Sokurov kertoo seuranneensa pelolla joka viikko, kuinka yh\u00e4 useampi ihminen p\u00e4\u00e4tyy pel\u00e4tylle listalle.<\/p>\n<p class=\"ai-optimize-15\">\u2013 N\u00e4m\u00e4 nimitykset ovat kamalia, kamalia. Maanmiehist\u00e4ni tulee yht\u00e4kki\u00e4 ulkomaisia agentteja, Sokurov p\u00e4ivitteli.<\/p>\n<p class=\"ai-optimize-16\">\u2013 Mielest\u00e4ni t\u00e4m\u00e4 on v\u00e4\u00e4r\u00e4 p\u00e4\u00e4t\u00f6s, joka n\u00f6yryytt\u00e4\u00e4 ihmist\u00e4 ja kansalaista.<\/p>\n<p>Poimintoja videosis\u00e4ll\u00f6ist\u00e4mme<\/p>\n","protected":false},"excerpt":{"rendered":"Kreml kaavailee uusia ankaria rangaistuksia ulkomaille paenneita Vladimir Putinin kriitikoita vastaan, kertoo Barents Observer. Kansanedustaja Vasily Piskarevin mukaan&hellip;\n","protected":false},"author":2,"featured_media":116728,"comment_status":"","ping_status":"","sticky":false,"template":"","format":"standard","meta":{"footnotes":""},"categories":[14],"tags":[22,23,26,27,33,31,30,17,24,25,28,29,15,18,21,32,19,20,56,16,547,59,60,61],"class_list":{"0":"post-116727","1":"post","2":"type-post","3":"status-publish","4":"format-standard","5":"has-post-thumbnail","7":"category-ulkomaat","8":"tag-breaking-news","9":"tag-breakingnews","10":"tag-featured-news","11":"tag-featurednews","12":"tag-fi","13":"tag-finland","14":"tag-finnish","15":"tag-headlines","16":"tag-latest-news","17":"tag-latestnews","18":"tag-main-news","19":"tag-mainnews","20":"tag-news","21":"tag-otsikot","22":"tag-paauutiset","23":"tag-suomi","24":"tag-top-stories","25":"tag-topstories","26":"tag-ulkomaat","27":"tag-uutiset","28":"tag-venaja","29":"tag-world","30":"tag-world-news","31":"tag-worldnews"},"share_on_mastodon":{"url":"https:\/\/pubeurope.com\/@fi\/115722100669160628","error":""},"_links":{"self":[{"href":"https:\/\/www.europesays.com\/fi\/wp-json\/wp\/v2\/posts\/116727","targetHints":{"allow":["GET"]}}],"collection":[{"href":"https:\/\/www.europesays.com\/fi\/wp-json\/wp\/v2\/posts"}],"about":[{"href":"https:\/\/www.europesays.com\/fi\/wp-json\/wp\/v2\/types\/post"}],"author":[{"embeddable":true,"href":"https:\/\/www.europesays.com\/fi\/wp-json\/wp\/v2\/users\/2"}],"replies":[{"embeddable":true,"href":"https:\/\/www.europesays.com\/fi\/wp-json\/wp\/v2\/comments?post=116727"}],"version-history":[{"count":0,"href":"https:\/\/www.europesays.com\/fi\/wp-json\/wp\/v2\/posts\/116727\/revisions"}],"wp:featuredmedia":[{"embeddable":true,"href":"https:\/\/www.europesays.com\/fi\/wp-json\/wp\/v2\/media\/116728"}],"wp:attachment":[{"href":"https:\/\/www.europesays.com\/fi\/wp-json\/wp\/v2\/media?parent=116727"}],"wp:term":[{"taxonomy":"category","embeddable":true,"href":"https:\/\/www.europesays.com\/fi\/wp-json\/wp\/v2\/categories?post=116727"},{"taxonomy":"post_tag","embeddable":true,"href":"https:\/\/www.europesays.com\/fi\/wp-json\/wp\/v2\/tags?post=116727"}],"curies":[{"name":"wp","href":"https:\/\/api.w.org\/{rel}","templated":true}]}}