{"id":116737,"date":"2025-12-15T06:30:11","date_gmt":"2025-12-15T06:30:11","guid":{"rendered":"https:\/\/www.europesays.com\/fi\/116737\/"},"modified":"2025-12-15T06:30:11","modified_gmt":"2025-12-15T06:30:11","slug":"avatar-fire-and-ash-james-cameronin-visuaalinen-mestariteos-elokuvateattereissa","status":"publish","type":"post","link":"https:\/\/www.europesays.com\/fi\/116737\/","title":{"rendered":"Avatar: Fire and Ash &#8211; James Cameronin visuaalinen mestariteos elokuvateattereissa"},"content":{"rendered":"<p>\n            Avatar: Fire and Ash. Kuva: 20th Century Studios<br \/>\n            20th Century Studios\n        <\/p>\n<p class=\"subtitle \">Avatar: Fire and Ash saa ensi-iltansa elokuvateattereissa keskiviikkona 17. joulukuuta.<\/p>\n<p>Avatar: Fire and Ash<\/p>\n<p class=\"article-content article-content-width !bg-background\">Toimintadraama <\/p>\n<p class=\"article-content article-content-width !bg-background\">Valtaosan elokuvista voi hyvin katsoa kotisohvalla ilman, ett\u00e4 niiden tehosta menett\u00e4\u00e4 mit\u00e4\u00e4n. On kuitenkin elokuvia, jotka on syyt\u00e4 pyrki\u00e4 n\u00e4kem\u00e4\u00e4n ensisijaisesti teatterissa, suurimmalta mahdolliselta valkokankaalta.  kaikki kolme Avataria ovat juuri t\u00e4llaisia visuaalisia mestariteoksia, joiden majesteettiset raamit p\u00e4\u00e4sev\u00e4t oikeuksiinsa vasta elokuvateatterissa.<\/p>\n<p class=\"article-content article-content-width !bg-background\">Avatar: Fire and Ash on Cameronin vuonna 2009 aloittaman tieteissaagan kolmas luku, joka jatkaa suoraan Avatar: The Way of Waterin (2022) tarinaa. Turvapaikan Pandora-planeetan valtamerien ja riuttojen \u00e4\u00e4rell\u00e4 el\u00e4vien na\u2019vien luota lastensa kanssa l\u00f6yt\u00e4neet Jake () ja Neytiri () surevat yh\u00e4 esikoispoikansa kuolemaa.<\/p>\n<p class=\"article-content article-content-width !bg-background\">Edess\u00e4 on kuitenkin uusi taistelu, kun tappion kokeneet ihmiset ja Jaken verta yh\u00e4 janoava Quaritch () p\u00e4\u00e4tt\u00e4v\u00e4t iske\u00e4 uudestaan saadakseen haluamansa.<\/p>\n<p class=\"article-content article-content-width !bg-background\">Cameron on  (Ihmemaa Oz),  (Star Wars) ja  (Game of Thrones) ohella harvoja amerikkalaisia tarinankertojia, joka on onnistunut luomaan kokonaisen maailman ja sit\u00e4 uskottavasti kasvattavan mytologian. Vaikka Fire and Ash onkin periaatteessa The Way of Water 2.0, on sill\u00e4 perusteltu paikkansa Avatar-universumissa.<\/p>\n<p>        <a itemprop=\"url\" href=\"https:\/\/www.seiska.fi\/katso\/sisu-elokuvan-hollywood-tahdelta-tunnustus-sillakin-uhalla-etta-kuulostan-pervolta\/1971327\" rel=\"nofollow noopener\" target=\"_blank\"><\/p>\n<p>\nSisu-t\u00e4hti Stephen Lang\n<\/p>\n<p class=\"section-date\">\n        <strong class=\"article-section\" data-section=\"katso\"><br \/>\n            katso<br \/>\n        <\/strong><br \/>\n        28.10. 10:15\n    <\/p>\n<p>Sisu-elokuvan Hollywood-t\u00e4hdelt\u00e4 tunnustus: &#8221;Sill\u00e4kin uhalla, ett\u00e4 kuulostan pervolta&#8230;&#8221;\n    <\/p>\n<p itemprop=\"description\" class=\"subtitle \">\n    Stephen Lang esitt\u00e4\u00e4 Sisu 2:n p\u00e4\u00e4pahista.\n<\/p>\n<p>        <\/a><\/p>\n<p>                <img decoding=\"async\" src=\"https:\/\/www.europesays.com\/fi\/wp-content\/uploads\/2025\/12\/2011389.webp\" width=\"576\" height=\"274\" alt=\"Stephen Lang elokuvassa Avatar: Fire and Ash.\" loading=\"lazy\" \/>            <\/p>\n<p>\n            Stephen Lang elokuvassa Avatar: Fire and Ash.<br \/>\n            20th Century Studios\n        <\/p>\n<p>Elementit t\u00e4ydentyv\u00e4t<\/p>\n<p class=\"article-content article-content-width !bg-background\">Maan ja veden j\u00e4lkeen Cameron tuo mukaan ilman ja tulen kahden uuden na\u2019vi-heimon kautta. N\u00e4ist\u00e4 etualalle nousee \u00e4itijumalatar Eywan hyl\u00e4nnyt tuhkaklaani, joka el\u00e4\u00e4 tulivuorten kupeessa ja ruokkii itse\u00e4\u00e4n vihalla muita na\u2019veja kohtaan.<\/p>\n<p>        <a itemprop=\"url\" href=\"https:\/\/www.seiska.fi\/katso\/zoe-saldanasta-tuli-aiti-kahden-avatar-elokuvan-valissa-pelkasin-pitkaan-etta-menetan-lapseni\/137885\" rel=\"nofollow noopener\" target=\"_blank\"><\/p>\n<p>\nhaastattelu\n<\/p>\n<p class=\"section-date\">\n        <strong class=\"article-section\" data-section=\"katso\"><br \/>\n            katso<br \/>\n        <\/strong><br \/>\n        17.12.2022 16:15\n    <\/p>\n<p>Zoe Saldanasta tuli \u00e4iti kahden Avatar-elokuvan v\u00e4liss\u00e4 \u2013 \u201dPelk\u00e4sin pitk\u00e4\u00e4n, ett\u00e4 menet\u00e4n lapseni\u201d\n    <\/p>\n<p>        <\/a><\/p>\n<p class=\"article-content article-content-width !bg-background\">Klaanin johtaja on tyrm\u00e4\u00e4v\u00e4 Varang, jonka esitt\u00e4j\u00e4n\u00e4  uhkaa varastaa koko elokuvan.  tytt\u00e4rentyt\u00e4r on roolissa t\u00e4ydellinen: kaunis, kammottava ja t\u00e4ynn\u00e4 kiimaista v\u00e4kivaltaa.<\/p>\n<p class=\"article-content article-content-width !bg-background\">Ne, jotka odottavat t\u00e4ysin uudenlaista ja erilaista Avatar-elokuvaa, pettyv\u00e4t. Kuten sanottu, Cameron jatkaa edellisen Avatarin tarinaa, kasvattaen sen kierroksia ja tuoden mukaan uusia hahmoja. Kaikesta huomaa, ett\u00e4 The Way of Water ja Fire and Ash kuvattiin per\u00e4tysten. Kuvauksissa t\u00e4m\u00e4 on varmasti tuntunut yhden eritt\u00e4in pitk\u00e4n elokuvan tekemiselt\u00e4.<\/p>\n<p class=\"article-content article-content-width !bg-background\">Visuaalisesti Fire and Ash on juuri niin mykist\u00e4v\u00e4 kuin aiempien osien perusteella uskalsi odottaa. Kuvaus, liikkeen taltiointi ja varsinkin taistelukohtaukset ovat k\u00e4sitt\u00e4m\u00e4t\u00f6nt\u00e4 katsottavaa. Viimeist\u00e4\u00e4n t\u00e4ll\u00e4 elokuvalla Cameron nostaa riman teknologian ja tarinankerronnan sulauttamisessa kauas pilviin muiden yl\u00e4puolelle.<\/p>\n<p class=\"article-content article-content-width !bg-background\"> (USA 2025). 199 min.<\/p>\n<p>        <a itemprop=\"url\" href=\"https:\/\/www.seiska.fi\/katso\/kate-winslet-pidatti-hengitystaan-yli-seitseman-minuuttia-avatar-2-kuvauksissa-rikkoi-tom-cruisen-ennatyksen\/137923\" rel=\"nofollow noopener\" target=\"_blank\"><\/p>\n<p>\nhaastattelu\n<\/p>\n<p class=\"section-date\">\n        <strong class=\"article-section\" data-section=\"katso\"><br \/>\n            katso<br \/>\n        <\/strong><br \/>\n        15.12.2022 13:15\n    <\/p>\n<p>Kate Winslet pid\u00e4tti hengityst\u00e4\u00e4n yli seitsem\u00e4n minuuttia Avatar 2 -kuvauksissa \u2013 rikkoi Tom Cruisen enn\u00e4tyksen\n    <\/p>\n<p>        <\/a><\/p>\n","protected":false},"excerpt":{"rendered":"Avatar: Fire and Ash. Kuva: 20th Century Studios 20th Century Studios Avatar: Fire and Ash saa ensi-iltansa elokuvateattereissa&hellip;\n","protected":false},"author":2,"featured_media":116738,"comment_status":"","ping_status":"","sticky":false,"template":"","format":"standard","meta":{"footnotes":""},"categories":[131],"tags":[1092,8365,623,155,137,33,173,31,30,434,172,21319,21316,8891,4468,32,21318,109,21317],"class_list":{"0":"post-116737","1":"post","2":"type-post","3":"status-publish","4":"format-standard","5":"has-post-thumbnail","7":"category-elokuvat","8":"tag-avatar","9":"tag-avatar-the-way-of-water","10":"tag-elokuva","11":"tag-elokuvat","12":"tag-entertainment","13":"tag-fi","14":"tag-film","15":"tag-finland","16":"tag-finnish","17":"tag-james-cameron","18":"tag-movies","19":"tag-oona-chaplin","20":"tag-sam-worthington","21":"tag-sigourney-weaver","22":"tag-stephen-lang","23":"tag-suomi","24":"tag-tieteissaaga","25":"tag-viihde","26":"tag-zoe-saldana"},"share_on_mastodon":{"url":"https:\/\/pubeurope.com\/@fi\/115722179488573856","error":""},"_links":{"self":[{"href":"https:\/\/www.europesays.com\/fi\/wp-json\/wp\/v2\/posts\/116737","targetHints":{"allow":["GET"]}}],"collection":[{"href":"https:\/\/www.europesays.com\/fi\/wp-json\/wp\/v2\/posts"}],"about":[{"href":"https:\/\/www.europesays.com\/fi\/wp-json\/wp\/v2\/types\/post"}],"author":[{"embeddable":true,"href":"https:\/\/www.europesays.com\/fi\/wp-json\/wp\/v2\/users\/2"}],"replies":[{"embeddable":true,"href":"https:\/\/www.europesays.com\/fi\/wp-json\/wp\/v2\/comments?post=116737"}],"version-history":[{"count":0,"href":"https:\/\/www.europesays.com\/fi\/wp-json\/wp\/v2\/posts\/116737\/revisions"}],"wp:featuredmedia":[{"embeddable":true,"href":"https:\/\/www.europesays.com\/fi\/wp-json\/wp\/v2\/media\/116738"}],"wp:attachment":[{"href":"https:\/\/www.europesays.com\/fi\/wp-json\/wp\/v2\/media?parent=116737"}],"wp:term":[{"taxonomy":"category","embeddable":true,"href":"https:\/\/www.europesays.com\/fi\/wp-json\/wp\/v2\/categories?post=116737"},{"taxonomy":"post_tag","embeddable":true,"href":"https:\/\/www.europesays.com\/fi\/wp-json\/wp\/v2\/tags?post=116737"}],"curies":[{"name":"wp","href":"https:\/\/api.w.org\/{rel}","templated":true}]}}