{"id":116739,"date":"2025-12-15T06:32:10","date_gmt":"2025-12-15T06:32:10","guid":{"rendered":"https:\/\/www.europesays.com\/fi\/116739\/"},"modified":"2025-12-15T06:32:10","modified_gmt":"2025-12-15T06:32:10","slug":"u16-paavalmentaja-lauri-merikivi-ruotsi-otteluista-tarkea-ja-arvokas-viikko","status":"publish","type":"post","link":"https:\/\/www.europesays.com\/fi\/116739\/","title":{"rendered":"U16 p\u00e4\u00e4valmentaja Lauri Merikivi Ruotsi-otteluista: &#8221;T\u00e4rke\u00e4 ja arvokas viikko&#8221;"},"content":{"rendered":"<p>Suomen alle 16-vuotiaiden maajoukkue kohtasi viime viikolla pelatuissa maaotteluissa Ruotsin kolme kertaa kolmeen p\u00e4iv\u00e4\u00e4n. Ruotsi nappasi voitot jokaisesta ottelusta.<\/p>\n<p>&#13;<br \/>\n&#13;<br \/>\n&#13;<\/p>\n<p class=\"pf0\">&#8211; T\u00e4m\u00e4 oli kiistatta meille tuloksellisesti haastava viikonloppu. T\u00e4ytyy tunnustaa, ett\u00e4 Ruotsi oli meit\u00e4 potkun verran edell\u00e4 ja otti ansaitusti kolmesta pelist\u00e4 kolme voittoa, p\u00e4\u00e4valmentaja <strong>Lauri Merikivi<\/strong> kehui vastustajaa Vuokatissa ja Kuhmossa pelattujen otteluiden j\u00e4lkeen.\u00a0<\/p>\n<p>&#13;<\/p>\n<p class=\"pf0\">&#8211; Olimme per\u00e4ss\u00e4 l\u00e4nsinaapuria. Yksitt\u00e4isi\u00e4 asioita kun miettii, niin yksi vastaan yksi pelaaminen, puolustaessa mailan k\u00e4ytt\u00e4minen ja kuinka vahva sen mailan pit\u00e4\u00e4 olla, hy\u00f6k\u00e4tess\u00e4 kiekon kanssa maalintekotilanteeseen murtautuminen ja maalinteon tehokkuus niist\u00e4 tilanteista \u2013 niiss\u00e4 Ruotsi oli hyv\u00e4. <\/p>\n<p>&#13;<\/p>\n<p>Merikivi uskoi, ett\u00e4 tulosten takana on my\u00f6s paljon hyv\u00e4\u00e4. Pelaajat saavat maaotteluista ty\u00f6kaluja arkeen ja harjoitteluun omassa seurassa.<\/p>\n<p>&#13;<\/p>\n<p class=\"pf0\">&#8211; Kyll\u00e4h\u00e4n t\u00e4ss\u00e4 asuu se kehittymisen siemen. Rima, mink\u00e4 l\u00e4nsinaapuri meille asetti, on seuraava tavoite jokaiselle pelaajalle.<\/p>\n<p>&#13;<\/p>\n<p class=\"pf0\">&#8211; Uskon, ett\u00e4 t\u00e4m\u00e4n kokemuksen my\u00f6t\u00e4 pelaajissa syttyy kipin\u00e4 ja palo itsens\u00e4 kehitt\u00e4miseen ja p\u00e4ivitt\u00e4iseen arkiharjoitteluun. Sill\u00e4 tavalla t\u00e4m\u00e4 oli meille t\u00e4rke\u00e4 ja arvokas viikko. <\/p>\n<p>&#13;<\/p>\n<p class=\"pf0\">Ik\u00e4luokan ensimm\u00e4iset maaottelut pelattiin marraskuun alussa, jolloin vastassa oli Saksa.\u00a0<\/p>\n<p>&#13;<\/p>\n<p class=\"pf0\">&#8211; Kokonaisuutena on hienoa n\u00e4hd\u00e4, mit\u00e4 syksyn aikana on tapahtunut. T\u00e4m\u00e4 oli v\u00e4h\u00e4n erilainen ymp\u00e4rist\u00f6 ja erityyppiset pelit marraskuun Saksa-peleihin verrattuna.<\/p>\n<p>&#13;<\/p>\n<p class=\"pf0\">&#8211; Viikon aikana ehdittiin joukkueen kanssa kokea onnistumisia ja ep\u00e4onnistumisia ja p\u00e4\u00e4stiin k\u00e4sittelem\u00e4\u00e4n niit\u00e4. Pelaajat jatkoivat hienosti molempien j\u00e4lkeen toimintaa, p\u00e4\u00e4valmentaja kehui pelaajien tekemist\u00e4.<\/p>\n<p>&#13;<br \/>\n&#13;<\/p>\n<p>U16-ik\u00e4luokan seuraavat maaottelut pelataan Saksan F\u00fcsseniss\u00e4 joulun v\u00e4lip\u00e4ivin\u00e4.\u00a0\u00a0<\/p>\n<p>&#13;<br \/>\n&#13;<br \/>\n&#13;<\/p>\n<p>&#8211; <a href=\"https:\/\/www.leijonat.fi\/maajoukkueet\/u16\/2025-26\/u16-ruotsi-otteluiden-ohjelma-tulokset-kokoonpanot-tilastot\" rel=\"nofollow noopener\" target=\"_blank\">U16 Ruotsi-otteluiden ohjelma, tulokset, kokoonpanot, tilastot&#8230;<br \/><\/a>&#8211; <a href=\"https:\/\/www.leijonat.fi\/maajoukkueet\/u16\" rel=\"nofollow noopener\" target=\"_blank\">U16:n sivut Leijonien verkkopalvelussa<\/a><\/p>\n","protected":false},"excerpt":{"rendered":"Suomen alle 16-vuotiaiden maajoukkue kohtasi viime viikolla pelatuissa maaotteluissa Ruotsin kolme kertaa kolmeen p\u00e4iv\u00e4\u00e4n. Ruotsi nappasi voitot jokaisesta&hellip;\n","protected":false},"author":2,"featured_media":116740,"comment_status":"","ping_status":"","sticky":false,"template":"","format":"standard","meta":{"footnotes":""},"categories":[158],"tags":[33,31,30,159,32,160],"class_list":{"0":"post-116739","1":"post","2":"type-post","3":"status-publish","4":"format-standard","5":"has-post-thumbnail","7":"category-urheilu","8":"tag-fi","9":"tag-finland","10":"tag-finnish","11":"tag-sports","12":"tag-suomi","13":"tag-urheilu"},"share_on_mastodon":{"url":"https:\/\/pubeurope.com\/@fi\/115722187202673864","error":""},"_links":{"self":[{"href":"https:\/\/www.europesays.com\/fi\/wp-json\/wp\/v2\/posts\/116739","targetHints":{"allow":["GET"]}}],"collection":[{"href":"https:\/\/www.europesays.com\/fi\/wp-json\/wp\/v2\/posts"}],"about":[{"href":"https:\/\/www.europesays.com\/fi\/wp-json\/wp\/v2\/types\/post"}],"author":[{"embeddable":true,"href":"https:\/\/www.europesays.com\/fi\/wp-json\/wp\/v2\/users\/2"}],"replies":[{"embeddable":true,"href":"https:\/\/www.europesays.com\/fi\/wp-json\/wp\/v2\/comments?post=116739"}],"version-history":[{"count":0,"href":"https:\/\/www.europesays.com\/fi\/wp-json\/wp\/v2\/posts\/116739\/revisions"}],"wp:featuredmedia":[{"embeddable":true,"href":"https:\/\/www.europesays.com\/fi\/wp-json\/wp\/v2\/media\/116740"}],"wp:attachment":[{"href":"https:\/\/www.europesays.com\/fi\/wp-json\/wp\/v2\/media?parent=116739"}],"wp:term":[{"taxonomy":"category","embeddable":true,"href":"https:\/\/www.europesays.com\/fi\/wp-json\/wp\/v2\/categories?post=116739"},{"taxonomy":"post_tag","embeddable":true,"href":"https:\/\/www.europesays.com\/fi\/wp-json\/wp\/v2\/tags?post=116739"}],"curies":[{"name":"wp","href":"https:\/\/api.w.org\/{rel}","templated":true}]}}