{"id":116761,"date":"2025-12-15T07:02:07","date_gmt":"2025-12-15T07:02:07","guid":{"rendered":"https:\/\/www.europesays.com\/fi\/116761\/"},"modified":"2025-12-15T07:02:07","modified_gmt":"2025-12-15T07:02:07","slug":"ohjeistus-ja-koulutus-eivat-pysy-tekoalyn-kayton-yleistymisen-vauhdissa","status":"publish","type":"post","link":"https:\/\/www.europesays.com\/fi\/116761\/","title":{"rendered":"Ohjeistus ja koulutus eiv\u00e4t pysy teko\u00e4lyn k\u00e4yt\u00f6n yleistymisen vauhdissa"},"content":{"rendered":"<p>IT- ja liiketoimintakonsultointiyhti\u00f6 CGI on julkaissut tuoreen Teko\u00e4lyn k\u00e4ytt\u00f6 suomalaisyrityksiss\u00e4 2025 -tutkimuksensa tulokset.<\/p>\n<p>Teko\u00e4lyn k\u00e4ytt\u00f6 ty\u00f6paikoilla on noussut vuodessa reilulla kymmenell\u00e4 prosenttiyksik\u00f6ll\u00e4. Nyt jo 63 prosenttia ty\u00f6ntekij\u00f6ist\u00e4 hy\u00f6dynt\u00e4\u00e4 tai on kokeillut teko\u00e4ly\u00e4 ty\u00f6ss\u00e4\u00e4n.<\/p>\n<p>Samalla ty\u00f6nantajat ovat lis\u00e4nneet ohjeistusta ja koulutusta, mutta koulutus ei tahdo pysy\u00e4 teko\u00e4lyn k\u00e4yt\u00f6n laajenemisen ja lis\u00e4\u00e4ntymisen tahdissa.<\/p>\n<p>\u2013 Teko\u00e4lyn k\u00e4ytt\u00f6 yleistyy nopeammin kuin osaaminen sen ymp\u00e4rill\u00e4, CGI:n teko\u00e4lyasiantuntija <strong>John Bailey<\/strong> summaa tiedotteessa.<\/p>\n<p>Kyselytutkimuksen perusteella teko\u00e4lyn k\u00e4ytt\u00f6 on harpannut suomalaisissa organisaatioissa uuteen vaiheeseen. Kun vuonna 2024 noin 9 prosenttia hy\u00f6dynsi teko\u00e4ly\u00e4 ty\u00f6ss\u00e4\u00e4n s\u00e4\u00e4nn\u00f6llisesti tai 17 prosenttia joskus, olivat vastaavat luvut nyt jo 21 ja 26 prosenttia.<\/p>\n<p>Samalla ty\u00f6nantajat tarjoavat yh\u00e4 enemm\u00e4n tukea teko\u00e4lyn hy\u00f6dynt\u00e4miseen. Ty\u00f6ntekij\u00f6iden vastausten mukaan vuoden 2025 aikana joka kolmas ty\u00f6ntekij\u00e4 on saanut ohjeistusta teko\u00e4lyn k\u00e4ytt\u00f6\u00f6n, kun vuonna 2024 luku j\u00e4i 24 prosenttiin. Varsinaista koulutusta on ollut tarjolla niukemmin, sill\u00e4 ty\u00f6ntekij\u00e4kyselyn vastaajista vain 17 prosenttia oli saanut koulutusta, kun vastaava luku edellisvuonna oli 15 prosenttia.<\/p>\n<p>\u2013 Koulutuksessa ja ohjeiden laatimisessa suuryritykset ovat selv\u00e4sti ottaneet etumatkaa. Teetimme oman kyselyn suuryritysten johtajille, ja heid\u00e4n edustamissaan yrityksiss\u00e4 64 prosentissa on jo m\u00e4\u00e4ritelty ohjeet teko\u00e4lyn hy\u00f6dynt\u00e4miselle. L\u00e4hes yht\u00e4 moni on j\u00e4rjest\u00e4nyt henkil\u00f6st\u00f6lleen koulutusta, Bailey kertoo.<\/p>\n<p>Tutkimus kertoo my\u00f6s, ett\u00e4 joka kolmas suomalaisty\u00f6ntekij\u00e4 suhtautuu teko\u00e4lyyn my\u00f6nteisesti. Edellisess\u00e4 kyselyss\u00e4 n\u00e4in vastasi joka nelj\u00e4s. Samalla kielteisesti suhtautuvien m\u00e4\u00e4r\u00e4 on pudonnut muutaman prosenttiyksik\u00f6n.<\/p>\n","protected":false},"excerpt":{"rendered":"IT- ja liiketoimintakonsultointiyhti\u00f6 CGI on julkaissut tuoreen Teko\u00e4lyn k\u00e4ytt\u00f6 suomalaisyrityksiss\u00e4 2025 -tutkimuksensa tulokset. Teko\u00e4lyn k\u00e4ytt\u00f6 ty\u00f6paikoilla on noussut&hellip;\n","protected":false},"author":2,"featured_media":116762,"comment_status":"","ping_status":"","sticky":false,"template":"","format":"standard","meta":{"footnotes":""},"categories":[76],"tags":[79,77,33,31,30,32,78],"class_list":{"0":"post-116761","1":"post","2":"type-post","3":"status-publish","4":"format-standard","5":"has-post-thumbnail","7":"category-talous","8":"tag-business","9":"tag-economy","10":"tag-fi","11":"tag-finland","12":"tag-finnish","13":"tag-suomi","14":"tag-talous"},"share_on_mastodon":{"url":"https:\/\/pubeurope.com\/@fi\/115722305436558273","error":""},"_links":{"self":[{"href":"https:\/\/www.europesays.com\/fi\/wp-json\/wp\/v2\/posts\/116761","targetHints":{"allow":["GET"]}}],"collection":[{"href":"https:\/\/www.europesays.com\/fi\/wp-json\/wp\/v2\/posts"}],"about":[{"href":"https:\/\/www.europesays.com\/fi\/wp-json\/wp\/v2\/types\/post"}],"author":[{"embeddable":true,"href":"https:\/\/www.europesays.com\/fi\/wp-json\/wp\/v2\/users\/2"}],"replies":[{"embeddable":true,"href":"https:\/\/www.europesays.com\/fi\/wp-json\/wp\/v2\/comments?post=116761"}],"version-history":[{"count":0,"href":"https:\/\/www.europesays.com\/fi\/wp-json\/wp\/v2\/posts\/116761\/revisions"}],"wp:featuredmedia":[{"embeddable":true,"href":"https:\/\/www.europesays.com\/fi\/wp-json\/wp\/v2\/media\/116762"}],"wp:attachment":[{"href":"https:\/\/www.europesays.com\/fi\/wp-json\/wp\/v2\/media?parent=116761"}],"wp:term":[{"taxonomy":"category","embeddable":true,"href":"https:\/\/www.europesays.com\/fi\/wp-json\/wp\/v2\/categories?post=116761"},{"taxonomy":"post_tag","embeddable":true,"href":"https:\/\/www.europesays.com\/fi\/wp-json\/wp\/v2\/tags?post=116761"}],"curies":[{"name":"wp","href":"https:\/\/api.w.org\/{rel}","templated":true}]}}