{"id":116781,"date":"2025-12-15T07:43:10","date_gmt":"2025-12-15T07:43:10","guid":{"rendered":"https:\/\/www.europesays.com\/fi\/116781\/"},"modified":"2025-12-15T07:43:10","modified_gmt":"2025-12-15T07:43:10","slug":"omalta-kohdaltani-olen-taman-maailman-nahnyt","status":"publish","type":"post","link":"https:\/\/www.europesays.com\/fi\/116781\/","title":{"rendered":"\u201dOmalta kohdaltani olen t\u00e4m\u00e4n maailman n\u00e4hnyt\u201d"},"content":{"rendered":"<p>Salattujen el\u00e4mien Raimo Gr\u00f6nberg n\u00e4yttelee televisiossa muistisairasta Gunnaria. Oma \u00e4iti menehtyi samaan sairauteen.<\/p>\n<p class=\"paragraph\">Konkarin\u00e4yttelij\u00e4 <a href=\"https:\/\/www.iltalehti.fi\/henkilot\/Raimo Gr\u00f6nberg\" class=\"article-link-person-page\" rel=\"nofollow noopener\" target=\"_blank\">Raimo Gr\u00f6nberg<\/a>, 72, on viime vuosina tullut televisiokatsojille tutuksi Salatut el\u00e4m\u00e4t -sarjan Gunnar Mustavaarana.<\/p>\n<p class=\"paragraph\">Gunnar sairastaa sarjassa Alzheimerin tautia. Asia osuu Gr\u00f6nbergin el\u00e4m\u00e4\u00e4 l\u00e4helle, sill\u00e4 n\u00e4yttelij\u00e4n \u00e4iti sairasti samaa tautia.<\/p>\n<p><img decoding=\"async\" class=\"image image-show image-preview\" src=\"https:\/\/www.europesays.com\/fi\/wp-content\/uploads\/2025\/12\/ba1dea0062d99c8e8a81151ef5382a8b5ce91823f01b4353bfd3da19824b84fd.jpg\" alt=\"\"\/><img decoding=\"async\" class=\"image image-show\" src=\"https:\/\/www.europesays.com\/fi\/wp-content\/uploads\/2025\/12\/1765784590_624_ba1dea0062d99c8e8a81151ef5382a8b5ce91823f01b4353bfd3da19824b84fd.jpg\" alt=\"\"\/><\/p>\n<p>Raimo Gr\u00f6nbergin Salatut el\u00e4m\u00e4t -hahmo sairastaa samaa tautia, johon n\u00e4yttelij\u00e4n oma \u00e4iti menehtyi. Pete Anikari<\/p>\n<p class=\"paragraph\">\u00c4iti kuoli vuonna 2018 pari vuotta sen j\u00e4lkeen, kun Gr\u00f6nberg oli aloittanut Salkkareissa. Gr\u00f6nberg seurasi \u00e4itins\u00e4 taudin alusta loppuun. Taudin edetess\u00e4 \u00e4iti ei en\u00e4\u00e4 tunnistanut omia lapsiaan tai puolisoaan.<\/p>\n<p class=\"paragraph\">\u2013 Kaikista j\u00e4rkytt\u00e4vint\u00e4 oli tajuta, ett\u00e4 tuo ei ole en\u00e4\u00e4 minun \u00e4itini, Gr\u00f6nberg kertoo Iltalehden haastattelussa.<\/p>\n<p class=\"paragraph\">Loppuvuosina \u00e4iti reagoi vain harvoihin asioihin. \u00c4iti ja poika lauloivat yhdess\u00e4. Toisinaan kosketus toi hymynkareen huulille.<\/p>\n<p class=\"paragraph\">\u2013 H\u00e4n saattoi nukahtaa paijaamiseen kuin pieni lapsi, Gr\u00f6nberg muistelee.<\/p>\n<p class=\"paragraph\">N\u00e4yttelij\u00e4 hiljenee.<\/p>\n<p class=\"paragraph\">\u2013 Mutta ei se ollut en\u00e4\u00e4 \u00e4iti. H\u00e4n oli ihan \u00e4idin n\u00e4k\u00f6inen. Se oli vain \u00e4itini kuori.<\/p>\n<p>Totta vai tarua<\/p>\n<p class=\"paragraph\">Kun Gr\u00f6nbergille tarjottiin muistisairaan Gunnarin roolia Salatuissa el\u00e4miss\u00e4, h\u00e4nen piti mietti\u00e4, suostuuko. Gr\u00f6nbergin oli tarkoitus olla sarjassa vain muutaman kuukauden ajan, jotta hahmon Alzheimer-matka saataisiin saatettua loppuun edellisen n\u00e4yttelij\u00e4n j\u00e4\u00e4ty\u00e4 el\u00e4kkeelle.<\/p>\n<p class=\"paragraph\">Toisin k\u00e4vi. Nyt Gr\u00f6nberg on tehnyt roolia yhdeks\u00e4n vuoden ajan. Matkan varrella hahmon tauti on j\u00e4\u00e4nyt taka-alalle, ja sarjan fanit vitsailevatkin Gunnarin tehneen ihmeparannuksen.<\/p>\n<p class=\"paragraph\">Toisinaan katsojilla totuus ja taru menev\u00e4t herk\u00e4sti sekaisin.<\/p>\n<p class=\"paragraph\">\u2013 Ihmiset ovat kyselleet, millaisia Alzheimer-l\u00e4\u00e4kkeit\u00e4 k\u00e4yt\u00e4n, kun heid\u00e4n miehell\u00e4\u00e4n on sama tauti eiv\u00e4tk\u00e4 l\u00e4\u00e4kkeet auta ollenkaan, Gr\u00f6nberg kertoo.<\/p>\n<p class=\"paragraph\">Kyselij\u00e4t ovat usein nimenomaan vanhempia katsojia.<\/p>\n<p class=\"paragraph\">\u2013 Heille koetan yst\u00e4v\u00e4llisesti sanoa, ett\u00e4 Salkkareissa on ihmel\u00e4\u00e4kkeet, mutta ett\u00e4 se on satua eik\u00e4 siin\u00e4 ole todenper\u00e4isyytt\u00e4 p\u00e4tk\u00e4\u00e4k\u00e4\u00e4n, n\u00e4yttelij\u00e4 naurahtaa.<\/p>\n<p>Raimo Gr\u00f6nberg on saanut kuulla monenlaista palautetta Salkkarit-roolistaan. Pete Anikari<\/p>\n<p class=\"paragraph\">Erityisen paljon palautetta n\u00e4yttelij\u00e4 kertoo saaneensa roolistaan vuosia sitten, kun Gunnar n\u00e4htiin ruudussa sekoilemassa strippiluolassa. Gr\u00f6nberg sai silloin todistaa erikoista fanik\u00e4ytt\u00e4ytymist\u00e4.<\/p>\n<p class=\"paragraph\">\u2013 Vanhemmat naisihmiset k\u00e4veliv\u00e4t vastaan, t\u00f6niv\u00e4t v\u00e4h\u00e4n toisiaan ja alkoivat vinkata minulle silm\u00e4\u00e4.<\/p>\n<p class=\"paragraph\">Gr\u00f6nberg kertoo, miten reagoi saamiinsa flirttailuyrityksiin.<\/p>\n<p class=\"paragraph\">\u2013 No flirttailen takaisin, n\u00e4yttelij\u00e4 nauraa.<\/p>\n<p class=\"paragraph\">Tuoreempi juonenk\u00e4\u00e4nne oli, kun Gunnar joutui mielisairaalaan Aaron lavastamana. Gr\u00f6nberg j\u00e4i puoleksi vuodeksi pois sarjasta.<\/p>\n<p class=\"paragraph\">\u2013 Silloin ihmiset toivottelivat hirve\u00e4sti, ett\u00e4 koeta nyt parantua, h\u00e4n kertoo.<\/p>\n<p class=\"paragraph\">Katsojilta saatu palaute on onneksi ollut yksinomaan yst\u00e4v\u00e4llist\u00e4. Kukaan ei ole tullut kasvotusten haukkumaan Gr\u00f6nbergia t\u00e4m\u00e4n roolihahmon takia.<\/p>\n<p class=\"paragraph\">\u2013 Se on luultavasti siksi, ett\u00e4 Gunnar on hahmona aika sympaattinen ja ehk\u00e4 v\u00e4h\u00e4n yksin\u00e4inen. Vaikka h\u00e4n on rikas j\u00e4tk\u00e4, h\u00e4n asuu muiden nurkissa, koska ei tule toimeen yksin. H\u00e4n tarvitsee kavereita, olkoonkin se sitten vaikka Kari Taalasmaa, Gr\u00f6nberg pohtii veike\u00e4sti.<\/p>\n<p>Synkk\u00e4 n\u00e4kym\u00e4<\/p>\n<p class=\"paragraph\">Virallista el\u00e4kett\u00e4 Gr\u00f6nbergill\u00e4 on takana jo pian kymmenen vuotta. T\u00f6ist\u00e4 luopumista h\u00e4n ei ole kuitenkaan ehtinyt mietti\u00e4.<\/p>\n<p class=\"paragraph\">Viime vuosina el\u00e4m\u00e4 on rikastunut kolmella lastenlapsella. Vanhin lapsenlapsi on kolmevuotias, nuorin vuoden ik\u00e4inen.<\/p>\n<p class=\"paragraph\">\u2013 Tulivat yhdell\u00e4 rymin\u00e4ll\u00e4. Siin\u00e4 oli kuule papalla silm\u00e4t sel\u00e4ll\u00e4\u00e4n, n\u00e4yttelij\u00e4 nauraa.<\/p>\n<p>Raimo Gr\u00f6nberg on huolissaan maailmasta, johon h\u00e4nen lapsenlapsensa kasvavat. Pete Anikari<\/p>\n<p class=\"paragraph\">Gr\u00f6nberg on huolissaan maailmasta, johon h\u00e4nen lapsenlapsensa saavat kasvaa.<\/p>\n<p class=\"paragraph\">\u2013 Niin kauan kun t\u00e4t\u00e4 maailmaa johtavat vanhat h\u00f6rh\u00f6t, jotka ovat t\u00e4ysi\u00e4 narsisteja, en n\u00e4e tulevaisuutta. Se pelottaa.<\/p>\n<p class=\"paragraph\">\u2013 Omalta kohdaltani olen t\u00e4m\u00e4n maailman n\u00e4hnyt, enk\u00e4 n\u00e4e siin\u00e4 hirve\u00e4sti valoa, Gr\u00f6nberg lausuu vakavana.<\/p>\n<p class=\"paragraph\">Gr\u00f6nberg n\u00e4kee uhkana niin teko\u00e4lyn kuin \u00e4lylaitteiden yleistymisen.<\/p>\n","protected":false},"excerpt":{"rendered":"Salattujen el\u00e4mien Raimo Gr\u00f6nberg n\u00e4yttelee televisiossa muistisairasta Gunnaria. Oma \u00e4iti menehtyi samaan sairauteen. Konkarin\u00e4yttelij\u00e4 Raimo Gr\u00f6nberg, 72, on&hellip;\n","protected":false},"author":2,"featured_media":116782,"comment_status":"","ping_status":"","sticky":false,"template":"","format":"standard","meta":{"footnotes":""},"categories":[136],"tags":[35,153,407,137,33,31,30,408,99,100,98,32,140,109],"class_list":{"0":"post-116781","1":"post","2":"type-post","3":"status-publish","4":"format-standard","5":"has-post-thumbnail","7":"category-julkkikset","8":"tag-24h","9":"tag-audiovisuaalinen-media","10":"tag-celebrities","11":"tag-entertainment","12":"tag-fi","13":"tag-finland","14":"tag-finnish","15":"tag-julkkikset","16":"tag-lapset","17":"tag-lapset-ja-nuoret","18":"tag-perhe","19":"tag-suomi","20":"tag-tv-ja-elokuvat","21":"tag-viihde"},"share_on_mastodon":{"url":"https:\/\/pubeurope.com\/@fi\/115722467345843779","error":""},"_links":{"self":[{"href":"https:\/\/www.europesays.com\/fi\/wp-json\/wp\/v2\/posts\/116781","targetHints":{"allow":["GET"]}}],"collection":[{"href":"https:\/\/www.europesays.com\/fi\/wp-json\/wp\/v2\/posts"}],"about":[{"href":"https:\/\/www.europesays.com\/fi\/wp-json\/wp\/v2\/types\/post"}],"author":[{"embeddable":true,"href":"https:\/\/www.europesays.com\/fi\/wp-json\/wp\/v2\/users\/2"}],"replies":[{"embeddable":true,"href":"https:\/\/www.europesays.com\/fi\/wp-json\/wp\/v2\/comments?post=116781"}],"version-history":[{"count":0,"href":"https:\/\/www.europesays.com\/fi\/wp-json\/wp\/v2\/posts\/116781\/revisions"}],"wp:featuredmedia":[{"embeddable":true,"href":"https:\/\/www.europesays.com\/fi\/wp-json\/wp\/v2\/media\/116782"}],"wp:attachment":[{"href":"https:\/\/www.europesays.com\/fi\/wp-json\/wp\/v2\/media?parent=116781"}],"wp:term":[{"taxonomy":"category","embeddable":true,"href":"https:\/\/www.europesays.com\/fi\/wp-json\/wp\/v2\/categories?post=116781"},{"taxonomy":"post_tag","embeddable":true,"href":"https:\/\/www.europesays.com\/fi\/wp-json\/wp\/v2\/tags?post=116781"}],"curies":[{"name":"wp","href":"https:\/\/api.w.org\/{rel}","templated":true}]}}