{"id":116810,"date":"2025-12-15T08:20:07","date_gmt":"2025-12-15T08:20:07","guid":{"rendered":"https:\/\/www.europesays.com\/fi\/116810\/"},"modified":"2025-12-15T08:20:07","modified_gmt":"2025-12-15T08:20:07","slug":"rsv-rokotuksista-ei-helsingissa-kirjallista-toimintaohjetta","status":"publish","type":"post","link":"https:\/\/www.europesays.com\/fi\/116810\/","title":{"rendered":"\u201dRSV-rokotuksista ei Helsingiss\u00e4 kirjallista toimintaohjetta\u201d"},"content":{"rendered":"<p>\t\t\t\t\t<a class=\"label\" rel=\"nofollow noopener\" href=\"http:\/\/www.laakarilehti.fi\/terveydenhuolto\/\" target=\"_blank\">Terveydenhuolto<\/a>\t\t\t\t\t\t\tSuom L\u00e4\u00e4k\u00e4ril 2025;80:e46730, www.laakarilehti.fi\/e46730\t\t\t<\/p>\n<p class=\"lead\">Tilannetta selvitet\u00e4\u00e4n nyt.<\/p>\n<p>L\u00e4\u00e4k\u00e4rilehteen tulleen vinkin mukaan Helsingin kaupungin l\u00e4\u00e4k\u00e4reit\u00e4 on kielletty kirjoittamasta RSV-rokotetta potilaille, vaikka potilaat t\u00e4m\u00e4n itse kustantavat ja n\u00e4ytt\u00f6 on vakuuttavaa.\u00a0<\/p>\n<p>Terveysasemien vs. johtajal\u00e4\u00e4k\u00e4rin <strong>Jarja Ij\u00e4ksen<\/strong> mukaan RSV-rokotusten toimintak\u00e4yt\u00e4nn\u00f6t ovat vaihdelleet Helsingin terveysasemilla.<\/p>\n<p>H\u00e4n toteaa, ettei RSV-rokotuksista ole Helsingiss\u00e4 kirjallista toimintaohjetta ja ett\u00e4 tilannetta selvitet\u00e4\u00e4n parhaillaan.<\/p>\n<p>\u2013 RSV-rokotteet eiv\u00e4t kuulu kansalliseen rokotusohjelmaan. THL ei ole antanut suositusta niiden k\u00e4yt\u00f6st\u00e4, mutta on k\u00e4ynnist\u00e4m\u00e4ss\u00e4 RSV-rokotteiden ja vasta-aineiden arviointiprosessia. Odotamme THL:n asiantuntija-arvion tulosta ja ohjeistamme asian sen j\u00e4lkeen.<\/p>\n<p class=\"article__related-article aim-skip\"><strong>Lue lis\u00e4\u00e4:<\/strong> <a href=\"http:\/\/www.laakarilehti.fi\/terveydenhuolto\/rsv-taudin-ehkaisy-vauvoilla-alkaa-husin-sairaaloissa\/\" rel=\"nofollow noopener\" target=\"_blank\">RSV-taudin ehk\u00e4isy vauvoilla\u202falkaa Husin sairaaloissa<\/a><\/p>\n<p class=\"article__related-article aim-skip\"><strong>Lue lis\u00e4\u00e4:<\/strong> <a href=\"http:\/\/www.laakarilehti.fi\/terveydenhuolto\/thl-selvittaa-tulisiko-rsv-rokote-antaa-odottaville-aideille-ja-riskiryhmille\/\" rel=\"nofollow noopener\" target=\"_blank\">THL selvitt\u00e4\u00e4, tulisiko RSV-rokote antaa odottaville \u00e4ideille ja riskiryhmille<\/a><\/p>\n<p>\t\t\t\t\t\t\tKirjoittaja<\/p>\n<p class=\"author\">Ulla Toikkanen <\/p>\n","protected":false},"excerpt":{"rendered":"Terveydenhuolto Suom L\u00e4\u00e4k\u00e4ril 2025;80:e46730, www.laakarilehti.fi\/e46730 Tilannetta selvitet\u00e4\u00e4n nyt. L\u00e4\u00e4k\u00e4rilehteen tulleen vinkin mukaan Helsingin kaupungin l\u00e4\u00e4k\u00e4reit\u00e4 on kielletty kirjoittamasta&hellip;\n","protected":false},"author":2,"featured_media":116811,"comment_status":"","ping_status":"","sticky":false,"template":"","format":"standard","meta":{"footnotes":""},"categories":[76],"tags":[79,77,33,31,30,32,78],"class_list":{"0":"post-116810","1":"post","2":"type-post","3":"status-publish","4":"format-standard","5":"has-post-thumbnail","7":"category-talous","8":"tag-business","9":"tag-economy","10":"tag-fi","11":"tag-finland","12":"tag-finnish","13":"tag-suomi","14":"tag-talous"},"share_on_mastodon":{"url":"https:\/\/pubeurope.com\/@fi\/115722611918985588","error":""},"_links":{"self":[{"href":"https:\/\/www.europesays.com\/fi\/wp-json\/wp\/v2\/posts\/116810","targetHints":{"allow":["GET"]}}],"collection":[{"href":"https:\/\/www.europesays.com\/fi\/wp-json\/wp\/v2\/posts"}],"about":[{"href":"https:\/\/www.europesays.com\/fi\/wp-json\/wp\/v2\/types\/post"}],"author":[{"embeddable":true,"href":"https:\/\/www.europesays.com\/fi\/wp-json\/wp\/v2\/users\/2"}],"replies":[{"embeddable":true,"href":"https:\/\/www.europesays.com\/fi\/wp-json\/wp\/v2\/comments?post=116810"}],"version-history":[{"count":0,"href":"https:\/\/www.europesays.com\/fi\/wp-json\/wp\/v2\/posts\/116810\/revisions"}],"wp:featuredmedia":[{"embeddable":true,"href":"https:\/\/www.europesays.com\/fi\/wp-json\/wp\/v2\/media\/116811"}],"wp:attachment":[{"href":"https:\/\/www.europesays.com\/fi\/wp-json\/wp\/v2\/media?parent=116810"}],"wp:term":[{"taxonomy":"category","embeddable":true,"href":"https:\/\/www.europesays.com\/fi\/wp-json\/wp\/v2\/categories?post=116810"},{"taxonomy":"post_tag","embeddable":true,"href":"https:\/\/www.europesays.com\/fi\/wp-json\/wp\/v2\/tags?post=116810"}],"curies":[{"name":"wp","href":"https:\/\/api.w.org\/{rel}","templated":true}]}}