{"id":116812,"date":"2025-12-15T08:21:10","date_gmt":"2025-12-15T08:21:10","guid":{"rendered":"https:\/\/www.europesays.com\/fi\/116812\/"},"modified":"2025-12-15T08:21:10","modified_gmt":"2025-12-15T08:21:10","slug":"lasse-lehtosta-ei-ole-voitu-kuulla","status":"publish","type":"post","link":"https:\/\/www.europesays.com\/fi\/116812\/","title":{"rendered":"Lasse Lehtosta ei ole voitu kuulla"},"content":{"rendered":"<p>Kela aikoo kertoa johtamisselvityksest\u00e4\u00e4n tiistaina. P\u00e4\u00e4johtaja Lasse Lehtosta ei ole pystytty kuulemaan.<\/p>\n<p><img decoding=\"async\" class=\"image image-show image-preview\" src=\"https:\/\/www.europesays.com\/fi\/wp-content\/uploads\/2025\/12\/001c14e20d27927946a33a3c2c482f540c7437c27371be1bf73a77228220dacd.jpg\" alt=\"\"\/><img decoding=\"async\" class=\"image image-show\" src=\"https:\/\/www.europesays.com\/fi\/wp-content\/uploads\/2025\/12\/1764670688_809_001c14e20d27927946a33a3c2c482f540c7437c27371be1bf73a77228220dacd.jpg\" alt=\"\"\/><\/p>\n<p>Kelan johtajuusselvityksen viimeistely jatkuu. Antti Mannermaa<\/p>\n<p class=\"paragraph\">Sairauslomalla oleva Kelan p\u00e4\u00e4johtaja Lasse Lehtonen ei ole toistaiseksi selostanut vallitsevaa tilannetta Kelan johtamisselvityst\u00e4 varten.<\/p>\n<p class=\"paragraph\">Kela kertoo tuoreessa tiedotteessaan johtamisselvityksens\u00e4 etenemisest\u00e4. Kelan on m\u00e4\u00e4r\u00e4 tiedottaa selvityksen tilasta tiistaina.<\/p>\n<p class=\"paragraph\">\u2013 Kelan hallitus saa 16.12. v\u00e4liaikatietoja k\u00e4ynniss\u00e4 olevasta johtamisselvityksest\u00e4. Koska p\u00e4\u00e4johtaja Lasse Lehtosta ei ole voitu kuulla selvityksen valmistelun aikana, sen viimeistely siirtyy ensi vuodelle. Lopullisen selvityksen valmistumisaikataulu varmistuu my\u00f6hemmin, Kela lausuu.<\/p>\n<p class=\"paragraph\">Lehtosen asemasta on k\u00e4yty vilkasta keskustelua julkisuudessa loppuvuodesta. P\u00e4\u00e4johtaja joutui kriittiseen valoon <a href=\"https:\/\/www.iltalehti.fi\/politiikka\/c47ad467-f820-44e4-9cb0-cc688b9ad5db\" rel=\"nofollow noopener\" target=\"_blank\">Iltalehdess\u00e4<\/a> ja muissa medioissa antamiensa lausuntojen pohjalta. Kelassa on levinnyt tyytym\u00e4tt\u00f6myytt\u00e4 ylimm\u00e4n johdon toimintaan.<\/p>\n<p class=\"paragraph\">Viikko sitten perjantaina Lehtonen her\u00e4tti huomiota Brysselin lentokent\u00e4ll\u00e4. H\u00e4nen olemustaan kuvattiin sekavaksi. Lehtosen kerrottiin sittemmin olevan sairaalassa Brysseliss\u00e4. L\u00e4hipiirin mukaan kyse ei ole alkoholin k\u00e4yt\u00f6st\u00e4, vaan muusta terveysasiasta.<\/p>\n<p class=\"paragraph\">Tiistaina Kelan hallitus ja Kelan valtuutetut saavat lis\u00e4tietoa johtamisselvityksen etenemisest\u00e4. Hallituksen puheenjohtaja <strong>Vertti Kiukas<\/strong> ja Kela-valtuutettujen puheenjohtaja, kansanedustaja <strong>Mira Nieminen<\/strong> (ps) pit\u00e4v\u00e4t aiheesta tiedotustilaisuuden tiistaina illalla. Toistaiseksi johtajuusselvityst\u00e4 ei kommentoida julkisuuteen.<\/p>\n","protected":false},"excerpt":{"rendered":"Kela aikoo kertoa johtamisselvityksest\u00e4\u00e4n tiistaina. P\u00e4\u00e4johtaja Lasse Lehtosta ei ole pystytty kuulemaan. Kelan johtajuusselvityksen viimeistely jatkuu. Antti Mannermaa&hellip;\n","protected":false},"author":2,"featured_media":105607,"comment_status":"","ping_status":"","sticky":false,"template":"","format":"standard","meta":{"footnotes":""},"categories":[14],"tags":[35,22,23,26,27,33,31,30,17,24,25,28,29,15,18,21,637,886,887,32,167,19,20,56,16,59,60,61,7249],"class_list":{"0":"post-116812","1":"post","2":"type-post","3":"status-publish","4":"format-standard","5":"has-post-thumbnail","7":"category-ulkomaat","8":"tag-24h","9":"tag-breaking-news","10":"tag-breakingnews","11":"tag-featured-news","12":"tag-featurednews","13":"tag-fi","14":"tag-finland","15":"tag-finnish","16":"tag-headlines","17":"tag-latest-news","18":"tag-latestnews","19":"tag-main-news","20":"tag-mainnews","21":"tag-news","22":"tag-otsikot","23":"tag-paauutiset","24":"tag-politiikka","25":"tag-puolueet","26":"tag-suomen-politiikka","27":"tag-suomi","28":"tag-terveys","29":"tag-top-stories","30":"tag-topstories","31":"tag-ulkomaat","32":"tag-uutiset","33":"tag-world","34":"tag-world-news","35":"tag-worldnews","36":"tag-yrityksen-johtaminen"},"share_on_mastodon":{"url":"https:\/\/pubeurope.com\/@fi\/115722616016755649","error":""},"_links":{"self":[{"href":"https:\/\/www.europesays.com\/fi\/wp-json\/wp\/v2\/posts\/116812","targetHints":{"allow":["GET"]}}],"collection":[{"href":"https:\/\/www.europesays.com\/fi\/wp-json\/wp\/v2\/posts"}],"about":[{"href":"https:\/\/www.europesays.com\/fi\/wp-json\/wp\/v2\/types\/post"}],"author":[{"embeddable":true,"href":"https:\/\/www.europesays.com\/fi\/wp-json\/wp\/v2\/users\/2"}],"replies":[{"embeddable":true,"href":"https:\/\/www.europesays.com\/fi\/wp-json\/wp\/v2\/comments?post=116812"}],"version-history":[{"count":0,"href":"https:\/\/www.europesays.com\/fi\/wp-json\/wp\/v2\/posts\/116812\/revisions"}],"wp:featuredmedia":[{"embeddable":true,"href":"https:\/\/www.europesays.com\/fi\/wp-json\/wp\/v2\/media\/105607"}],"wp:attachment":[{"href":"https:\/\/www.europesays.com\/fi\/wp-json\/wp\/v2\/media?parent=116812"}],"wp:term":[{"taxonomy":"category","embeddable":true,"href":"https:\/\/www.europesays.com\/fi\/wp-json\/wp\/v2\/categories?post=116812"},{"taxonomy":"post_tag","embeddable":true,"href":"https:\/\/www.europesays.com\/fi\/wp-json\/wp\/v2\/tags?post=116812"}],"curies":[{"name":"wp","href":"https:\/\/api.w.org\/{rel}","templated":true}]}}