{"id":116819,"date":"2025-12-15T08:40:04","date_gmt":"2025-12-15T08:40:04","guid":{"rendered":"https:\/\/www.europesays.com\/fi\/116819\/"},"modified":"2025-12-15T08:40:04","modified_gmt":"2025-12-15T08:40:04","slug":"vuoden-parhaan-stephen-king-elokuvan-voi-katsoa-tanaan-kotona-erittain-raaka-ja-brutaali-kehui-kriitikko","status":"publish","type":"post","link":"https:\/\/www.europesays.com\/fi\/116819\/","title":{"rendered":"Vuoden parhaan Stephen King -elokuvan voi katsoa t\u00e4n\u00e4\u00e4n kotona &#8211; &#8221;Eritt\u00e4in raaka ja brutaali&#8221;, kehui kriitikko"},"content":{"rendered":"<p>The Long Walk on julkaistu t\u00e4n\u00e4\u00e4n kotikatseluun.<\/p>\n<p>Syksyll\u00e4 Suomessakin teatterilevityksene p\u00e4\u00e4ssyt <a href=\"https:\/\/muropaketti.com\/avainsana\/the-long-walk\/\" rel=\"nofollow noopener\" target=\"_blank\">The Long Walk<\/a> on ostettavissa eri vod-palveluista nyt noin 14-15 eurolla.<\/p>\n<p>Edullisempi vuokraversio julkaistaan kolmen viikon p\u00e4\u00e4st\u00e4 eli maanantaina 5. tammikuuta.<\/p>\n<p>Francis Lawrencen ohjaama The Long Walk pohjautuu Stephen Kingin salanimell\u00e4\u00a0Richard Bachman julkaisemaan romaaniin.<\/p>\n<p>\u201dSynk\u00e4ss\u00e4 tulevaisuudessa joukko nuoria miehi\u00e4 osallistuu joka vuosi armottomaan kilpailuun nimelt\u00e4 The Long Walk. Miljoonien televisiokatsojien ja innostuneiden v\u00e4kijoukkojen edess\u00e4 he marssivat loputonta tiet\u00e4 pitkin. Palkinto on k\u00e4sitt\u00e4m\u00e4t\u00f6n \u2013 mutta panokset ovat \u00e4\u00e4rimm\u00e4iset. S\u00e4\u00e4nt\u00f6 on yksinkertainen: pid\u00e4 vauhti yll\u00e4 \u2013 tai kuole.\u201d<\/p>\n<p>Muropaketin arviossa The Long Walk sai erinomaisen vastaanoton.<\/p>\n<p>\u201dThe Long Walk on julmuudessaan eritt\u00e4in raaka ja brutaali elokuva, mutta Lawrence antaa siin\u00e4 kuitenkin runsaasti tilaa my\u00f6s Kingille tyypilliselle kaverihengelle. Vaikka kuolema seuraa kaiken aikaa vakaasti vierell\u00e4, elokuvan hahmojen v\u00e4lille rakennetaan l\u00e4mminhenkist\u00e4 toveruutta samaan tapaan kuin rakastetuissa King-elokuvaklassikoissa\u00a0Stand by Me\u00a0ja\u00a0Shawshank Redemption\u201d, toimittaja Helin\u00e4 Laajalahti kehui n\u00e4kem\u00e4\u00e4ns\u00e4.<\/p>\n<p><a href=\"https:\/\/muropaketti.com\/elokuvat\/elokuva-arvostelut\/arvostelu-the-long-walk-on-hieno-julma-ja-tehokas-sovitus-stephen-kingin-romaanista\/\" rel=\"nofollow noopener\" target=\"_blank\">The Long Walk on hieno, julma ja tehokas sovitus Stephen Kingin romaanista<\/a><\/p>\n","protected":false},"excerpt":{"rendered":"The Long Walk on julkaistu t\u00e4n\u00e4\u00e4n kotikatseluun. Syksyll\u00e4 Suomessakin teatterilevityksene p\u00e4\u00e4ssyt The Long Walk on ostettavissa eri vod-palveluista&hellip;\n","protected":false},"author":2,"featured_media":93291,"comment_status":"","ping_status":"","sticky":false,"template":"","format":"standard","meta":{"footnotes":""},"categories":[131],"tags":[155,137,33,173,31,30,172,1620,32,4865,109],"class_list":{"0":"post-116819","1":"post","2":"type-post","3":"status-publish","4":"format-standard","5":"has-post-thumbnail","7":"category-elokuvat","8":"tag-elokuvat","9":"tag-entertainment","10":"tag-fi","11":"tag-film","12":"tag-finland","13":"tag-finnish","14":"tag-movies","15":"tag-stephen-king","16":"tag-suomi","17":"tag-the-long-walk","18":"tag-viihde"},"share_on_mastodon":{"url":"https:\/\/pubeurope.com\/@fi\/115722690425895166","error":""},"_links":{"self":[{"href":"https:\/\/www.europesays.com\/fi\/wp-json\/wp\/v2\/posts\/116819","targetHints":{"allow":["GET"]}}],"collection":[{"href":"https:\/\/www.europesays.com\/fi\/wp-json\/wp\/v2\/posts"}],"about":[{"href":"https:\/\/www.europesays.com\/fi\/wp-json\/wp\/v2\/types\/post"}],"author":[{"embeddable":true,"href":"https:\/\/www.europesays.com\/fi\/wp-json\/wp\/v2\/users\/2"}],"replies":[{"embeddable":true,"href":"https:\/\/www.europesays.com\/fi\/wp-json\/wp\/v2\/comments?post=116819"}],"version-history":[{"count":0,"href":"https:\/\/www.europesays.com\/fi\/wp-json\/wp\/v2\/posts\/116819\/revisions"}],"wp:featuredmedia":[{"embeddable":true,"href":"https:\/\/www.europesays.com\/fi\/wp-json\/wp\/v2\/media\/93291"}],"wp:attachment":[{"href":"https:\/\/www.europesays.com\/fi\/wp-json\/wp\/v2\/media?parent=116819"}],"wp:term":[{"taxonomy":"category","embeddable":true,"href":"https:\/\/www.europesays.com\/fi\/wp-json\/wp\/v2\/categories?post=116819"},{"taxonomy":"post_tag","embeddable":true,"href":"https:\/\/www.europesays.com\/fi\/wp-json\/wp\/v2\/tags?post=116819"}],"curies":[{"name":"wp","href":"https:\/\/api.w.org\/{rel}","templated":true}]}}