{"id":116824,"date":"2025-12-15T08:45:11","date_gmt":"2025-12-15T08:45:11","guid":{"rendered":"https:\/\/www.europesays.com\/fi\/116824\/"},"modified":"2025-12-15T08:45:11","modified_gmt":"2025-12-15T08:45:11","slug":"apple-julkaisi-watchos-26-2n-mukana-uudistettu-unipisteytys-ja-turvallisuusilmoitukset","status":"publish","type":"post","link":"https:\/\/www.europesays.com\/fi\/116824\/","title":{"rendered":"Apple julkaisi watchOS 26.2:n \u2013 mukana uudistettu unipisteytys ja turvallisuusilmoitukset"},"content":{"rendered":"<p>WatchOS 26.2 parantaa unen seurantaa ja turvallisuusilmoituksia.<\/p>\n<p><a href=\"https:\/\/muropaketti.com\/avainsana\/apple\/\" rel=\"nofollow noopener\" target=\"_blank\">Apple<\/a> on julkaissut watchOS 26.2 -p\u00e4ivityksen, joka tuo mukanaan tarkennetun Sleep Score -luokituksen: Very Low (0\u201340), Low (41\u201360), OK (61\u201380), High (81\u201395) ja Very High (96\u2013100). Aiheesta <a href=\"https:\/\/9to5mac.com\/2025\/12\/12\/watchos-26-2-available-now-for-apple-watch-heres-whats-new\/\" target=\"_blank\" rel=\"noreferrer noopener nofollow\">kertoi 9to5Mac<\/a>.<\/p>\n<p>P\u00e4ivitys sis\u00e4lt\u00e4\u00e4 my\u00f6s Enhanced Safety Alerts -toiminnon, joka Yhdysvalloissa varoittaa luonnonkatastrofeista ja h\u00e4t\u00e4tilanteista karttoineen ja lis\u00e4ohjeineen. Lis\u00e4ksi mukana on bugikorjauksia. Esimerkiksi Music-sovelluksen bugi, joka esti seuraavan kappaleen toiston, on korjattu.<\/p>\n<p>P\u00e4ivitys asennetaan Apple Watch -sovelluksen kautta, edellytt\u00e4en ett\u00e4 iPhone on p\u00e4ivitetty iOS 26.2:een.<\/p>\n","protected":false},"excerpt":{"rendered":"WatchOS 26.2 parantaa unen seurantaa ja turvallisuusilmoituksia. Apple on julkaissut watchOS 26.2 -p\u00e4ivityksen, joka tuo mukanaan tarkennetun Sleep&hellip;\n","protected":false},"author":2,"featured_media":90323,"comment_status":"","ping_status":"","sticky":false,"template":"","format":"standard","meta":{"footnotes":""},"categories":[84],"tags":[1029,18094,33,31,30,32,91,92],"class_list":{"0":"post-116824","1":"post","2":"type-post","3":"status-publish","4":"format-standard","5":"has-post-thumbnail","7":"category-teknologia","8":"tag-apple","9":"tag-apple-watch","10":"tag-fi","11":"tag-finland","12":"tag-finnish","13":"tag-suomi","14":"tag-technology","15":"tag-teknologia"},"share_on_mastodon":{"url":"https:\/\/pubeurope.com\/@fi\/115722710266289878","error":""},"_links":{"self":[{"href":"https:\/\/www.europesays.com\/fi\/wp-json\/wp\/v2\/posts\/116824","targetHints":{"allow":["GET"]}}],"collection":[{"href":"https:\/\/www.europesays.com\/fi\/wp-json\/wp\/v2\/posts"}],"about":[{"href":"https:\/\/www.europesays.com\/fi\/wp-json\/wp\/v2\/types\/post"}],"author":[{"embeddable":true,"href":"https:\/\/www.europesays.com\/fi\/wp-json\/wp\/v2\/users\/2"}],"replies":[{"embeddable":true,"href":"https:\/\/www.europesays.com\/fi\/wp-json\/wp\/v2\/comments?post=116824"}],"version-history":[{"count":0,"href":"https:\/\/www.europesays.com\/fi\/wp-json\/wp\/v2\/posts\/116824\/revisions"}],"wp:featuredmedia":[{"embeddable":true,"href":"https:\/\/www.europesays.com\/fi\/wp-json\/wp\/v2\/media\/90323"}],"wp:attachment":[{"href":"https:\/\/www.europesays.com\/fi\/wp-json\/wp\/v2\/media?parent=116824"}],"wp:term":[{"taxonomy":"category","embeddable":true,"href":"https:\/\/www.europesays.com\/fi\/wp-json\/wp\/v2\/categories?post=116824"},{"taxonomy":"post_tag","embeddable":true,"href":"https:\/\/www.europesays.com\/fi\/wp-json\/wp\/v2\/tags?post=116824"}],"curies":[{"name":"wp","href":"https:\/\/api.w.org\/{rel}","templated":true}]}}