{"id":116826,"date":"2025-12-15T08:47:07","date_gmt":"2025-12-15T08:47:07","guid":{"rendered":"https:\/\/www.europesays.com\/fi\/116826\/"},"modified":"2025-12-15T08:47:07","modified_gmt":"2025-12-15T08:47:07","slug":"kallas-eun-tehtava-talla-viikolla-tarkeita-paatoksia-ukrainan-rahoituksesta-uutissuomalainen","status":"publish","type":"post","link":"https:\/\/www.europesays.com\/fi\/116826\/","title":{"rendered":"Kallas: EU:n teht\u00e4v\u00e4 t\u00e4ll\u00e4 viikolla t\u00e4rkeit\u00e4 p\u00e4\u00e4t\u00f6ksi\u00e4 Ukrainan rahoituksesta | Uutissuomalainen"},"content":{"rendered":"<p>EU:n on teht\u00e4v\u00e4 t\u00e4ll\u00e4 viikolla eritt\u00e4in t\u00e4rkeit\u00e4 p\u00e4\u00e4t\u00f6ksi\u00e4 Ukrainan rahoituksesta, unionin ulkoasioiden ja turvallisuuspolitiikan korkea edustaja Kaja Kallas sanoo.<\/p>\n<p>EU-johtajien pit\u00e4isi sopia torstaisessa kokouksessa Ukrainan rahoitustarpeiden turvaamisesta. Kallaksen mukaan neuvottelut j\u00e4\u00e4dytettyjen ven\u00e4l\u00e4isvarojen k\u00e4yt\u00f6st\u00e4 Ukrainan hyv\u00e4ksi ovat kuitenkin k\u00e4ym\u00e4ss\u00e4 yh\u00e4 vaikeammiksi.<\/p>\n<p>Belgia on vastustanut ajatusta Ven\u00e4j\u00e4lt\u00e4 j\u00e4\u00e4dytettyjen varojen k\u00e4teistuotoilla rahoitettavasta sotakorvauslainasta.<\/p>\n<p>Kallaksen mukaan kokouksesta ei kuitenkaan olla l\u00e4hd\u00f6ss\u00e4 ilman p\u00e4\u00e4t\u00f6st\u00e4. <\/p>\n","protected":false},"excerpt":{"rendered":"EU:n on teht\u00e4v\u00e4 t\u00e4ll\u00e4 viikolla eritt\u00e4in t\u00e4rkeit\u00e4 p\u00e4\u00e4t\u00f6ksi\u00e4 Ukrainan rahoituksesta, unionin ulkoasioiden ja turvallisuuspolitiikan korkea edustaja Kaja Kallas&hellip;\n","protected":false},"author":2,"featured_media":116827,"comment_status":"","ping_status":"","sticky":false,"template":"","format":"standard","meta":{"footnotes":""},"categories":[14],"tags":[22,23,1617,26,27,33,31,30,17,70,5679,24,25,28,29,15,18,21,637,32,149,19,20,549,56,4385,16,59,60,61],"class_list":{"0":"post-116826","1":"post","2":"type-post","3":"status-publish","4":"format-standard","5":"has-post-thumbnail","7":"category-ulkomaat","8":"tag-breaking-news","9":"tag-breakingnews","10":"tag-euroopan-unioni","11":"tag-featured-news","12":"tag-featurednews","13":"tag-fi","14":"tag-finland","15":"tag-finnish","16":"tag-headlines","17":"tag-kansainvalinen-politiikka","18":"tag-kansainvaliset-organisaatiot-ja-sopimukset","19":"tag-latest-news","20":"tag-latestnews","21":"tag-main-news","22":"tag-mainnews","23":"tag-news","24":"tag-otsikot","25":"tag-paauutiset","26":"tag-politiikka","27":"tag-suomi","28":"tag-tietojenkasittely-ja-informaatioteknologia","29":"tag-top-stories","30":"tag-topstories","31":"tag-ukrainan-sota","32":"tag-ulkomaat","33":"tag-ulkopolitiikka-ja-kansainvalinen-politiikka","34":"tag-uutiset","35":"tag-world","36":"tag-world-news","37":"tag-worldnews"},"share_on_mastodon":{"url":"","error":"Validation failed: Text character limit of 500 exceeded"},"_links":{"self":[{"href":"https:\/\/www.europesays.com\/fi\/wp-json\/wp\/v2\/posts\/116826","targetHints":{"allow":["GET"]}}],"collection":[{"href":"https:\/\/www.europesays.com\/fi\/wp-json\/wp\/v2\/posts"}],"about":[{"href":"https:\/\/www.europesays.com\/fi\/wp-json\/wp\/v2\/types\/post"}],"author":[{"embeddable":true,"href":"https:\/\/www.europesays.com\/fi\/wp-json\/wp\/v2\/users\/2"}],"replies":[{"embeddable":true,"href":"https:\/\/www.europesays.com\/fi\/wp-json\/wp\/v2\/comments?post=116826"}],"version-history":[{"count":0,"href":"https:\/\/www.europesays.com\/fi\/wp-json\/wp\/v2\/posts\/116826\/revisions"}],"wp:featuredmedia":[{"embeddable":true,"href":"https:\/\/www.europesays.com\/fi\/wp-json\/wp\/v2\/media\/116827"}],"wp:attachment":[{"href":"https:\/\/www.europesays.com\/fi\/wp-json\/wp\/v2\/media?parent=116826"}],"wp:term":[{"taxonomy":"category","embeddable":true,"href":"https:\/\/www.europesays.com\/fi\/wp-json\/wp\/v2\/categories?post=116826"},{"taxonomy":"post_tag","embeddable":true,"href":"https:\/\/www.europesays.com\/fi\/wp-json\/wp\/v2\/tags?post=116826"}],"curies":[{"name":"wp","href":"https:\/\/api.w.org\/{rel}","templated":true}]}}