{"id":116837,"date":"2025-12-15T09:12:08","date_gmt":"2025-12-15T09:12:08","guid":{"rendered":"https:\/\/www.europesays.com\/fi\/116837\/"},"modified":"2025-12-15T09:12:08","modified_gmt":"2025-12-15T09:12:08","slug":"kesko-osti-iso-valkeisen-kiinteistokokonaisuuden-kuopion-paivarannasta-suunnitteilla-uusi-k-rauta-2030-luvulla","status":"publish","type":"post","link":"https:\/\/www.europesays.com\/fi\/116837\/","title":{"rendered":"Kesko osti Iso-Valkeisen kiinteist\u00f6kokonaisuuden Kuopion P\u00e4iv\u00e4rannasta \u2013 suunnitteilla uusi K-Rauta 2030-luvulla"},"content":{"rendered":"<p>Kesko on ostanut Kuopion P\u00e4iv\u00e4rannan kaupunginosassa sijaitsevan kiinteist\u00f6osakeyhti\u00f6n. Kaupassa Keskolle siirtyy nelj\u00e4 tonttia ja hotellirakennukset. Kauppaan sis\u00e4ltyy koko alueen takaisinvuokraaminen myyj\u00e4lle v\u00e4hint\u00e4\u00e4n kolmeksi vuodeksi.<\/p>\n<p>Tonteilla toimii t\u00e4ll\u00e4 hetkell\u00e4 hotelli IsoValkeinen, joka jatkaa toimintaansa normaalisti. Tonteilla on hotellirakennusten lis\u00e4ksi rakentamatonta aluetta. <\/p>\n<p>Kesko hakee alueelle kaavamuutosta, joka mahdollistaisi yhten\u00e4isen liiketilarakentamisen tonteille tulevaisuudessa. T\u00e4m\u00e4nhetkisen arvion mukaan mahdollisen K-Rauta-myym\u00e4l\u00e4n rakentaminen voisi kaavoitusprosessin etenemisest\u00e4 riippuen alkaa aikaisintaan vuonna 2030. <\/p>\n<p>\u201dUskomme Kuopion vetovoimaan. P\u00e4iv\u00e4rannan kaupunginosaan on hyv\u00e4t liikenneyhteydet niin pohjoisesta kuin etel\u00e4st\u00e4. Haluamme tarjota rautakauppapalvelut paikallisesti sek\u00e4 Kuopion ett\u00e4 l\u00e4hialueiden asukkaille ja m\u00f6kkeilij\u00f6ille\u201d, Keskon It\u00e4-Suomen aluejohtaja <strong>Jesse Kohonen<\/strong> sanoo.<\/p>\n<p>Mahdollinen uusi K-Rauta vahvistaisi rautakauppapalveluiden tarjontaa Kuopion alueella. Kuopiossa on t\u00e4ll\u00e4 hetkell\u00e4 yksi K-Rauta-kauppa Lev\u00e4sentiell\u00e4. Kesko investoi my\u00f6s Kuopion p\u00e4ivitt\u00e4istavarakauppaan rakennuttamalla Kuopion Haapaniemeen uutta K-Citymarketia, joka avautuu kev\u00e4\u00e4ll\u00e4 2026.<\/p>\n<p>Lis\u00e4tietoja:<br \/>Jesse Kohonen, aluejohtaja, Kesko, puh. 040 572 4031, jesse.kohonen(a)kesko.fi<\/p>\n","protected":false},"excerpt":{"rendered":"Kesko on ostanut Kuopion P\u00e4iv\u00e4rannan kaupunginosassa sijaitsevan kiinteist\u00f6osakeyhti\u00f6n. Kaupassa Keskolle siirtyy nelj\u00e4 tonttia ja hotellirakennukset. Kauppaan sis\u00e4ltyy koko&hellip;\n","protected":false},"author":2,"featured_media":22199,"comment_status":"","ping_status":"","sticky":false,"template":"","format":"standard","meta":{"footnotes":""},"categories":[76],"tags":[79,77,33,31,30,32,78],"class_list":{"0":"post-116837","1":"post","2":"type-post","3":"status-publish","4":"format-standard","5":"has-post-thumbnail","7":"category-talous","8":"tag-business","9":"tag-economy","10":"tag-fi","11":"tag-finland","12":"tag-finnish","13":"tag-suomi","14":"tag-talous"},"share_on_mastodon":{"url":"https:\/\/pubeurope.com\/@fi\/115722816527125543","error":""},"_links":{"self":[{"href":"https:\/\/www.europesays.com\/fi\/wp-json\/wp\/v2\/posts\/116837","targetHints":{"allow":["GET"]}}],"collection":[{"href":"https:\/\/www.europesays.com\/fi\/wp-json\/wp\/v2\/posts"}],"about":[{"href":"https:\/\/www.europesays.com\/fi\/wp-json\/wp\/v2\/types\/post"}],"author":[{"embeddable":true,"href":"https:\/\/www.europesays.com\/fi\/wp-json\/wp\/v2\/users\/2"}],"replies":[{"embeddable":true,"href":"https:\/\/www.europesays.com\/fi\/wp-json\/wp\/v2\/comments?post=116837"}],"version-history":[{"count":0,"href":"https:\/\/www.europesays.com\/fi\/wp-json\/wp\/v2\/posts\/116837\/revisions"}],"wp:featuredmedia":[{"embeddable":true,"href":"https:\/\/www.europesays.com\/fi\/wp-json\/wp\/v2\/media\/22199"}],"wp:attachment":[{"href":"https:\/\/www.europesays.com\/fi\/wp-json\/wp\/v2\/media?parent=116837"}],"wp:term":[{"taxonomy":"category","embeddable":true,"href":"https:\/\/www.europesays.com\/fi\/wp-json\/wp\/v2\/categories?post=116837"},{"taxonomy":"post_tag","embeddable":true,"href":"https:\/\/www.europesays.com\/fi\/wp-json\/wp\/v2\/tags?post=116837"}],"curies":[{"name":"wp","href":"https:\/\/api.w.org\/{rel}","templated":true}]}}