{"id":116838,"date":"2025-12-15T09:13:10","date_gmt":"2025-12-15T09:13:10","guid":{"rendered":"https:\/\/www.europesays.com\/fi\/116838\/"},"modified":"2025-12-15T09:13:10","modified_gmt":"2025-12-15T09:13:10","slug":"talvisaa-sekoitti-kanarian-teneriffalla-15-metria-lunta","status":"publish","type":"post","link":"https:\/\/www.europesays.com\/fi\/116838\/","title":{"rendered":"Talvis\u00e4\u00e4 sekoitti Kanarian: Teneriffalla 1,5 metri\u00e4 lunta"},"content":{"rendered":"<p>Emilia-myrsky pani Kanariansaaret sekaisin.<\/p>\n<p><img decoding=\"async\" class=\"image image-show image-preview\" src=\"https:\/\/www.europesays.com\/fi\/wp-content\/uploads\/2025\/12\/59ac6e34e2a6536e3e0893f298ecfd052d2198a1811e5019855f64fa75df9a06.jpg\" alt=\"\"\/><img decoding=\"async\" class=\"image image-show\" src=\"https:\/\/www.europesays.com\/fi\/wp-content\/uploads\/2025\/12\/1765789990_174_59ac6e34e2a6536e3e0893f298ecfd052d2198a1811e5019855f64fa75df9a06.jpg\" alt=\"\"\/><\/p>\n<p>Ihmiset katselivat raivoavaa merta Teneriffan Tacorontessa lauantaina. Alueen viranomaiset ovat kehottaneet varomaan rannikkoalueita myrskys\u00e4\u00e4ll\u00e4. ALL OVER PRESS<\/p>\n<p class=\"paragraph\">Useat Kanariansaarista saivat viikonvaihteessa talvikauden ensimm\u00e4isen lumipeitteen.<\/p>\n<p class=\"paragraph\">Paikallismedia <a href=\"https:\/\/www.canarianweekly.com\/posts\/Hurricane-force-winds-and-first-snowfall-mark-arrival-of-Storm-Emilia-in-the-Canary-Islands\" target=\"_blank\" rel=\"noopener nofollow\">Canarian Weekly<\/a> kertoo, ett\u00e4 Emilia-myrsky toi talven ensilumet saaristoon jo perjantaina. Lumisateista on raportoitu ainakin Teneriffan Teiden tulivuoren alueella ja Gran Canarian vuoristossa.<\/p>\n<p class=\"paragraph\">Teidell\u00e4 lumensyvyys on per\u00e4ti 1,5 metri\u00e4 eli enemm\u00e4n kuin kertaakaan sitten vuoden 2016, <a href=\"https:\/\/www.canarianweekly.com\/posts\/Mount-Teide-remains-closed-as-is-more-than-a-metre-and-a-half-of-snow\" target=\"_blank\" rel=\"noopener nofollow\">Canarian Weekly<\/a> kertoo. Koko Teiden kansallispuisto on suljettu.<\/p>\n<p class=\"paragraph\"><a href=\"https:\/\/www.foreca.fi\/lumensyvyys\" target=\"_blank\" rel=\"noopener nofollow\">Forecan<\/a> mukaan Suomessa on juuri nyt eniten lunta Kittil\u00e4ss\u00e4 ja Ylitorniolla, joissa lumensyvyydeksi on mitattu 55 senttimetri\u00e4.<\/p>\n<p class=\"paragraph\">Gran Canarialla muun muassa tiet turistien suosimalle Pico de las Nievesin vuorenhuipulle on jouduttu sulkemaan turvallisuussyist\u00e4. Asiasta uutisoi niin ik\u00e4\u00e4n <a href=\"https:\/\/www.canarianweekly.com\/posts\/Key-roads-remain-closed-in-Gran-Canaria-including-access-to-Pico-de-las-Nieves\" target=\"_blank\" rel=\"noopener nofollow\">Canarian Weekly<\/a>.<\/p>\n<p class=\"paragraph\">Kuvia ja videoita Kanarian lumisista maisemista ovat julkaisseet viestipalvelu X:ss\u00e4 muun muassa <a href=\"https:\/\/x.com\/GranCanariaCab\/status\/1999785936289452350\" target=\"_blank\" rel=\"noopener nofollow\">Gran Canarian aluehallinto<\/a> ja <a href=\"https:\/\/x.com\/RTVCes\/status\/2000214128539910207\" target=\"_blank\" rel=\"noopener nofollow\">RTVC-televisiokanava<\/a>.<\/p>\n<p class=\"paragraph\">Lumi- ja vesisateiden lis\u00e4ksi my\u00f6s rajut tuulet ovat aiheuttaneet ongelmia Kanarialla. Teneriffan Iza\u00f1a-vuoren mittausasemalla tuulenpuuskat yltyiv\u00e4t hurrikaaninopeuksiin eli jopa 132 kilometriin tunnissa.<\/p>\n<p class=\"paragraph\">Voimakkaat tuulet ovat aiheuttaneet kymmeni\u00e4 onnettomuuksia ja sotkeneet my\u00f6s lentoliikennett\u00e4 useilla Kanariansaarilla.<\/p>\n","protected":false},"excerpt":{"rendered":"Emilia-myrsky pani Kanariansaaret sekaisin. Ihmiset katselivat raivoavaa merta Teneriffan Tacorontessa lauantaina. Alueen viranomaiset ovat kehottaneet varomaan rannikkoalueita myrskys\u00e4\u00e4ll\u00e4.&hellip;\n","protected":false},"author":2,"featured_media":116839,"comment_status":"","ping_status":"","sticky":false,"template":"","format":"standard","meta":{"footnotes":""},"categories":[14],"tags":[35,22,23,26,27,33,31,30,17,713,24,25,28,29,715,15,18,21,710,714,32,19,20,56,16,872,59,60,61],"class_list":{"0":"post-116838","1":"post","2":"type-post","3":"status-publish","4":"format-standard","5":"has-post-thumbnail","7":"category-ulkomaat","8":"tag-24h","9":"tag-breaking-news","10":"tag-breakingnews","11":"tag-featured-news","12":"tag-featurednews","13":"tag-fi","14":"tag-finland","15":"tag-finnish","16":"tag-headlines","17":"tag-lampotila-saa","18":"tag-latest-news","19":"tag-latestnews","20":"tag-main-news","21":"tag-mainnews","22":"tag-meteorologia","23":"tag-news","24":"tag-otsikot","25":"tag-paauutiset","26":"tag-saa","27":"tag-saaennustus","28":"tag-suomi","29":"tag-top-stories","30":"tag-topstories","31":"tag-ulkomaat","32":"tag-uutiset","33":"tag-vesistot","34":"tag-world","35":"tag-world-news","36":"tag-worldnews"},"share_on_mastodon":{"url":"https:\/\/pubeurope.com\/@fi\/115722820659913602","error":""},"_links":{"self":[{"href":"https:\/\/www.europesays.com\/fi\/wp-json\/wp\/v2\/posts\/116838","targetHints":{"allow":["GET"]}}],"collection":[{"href":"https:\/\/www.europesays.com\/fi\/wp-json\/wp\/v2\/posts"}],"about":[{"href":"https:\/\/www.europesays.com\/fi\/wp-json\/wp\/v2\/types\/post"}],"author":[{"embeddable":true,"href":"https:\/\/www.europesays.com\/fi\/wp-json\/wp\/v2\/users\/2"}],"replies":[{"embeddable":true,"href":"https:\/\/www.europesays.com\/fi\/wp-json\/wp\/v2\/comments?post=116838"}],"version-history":[{"count":0,"href":"https:\/\/www.europesays.com\/fi\/wp-json\/wp\/v2\/posts\/116838\/revisions"}],"wp:featuredmedia":[{"embeddable":true,"href":"https:\/\/www.europesays.com\/fi\/wp-json\/wp\/v2\/media\/116839"}],"wp:attachment":[{"href":"https:\/\/www.europesays.com\/fi\/wp-json\/wp\/v2\/media?parent=116838"}],"wp:term":[{"taxonomy":"category","embeddable":true,"href":"https:\/\/www.europesays.com\/fi\/wp-json\/wp\/v2\/categories?post=116838"},{"taxonomy":"post_tag","embeddable":true,"href":"https:\/\/www.europesays.com\/fi\/wp-json\/wp\/v2\/tags?post=116838"}],"curies":[{"name":"wp","href":"https:\/\/api.w.org\/{rel}","templated":true}]}}