{"id":116850,"date":"2025-12-15T09:34:09","date_gmt":"2025-12-15T09:34:09","guid":{"rendered":"https:\/\/www.europesays.com\/fi\/116850\/"},"modified":"2025-12-15T09:34:09","modified_gmt":"2025-12-15T09:34:09","slug":"eetu-heinonen-luo-uraa-espanjan-koripalloparketeilla","status":"publish","type":"post","link":"https:\/\/www.europesays.com\/fi\/116850\/","title":{"rendered":"Eetu Heinonen luo uraa Espanjan koripalloparketeilla"},"content":{"rendered":"<p class=\"summary\">15.12.2025 11:00 19-vuotias Eetu Heinonen edustaa t\u00e4ll\u00e4 kaudella Gran Canarian organisaatiota. Munkkiniemen Kisapoikien kasvatti on mukana seuran edustusjoukkueen kokoonpanossa (15 pelaajaa) Espanjan ACB-liigassa sek\u00e4 Mestarien liigassa.<\/p>\n<p>Peliminuutteja ei ole viel\u00e4 irronnut sarjaotteluissa. Sen sijaan joukkueen Mestareiden liigan kahdessa ottelussa Heinonen on jo k\u00e4ynyt parketilla ja tehnyt avauspisteens\u00e4 portugalilaista Benficaa vastaan. Gran Canarian joukkueessa pelaavat mm. amerikkalais-slovenialainen Mike Tobey, Ranskan maajoukkuepelaaja Andrew Albicy, Argentiinan maajoukkuepelaaja Nicolas Brussino. Valmentajana toimii kokenut slovenialainen Jaka Lakovic.<\/p>\n<p>Eetu pelaa lis\u00e4ksi seuran U22-sarjan joukkueessa. Espanjan koripalloliitto, sponsorit ja ACB-liigan 15 seuraa perustivat t\u00e4m\u00e4n uuden sarjan, jotta maan nuoret pelaajat pysyisiv\u00e4t kotimaassa, eiv\u00e4tk\u00e4 rynt\u00e4isi USA:n yliopistosarjoihin.<\/p>\n<p>Gran Canarian nuoret ovat aloittaneet sarjan mainiosti ja johtavat lohkoaan saldolla 7-1 (7 voittoa ja yksi tappio). Marras-joulukuun taitteen kaksoiskierroksella Gran Canaria voitti vieraissa Bilbao Basketin 68-74 ja Burgos Grupo de Santiagon 96-105. Avausviisikossa pelaava Eetu Heinonen tehtaili Bilbaota vastaan lukemat 18 pistett\u00e4, 5 levypalloa ja 4 sy\u00f6tt\u00f6\u00e4 sek\u00e4 pallonriistoa. Santiagoa vastaan Heinonen oli tehokas ratkaisuhetkill\u00e4 upottamalla kahdessa minuutissa kolme kolmosta. H\u00e4nen kokonaissaldonsa oli 19 pistett\u00e4 67 prosentin heittotarkkuudella sek\u00e4 nelj\u00e4 levypalloa ja koriin johtanutta sy\u00f6tt\u00f6\u00e4.<\/p>\n<p>Eetu Heinonen aloitti Espanjan vuotensa jo 14-vuotiaana 2020 16-vuotiaan Joona-veljens\u00e4 kanssa Madridissa. Koripallovalmentaja ja nyky\u00e4\u00e4n my\u00f6s urheilumanageri Elias R\u00e4is\u00e4nen auttoi yhteyksiss\u00e4 Heinosia Madridin vuosina. Veljekset harjoittelivat ja pelasivat Zentro Basketissa. My\u00f6s Miikka Muurinen on pelannut yhden kauden Zentrossa. Joona Heinonen edusti kolme kautta Zentroa ja siirtyi nelj\u00e4nneksi kaudeksi Espanjan kakkostasolle Pablo Burgosiin ja palasi sen j\u00e4lkeen Suomeen ja edustaa nyt toista kautta Korisliigan Kouvolan Kouvoja.<\/p>\n<p>Koripalloharjoittelun ja pelaamisen ohella Eetu Heinonen on suorittanut Espanjan-vuosinaan et\u00e4n\u00e4 lukio-opintonsa ja kirjoitti t\u00e4n\u00e4 syksyn\u00e4 ylioppilaaksi, ylim\u00e4\u00e4r\u00e4isen espanjan kielen luonnollisesti arvosanalla laudatur.<\/p>\n","protected":false},"excerpt":{"rendered":"15.12.2025 11:00 19-vuotias Eetu Heinonen edustaa t\u00e4ll\u00e4 kaudella Gran Canarian organisaatiota. Munkkiniemen Kisapoikien kasvatti on mukana seuran edustusjoukkueen&hellip;\n","protected":false},"author":2,"featured_media":116851,"comment_status":"","ping_status":"","sticky":false,"template":"","format":"standard","meta":{"footnotes":""},"categories":[158],"tags":[33,31,30,159,32,160],"class_list":{"0":"post-116850","1":"post","2":"type-post","3":"status-publish","4":"format-standard","5":"has-post-thumbnail","7":"category-urheilu","8":"tag-fi","9":"tag-finland","10":"tag-finnish","11":"tag-sports","12":"tag-suomi","13":"tag-urheilu"},"share_on_mastodon":{"url":"https:\/\/pubeurope.com\/@fi\/115722902878467836","error":""},"_links":{"self":[{"href":"https:\/\/www.europesays.com\/fi\/wp-json\/wp\/v2\/posts\/116850","targetHints":{"allow":["GET"]}}],"collection":[{"href":"https:\/\/www.europesays.com\/fi\/wp-json\/wp\/v2\/posts"}],"about":[{"href":"https:\/\/www.europesays.com\/fi\/wp-json\/wp\/v2\/types\/post"}],"author":[{"embeddable":true,"href":"https:\/\/www.europesays.com\/fi\/wp-json\/wp\/v2\/users\/2"}],"replies":[{"embeddable":true,"href":"https:\/\/www.europesays.com\/fi\/wp-json\/wp\/v2\/comments?post=116850"}],"version-history":[{"count":0,"href":"https:\/\/www.europesays.com\/fi\/wp-json\/wp\/v2\/posts\/116850\/revisions"}],"wp:featuredmedia":[{"embeddable":true,"href":"https:\/\/www.europesays.com\/fi\/wp-json\/wp\/v2\/media\/116851"}],"wp:attachment":[{"href":"https:\/\/www.europesays.com\/fi\/wp-json\/wp\/v2\/media?parent=116850"}],"wp:term":[{"taxonomy":"category","embeddable":true,"href":"https:\/\/www.europesays.com\/fi\/wp-json\/wp\/v2\/categories?post=116850"},{"taxonomy":"post_tag","embeddable":true,"href":"https:\/\/www.europesays.com\/fi\/wp-json\/wp\/v2\/tags?post=116850"}],"curies":[{"name":"wp","href":"https:\/\/api.w.org\/{rel}","templated":true}]}}