{"id":116855,"date":"2025-12-15T09:38:08","date_gmt":"2025-12-15T09:38:08","guid":{"rendered":"https:\/\/www.europesays.com\/fi\/116855\/"},"modified":"2025-12-15T09:38:08","modified_gmt":"2025-12-15T09:38:08","slug":"honkarakenne-irtisanoo-enintaan-seitseman-lomautusvaltuutus-koskee-yhteensa-134-henkiloa-keski-suomi","status":"publish","type":"post","link":"https:\/\/www.europesays.com\/fi\/116855\/","title":{"rendered":"Honkarakenne irtisanoo enint\u00e4\u00e4n seitsem\u00e4n \u2013\u2009lomautusvaltuutus koskee yhteens\u00e4 134 henkil\u00f6\u00e4 | Keski-Suomi"},"content":{"rendered":"<p>Karstulalainen hirsitalovalmistaja Honkarakenne irtisanoo enint\u00e4\u00e4n seitsem\u00e4n henkil\u00f6\u00e4 marraskuussa alkaneiden muutosneuvottelujen p\u00e4\u00e4tteeksi. Irtisanottavaista ty\u00f6ntekij\u00f6it\u00e4 on kolme, toimihenkil\u00f6it\u00e4 yksi ja ylempi\u00e4 toimihenkil\u00f6it\u00e4 kolme.<\/p>\n<p>Muutosneuvottelujen alkaessa yhti\u00f6 arvioi henkil\u00f6st\u00f6v\u00e4hennystarpeeksi enint\u00e4\u00e4n 19 henkil\u00f6ty\u00f6vuotta. Neuvottelut koskivat yhti\u00f6n koko henkil\u00f6st\u00f6\u00e4 lukuun ottamatta yhti\u00f6n johtoryhm\u00e4n j\u00e4seni\u00e4 ja muutosneuvotteluihin osallistuvia ty\u00f6nantajan edustajia.<\/p>\n<p>Yhti\u00f6n mukaan irtisanomiset pyrit\u00e4\u00e4n toimeenpanemaan 17. joulukuuta 2025 menness\u00e4.<\/p>\n<p>Lis\u00e4ksi kahden toimihenkil\u00f6n ja seitsem\u00e4n ylemm\u00e4n toimihenkil\u00f6n ty\u00f6suhteen ehtoihin tehd\u00e4\u00e4n olennaisia irtisanomisperusteisia muutoksia.<\/p>\n","protected":false},"excerpt":{"rendered":"Karstulalainen hirsitalovalmistaja Honkarakenne irtisanoo enint\u00e4\u00e4n seitsem\u00e4n henkil\u00f6\u00e4 marraskuussa alkaneiden muutosneuvottelujen p\u00e4\u00e4tteeksi. Irtisanottavaista ty\u00f6ntekij\u00f6it\u00e4 on kolme, toimihenkil\u00f6it\u00e4 yksi ja&hellip;\n","protected":false},"author":2,"featured_media":116856,"comment_status":"","ping_status":"","sticky":false,"template":"","format":"standard","meta":{"footnotes":""},"categories":[76],"tags":[79,77,33,31,30,5856,4506,5031,590,32,78,860,1955],"class_list":{"0":"post-116855","1":"post","2":"type-post","3":"status-publish","4":"format-standard","5":"has-post-thumbnail","7":"category-talous","8":"tag-business","9":"tag-economy","10":"tag-fi","11":"tag-finland","12":"tag-finnish","13":"tag-joulu","14":"tag-karstula","15":"tag-lomautukset-ja-irtisanomiset","16":"tag-saarijarven-viitasaaren-seutukunta","17":"tag-suomi","18":"tag-talous","19":"tag-tyoelama","20":"tag-tyottomyys"},"share_on_mastodon":{"url":"https:\/\/pubeurope.com\/@fi\/115722918679762995","error":""},"_links":{"self":[{"href":"https:\/\/www.europesays.com\/fi\/wp-json\/wp\/v2\/posts\/116855","targetHints":{"allow":["GET"]}}],"collection":[{"href":"https:\/\/www.europesays.com\/fi\/wp-json\/wp\/v2\/posts"}],"about":[{"href":"https:\/\/www.europesays.com\/fi\/wp-json\/wp\/v2\/types\/post"}],"author":[{"embeddable":true,"href":"https:\/\/www.europesays.com\/fi\/wp-json\/wp\/v2\/users\/2"}],"replies":[{"embeddable":true,"href":"https:\/\/www.europesays.com\/fi\/wp-json\/wp\/v2\/comments?post=116855"}],"version-history":[{"count":0,"href":"https:\/\/www.europesays.com\/fi\/wp-json\/wp\/v2\/posts\/116855\/revisions"}],"wp:featuredmedia":[{"embeddable":true,"href":"https:\/\/www.europesays.com\/fi\/wp-json\/wp\/v2\/media\/116856"}],"wp:attachment":[{"href":"https:\/\/www.europesays.com\/fi\/wp-json\/wp\/v2\/media?parent=116855"}],"wp:term":[{"taxonomy":"category","embeddable":true,"href":"https:\/\/www.europesays.com\/fi\/wp-json\/wp\/v2\/categories?post=116855"},{"taxonomy":"post_tag","embeddable":true,"href":"https:\/\/www.europesays.com\/fi\/wp-json\/wp\/v2\/tags?post=116855"}],"curies":[{"name":"wp","href":"https:\/\/api.w.org\/{rel}","templated":true}]}}