{"id":116866,"date":"2025-12-15T09:53:09","date_gmt":"2025-12-15T09:53:09","guid":{"rendered":"https:\/\/www.europesays.com\/fi\/116866\/"},"modified":"2025-12-15T09:53:09","modified_gmt":"2025-12-15T09:53:09","slug":"tunnettu-elokuvaohjaaja-rob-reiner-ja-hanen-vaimonsa-loydettiin-kuolleina-kotoaan-uutissuomalainen-2","status":"publish","type":"post","link":"https:\/\/www.europesays.com\/fi\/116866\/","title":{"rendered":"Tunnettu elokuvaohjaaja Rob Reiner ja h\u00e4nen vaimonsa l\u00f6ydettiin kuolleina kotoaan | Uutissuomalainen"},"content":{"rendered":"<p>Tunnettu yhdysvaltalainen elokuvaohjaaja ja n\u00e4yttelij\u00e4 <strong>Rob Reiner<\/strong>, 78, ja h\u00e4nen vaimonsa <strong>Michele Singer Singer<\/strong>, 68, l\u00f6ytyiv\u00e4t kuolleina kodistaan sunnuntaina. Asiasta kertovat uutiskanavat <a href=\"https:\/\/edition.cnn.com\/entertainment\/live-news\/homicide-detectives-investigating-at-address-connected-with-hollywood-director-rob-reiner\" rel=\"nofollow noopener\" target=\"_blank\">CNN<\/a>, <a href=\"https:\/\/www.cbsnews.com\/news\/rob-reiner-2-found-dead-home-los-angeles\/\" rel=\"nofollow noopener\" target=\"_blank\">CBS<\/a> ja brittilehti <a href=\"https:\/\/www.theguardian.com\/film\/2025\/dec\/15\/rob-reiner-director-harry-met-sally-found-dead-with-wife-michele-singer-reiner\" rel=\"nofollow noopener\" target=\"_blank\">The Guardian<\/a>.<\/p>\n<p>Reinerin perhe vahvistaa asian lausunnossaan, josta kertoo <a href=\"https:\/\/variety.com\/2025\/film\/news\/rob-reiner-dead-princess-bride-spinal-tap-1236608541\/\" rel=\"nofollow noopener\" target=\"_blank\">Variety-lehti<\/a>.<\/p>\n<p>\u2013\u2009Olemme surun murtamia t\u00e4st\u00e4 \u00e4killisest\u00e4 menetyksest\u00e4 ja pyyd\u00e4mme yksityisyytt\u00e4 t\u00e4n\u00e4 uskomattoman vaikeana aikana, perheen lausunnossa sanotaan.<\/p>\n<p>Reinerin perheenj\u00e4sen l\u00f6ysi kahden henkil\u00f6n ruumiit Reinerin kodista Los Angelesissa.<\/p>\n<p>Los Angelesin poliisilaitos ei ole vahvistanut kuolleiden henkil\u00f6llisyytt\u00e4, mutta on kertonut ep\u00e4ilev\u00e4ns\u00e4 asiassa henkirikosta.<\/p>\n<p>Mediatietojen mukaan pariskunta kuoli ter\u00e4aseen aiheuttamiin vammoihin.<\/p>\n<p>Reiner tunnetaan ohjaamistaan elokuvista Kun Harry tapasi Sallyn, Prinsessan ry\u00f6st\u00f6 ja Kunnian miehi\u00e4. N\u00e4yttelij\u00e4n\u00e4 h\u00e4n teki l\u00e4pimurtonsa televiosarjassa Perhe on pahin.<\/p>\n<p>People-lehden <a href=\"https:\/\/people.com\/rob-reiner-wife-michele-were-killed-by-son-sources-11868856\" rel=\"nofollow noopener\" target=\"_blank\">mukaan<\/a> perheen pojan ep\u00e4ill\u00e4\u00e4n tappaneen pariskunnan. Los Angelesin poliisi ei ole vahvistanut tietoa ep\u00e4illyst\u00e4.<\/p>\n","protected":false},"excerpt":{"rendered":"Tunnettu yhdysvaltalainen elokuvaohjaaja ja n\u00e4yttelij\u00e4 Rob Reiner, 78, ja h\u00e4nen vaimonsa Michele Singer Singer, 68, l\u00f6ytyiv\u00e4t kuolleina kodistaan&hellip;\n","protected":false},"author":2,"featured_media":116867,"comment_status":"","ping_status":"","sticky":false,"template":"","format":"standard","meta":{"footnotes":""},"categories":[136],"tags":[407,2617,155,137,33,31,30,408,4343,622,154,52,32,2567,140,156,109],"class_list":{"0":"post-116866","1":"post","2":"type-post","3":"status-publish","4":"format-standard","5":"has-post-thumbnail","7":"category-julkkikset","8":"tag-celebrities","9":"tag-cnn","10":"tag-elokuvat","11":"tag-entertainment","12":"tag-fi","13":"tag-finland","14":"tag-finnish","15":"tag-julkkikset","16":"tag-los-angeles","17":"tag-nayttelijat","18":"tag-nayttelijat-teatteri","19":"tag-poliisi","20":"tag-suomi","21":"tag-the-guardian","22":"tag-tv-ja-elokuvat","23":"tag-tv","24":"tag-viihde"},"share_on_mastodon":{"url":"https:\/\/pubeurope.com\/@fi\/115722977431099144","error":""},"_links":{"self":[{"href":"https:\/\/www.europesays.com\/fi\/wp-json\/wp\/v2\/posts\/116866","targetHints":{"allow":["GET"]}}],"collection":[{"href":"https:\/\/www.europesays.com\/fi\/wp-json\/wp\/v2\/posts"}],"about":[{"href":"https:\/\/www.europesays.com\/fi\/wp-json\/wp\/v2\/types\/post"}],"author":[{"embeddable":true,"href":"https:\/\/www.europesays.com\/fi\/wp-json\/wp\/v2\/users\/2"}],"replies":[{"embeddable":true,"href":"https:\/\/www.europesays.com\/fi\/wp-json\/wp\/v2\/comments?post=116866"}],"version-history":[{"count":0,"href":"https:\/\/www.europesays.com\/fi\/wp-json\/wp\/v2\/posts\/116866\/revisions"}],"wp:featuredmedia":[{"embeddable":true,"href":"https:\/\/www.europesays.com\/fi\/wp-json\/wp\/v2\/media\/116867"}],"wp:attachment":[{"href":"https:\/\/www.europesays.com\/fi\/wp-json\/wp\/v2\/media?parent=116866"}],"wp:term":[{"taxonomy":"category","embeddable":true,"href":"https:\/\/www.europesays.com\/fi\/wp-json\/wp\/v2\/categories?post=116866"},{"taxonomy":"post_tag","embeddable":true,"href":"https:\/\/www.europesays.com\/fi\/wp-json\/wp\/v2\/tags?post=116866"}],"curies":[{"name":"wp","href":"https:\/\/api.w.org\/{rel}","templated":true}]}}