{"id":116868,"date":"2025-12-15T09:56:10","date_gmt":"2025-12-15T09:56:10","guid":{"rendered":"https:\/\/www.europesays.com\/fi\/116868\/"},"modified":"2025-12-15T09:56:10","modified_gmt":"2025-12-15T09:56:10","slug":"osallistuja-varoittaa-katsojia-tassa-syy","status":"publish","type":"post","link":"https:\/\/www.europesays.com\/fi\/116868\/","title":{"rendered":"Osallistuja varoittaa katsojia \u2013 T\u00e4ss\u00e4 syy"},"content":{"rendered":"<p>Love Island Australian uusin kausi k\u00e4ynnistyy meill\u00e4 t\u00e4n\u00e4\u00e4n.<\/p>\n<p><img decoding=\"async\" class=\"image image-show image-preview\" src=\"https:\/\/www.europesays.com\/fi\/wp-content\/uploads\/2025\/12\/5e6c7e42467cf99fd93093db26f77ac47fb802d6865d03328dd314e387fccf0f.jpg\" alt=\"\"\/><img decoding=\"async\" class=\"image image-show\" src=\"https:\/\/www.europesays.com\/fi\/wp-content\/uploads\/2025\/12\/1765792570_862_5e6c7e42467cf99fd93093db26f77ac47fb802d6865d03328dd314e387fccf0f.jpg\" alt=\"\"\/><\/p>\n<p>Love Island Australian avausjaksossa esitell\u00e4\u00e4n viisi naista ja viisi miest\u00e4. Yana on kuvassa reunimmaisena oikealla. MTV<\/p>\n<p class=\"paragraph\">Love Island Australia palaa t\u00e4n\u00e4\u00e4n ohjelmistoon tuoreimman seiskakauden merkeiss\u00e4.<\/p>\n<p class=\"paragraph\">N\u00e4m\u00e4 meill\u00e4 nyt alkavat jaksot py\u00f6riv\u00e4t parhaillaan Australiassa, jossa kauden tapahtumista on ehditty uutisoida. Yksi kilpailijoista, <strong>Yana Marks<\/strong>, antoi aiemmin t\u00e4ss\u00e4 kuussa haastattelun <a href=\"https:\/\/www.dailymail.co.uk\/tvshowbiz\/article-15347723\/Love-Island-Australias-Yana-reveals-star-getting-bad-edit-deserves-love.html\" target=\"_blank\" rel=\"noopener nofollow\">The Daily Mailille<\/a>. H\u00e4nen mukaansa katsojien ei pit\u00e4isi uskoa kaikkea, mit\u00e4 he sarjassa n\u00e4kev\u00e4t. Kaikkea ei my\u00f6sk\u00e4\u00e4n n\u00e4ytet\u00e4.<\/p>\n<p class=\"paragraph\">Sydney Plumber Chickina sosiaalisessa mediassa tunnettava Yana itse esimerkiksi harkitsi kulisseissa vakavasti kuvausten keskeytt\u00e4mist\u00e4.<\/p>\n<p class=\"paragraph\">\u2013\u2009Pakkasin jo laukkuni, Yana paljastaa <a href=\"https:\/\/www.who.com.au\/entertainment\/reality-tv\/yana-love-island-australia-2025\/\" target=\"_blank\" rel=\"noopener nofollow\">Who<\/a>-julkaisussa.<\/p>\n<p class=\"paragraph\">Yana joutui \u0161okkiin, kun h\u00e4nen ex-poikayst\u00e4v\u00e4ns\u00e4 yll\u00e4tt\u00e4en k\u00e4veli espanjalaishuvilalle.<\/p>\n<p class=\"paragraph\">\u2013\u2009En halunnut seurata vierest\u00e4, kuinka h\u00e4n aloittaa uuden suhteen.<\/p>\n<p class=\"paragraph\">Lopulta Yana p\u00e4\u00e4tti kuitenkin j\u00e4\u00e4d\u00e4, vaikka \u0161okki iski h\u00e4neen kovemmin kuin mit\u00e4 tuottajat ja katsojat ymm\u00e4rsiv\u00e4tk\u00e4\u00e4n.<\/p>\n<p class=\"paragraph\">\u2013\u2009Se oli el\u00e4m\u00e4ni pohjanoteeraus. En ole koskaan tuntenut samankaltaista kipua.<\/p>\n<p class=\"paragraph\">Ik\u00e4viss\u00e4 merkeiss\u00e4 eronnut pari ehti olla yhdess\u00e4 yli vuoden. Sittemmin Yana haki mukaan Love Islandiin p\u00e4\u00e4st\u00e4kseen yli ex\u00e4st\u00e4\u00e4n, josta h\u00e4n puhuu ensimm\u00e4isen kerran heti realityn avausjaksossa.<\/p>\n<p>Nyt alkava Love Island Australian kausi on nimetty erikseen houkutusten kaudeksi. MTV<\/p>\n<p class=\"paragraph\">Katsomossa sarjaa seurataan arkip\u00e4ivisin. Maksullisella puolella ilmestyv\u00e4t t\u00e4n\u00e4\u00e4n kerta heitolla kaikki t\u00e4m\u00e4n viikon jaksot. Ex ilmestyy kuvioihin viidenness\u00e4 osassa.<\/p>\n<p class=\"paragraph\">\u2013\u2009Min\u00e4 ihan t\u00e4risen, Yana kuvailee jaksossa tunnereaktiotaan.<\/p>\n<p class=\"paragraph\">\u2013\u2009Itken kohta.<\/p>\n<p class=\"paragraph\">Yana on kertonut muille suhteen p\u00e4\u00e4ttyneen, koska mies petti h\u00e4nt\u00e4 \u2013 mink\u00e4 mies kiist\u00e4\u00e4. Sarjassa Yana ja ex ottavat asiasta yhteen. Molemmat syytt\u00e4v\u00e4t toisiaan valehtelemisesta.<\/p>\n<p class=\"paragraph\">Love Island Australia t\u00e4n\u00e4\u00e4n Katsomossa. <a href=\"https:\/\/www.iltalehti.fi\/telkku\/\" rel=\"nofollow noopener\" target=\"_blank\">Katso kaikki\u00a0TV-ohjelmat ja l\u00e4hetysajat Telkun TV-oppaasta<\/a>.<\/p>\n","protected":false},"excerpt":{"rendered":"Love Island Australian uusin kausi k\u00e4ynnistyy meill\u00e4 t\u00e4n\u00e4\u00e4n. Love Island Australian avausjaksossa esitell\u00e4\u00e4n viisi naista ja viisi miest\u00e4.&hellip;\n","protected":false},"author":2,"featured_media":116869,"comment_status":"","ping_status":"","sticky":false,"template":"","format":"standard","meta":{"footnotes":""},"categories":[133],"tags":[35,1074,137,33,31,30,101,2718,6787,979,32,206,156,109],"class_list":{"0":"post-116868","1":"post","2":"type-post","3":"status-publish","4":"format-standard","5":"has-post-thumbnail","7":"category-televisiot","8":"tag-24h","9":"tag-avioliitto-ja-parisuhde","10":"tag-entertainment","11":"tag-fi","12":"tag-finland","13":"tag-finnish","14":"tag-ihmissuhteet","15":"tag-romantiikka","16":"tag-romanttinen-suhde","17":"tag-sahkoinen-media","18":"tag-suomi","19":"tag-televisiot","20":"tag-tv","21":"tag-viihde"},"share_on_mastodon":{"url":"https:\/\/pubeurope.com\/@fi\/115722989435707425","error":""},"_links":{"self":[{"href":"https:\/\/www.europesays.com\/fi\/wp-json\/wp\/v2\/posts\/116868","targetHints":{"allow":["GET"]}}],"collection":[{"href":"https:\/\/www.europesays.com\/fi\/wp-json\/wp\/v2\/posts"}],"about":[{"href":"https:\/\/www.europesays.com\/fi\/wp-json\/wp\/v2\/types\/post"}],"author":[{"embeddable":true,"href":"https:\/\/www.europesays.com\/fi\/wp-json\/wp\/v2\/users\/2"}],"replies":[{"embeddable":true,"href":"https:\/\/www.europesays.com\/fi\/wp-json\/wp\/v2\/comments?post=116868"}],"version-history":[{"count":0,"href":"https:\/\/www.europesays.com\/fi\/wp-json\/wp\/v2\/posts\/116868\/revisions"}],"wp:featuredmedia":[{"embeddable":true,"href":"https:\/\/www.europesays.com\/fi\/wp-json\/wp\/v2\/media\/116869"}],"wp:attachment":[{"href":"https:\/\/www.europesays.com\/fi\/wp-json\/wp\/v2\/media?parent=116868"}],"wp:term":[{"taxonomy":"category","embeddable":true,"href":"https:\/\/www.europesays.com\/fi\/wp-json\/wp\/v2\/categories?post=116868"},{"taxonomy":"post_tag","embeddable":true,"href":"https:\/\/www.europesays.com\/fi\/wp-json\/wp\/v2\/tags?post=116868"}],"curies":[{"name":"wp","href":"https:\/\/api.w.org\/{rel}","templated":true}]}}