{"id":116870,"date":"2025-12-15T10:00:13","date_gmt":"2025-12-15T10:00:13","guid":{"rendered":"https:\/\/www.europesays.com\/fi\/116870\/"},"modified":"2025-12-15T10:00:13","modified_gmt":"2025-12-15T10:00:13","slug":"venalaismedia-riemastui-virhetta-ei-huomannut-kukaan","status":"publish","type":"post","link":"https:\/\/www.europesays.com\/fi\/116870\/","title":{"rendered":"Ven\u00e4l\u00e4ismedia riemastui \u2013\u2009\u201dVirhett\u00e4 ei huomannut kukaan\u201d"},"content":{"rendered":"<p>Fisin moka otettiin ilomielin vastaan Ven\u00e4j\u00e4ll\u00e4.<\/p>\n<p><img decoding=\"async\" class=\"image image-show image-preview\" src=\"https:\/\/www.europesays.com\/fi\/wp-content\/uploads\/2025\/12\/6f50e959c6c0527c66d81b975648006fd10101a2ac8f53417b9866718d3c6879.jpg\" alt=\"\"\/><img decoding=\"async\" class=\"image image-show\" src=\"https:\/\/www.europesays.com\/fi\/wp-content\/uploads\/2025\/12\/1765792811_319_6f50e959c6c0527c66d81b975648006fd10101a2ac8f53417b9866718d3c6879.jpg\" alt=\"\"\/><\/p>\n<p>Darja Neprjajeva oli sunnuntaina 20:s naisten 10 kilometrin vapaan v\u00e4liaikal\u00e4ht\u00f6kilpailussa. EPA \/ AOP<\/p>\n<p class=\"paragraph\">Hiihdon maailmancup jatkui viime viikonloppuna Sveitsin Davosissa, jossa kilpailut tarjosivat yll\u00e4tyksi\u00e4 ja keskustelua her\u00e4tt\u00e4vi\u00e4 k\u00e4\u00e4nteit\u00e4.<\/p>\n<p class=\"paragraph\">Yksi suurimmista puheenaiheista oli ven\u00e4l\u00e4ishiiht\u00e4jien paluu maailmancupiin l\u00e4hes nelj\u00e4n vuoden tauon j\u00e4lkeen.<\/p>\n<p class=\"paragraph\">Lauantaina kilpailtiin sprintit ja sunnuntaina v\u00e4liaikal\u00e4hd\u00f6t, joissa molemmissa olivat mukana Ven\u00e4j\u00e4n nuoret maailmanmestarit <strong>Darja Neprjajeva<\/strong> ja <strong>Saveli Korosteljov<\/strong>.<\/p>\n<p class=\"paragraph\">Kaksikko sai kilpailla, koska molemmat heist\u00e4 ovat l\u00e4p\u00e4isseet Kansainv\u00e4lisen olympiakomitean (KOK) asettamat kriteerit neutraalille urheilijalle.<\/p>\n<p class=\"paragraph\">Kilpailuissa ei saa n\u00e4ky\u00e4 kansallisia tunnuksia, kuten Ven\u00e4j\u00e4n lippua, eik\u00e4 mahdollisesta menestyksest\u00e4 soiteta Ven\u00e4j\u00e4n kansallishymni\u00e4.<\/p>\n<p class=\"paragraph\">Kansainv\u00e4linen hiihtoliitto Fis teki kuitenkin virheen: sek\u00e4 Neprjajevan ett\u00e4 Korosteljovin nimen per\u00e4ss\u00e4 maailmancupin kokonaispisteiss\u00e4 n\u00e4kyy maan lyhenne RUS sek\u00e4 Ven\u00e4j\u00e4n lippu.<\/p>\n<p>Kuvakaappaus Fisin sivuilta. My\u00f6s Korosteljovin nimen vieress\u00e4 oli Ven\u00e4j\u00e4n lippu. <\/p>\n<p class=\"paragraph\">Ven\u00e4l\u00e4ismedia otti tapauksen ilolla vastaan. <a href=\"https:\/\/www.sport.ru\/tt\/nepryaevoy-neojidanno-vernuli-flag-ne-vozmuschalis-daje-ukraintsy\/article635388\/\" target=\"_blank\" rel=\"noopener nofollow\">Sport-sivusto<\/a> huomautti, ett\u00e4 tuoreissa tuloksissa maatunnuksia ei ollut, mutta kokonaistilanteessa Neprjajeva oli j\u00e4lleen \u201dven\u00e4l\u00e4inen\u201d.<\/p>\n<p class=\"paragraph\">\u2013 Kokonaistilanteessa Neprjajeva on todellakin ven\u00e4l\u00e4inen! Virhett\u00e4 ei huomannut kukaan, ei edes valppaat ukrainalaisurheilijat, jotka yleens\u00e4 valittavat t\u00e4llaisista virheist\u00e4 heti muutaman minuutin kuluessa, Sport kirjoitti.<\/p>\n<p class=\"paragraph\">Sivustolla oli my\u00f6s selke\u00e4 n\u00e4kemys jatkosta.<\/p>\n<p class=\"paragraph\">\u2013\u2009Mit\u00e4 lippuun ja hymniin tulee, otetaan ne ensin k\u00e4ytt\u00f6\u00f6n vahingossa ja sitten virallisesti.<\/p>\n<p><a href=\"https:\/\/www.iltalehti.fi\/telkku\/?utm_source=iltalehti.fi&amp;utm_medium=almainternal&amp;utm_campaign=urheilu_artikkelibanneri&amp;utm_content=banner_612_a\" rel=\"nofollow noopener\" target=\"_blank\"><img decoding=\"async\" src=\"https:\/\/www.europesays.com\/fi\/wp-content\/uploads\/2025\/08\/7ef604e47d46ca174b7df4149bd3557dbde56a86d520f8e1b2125548b0a2e03a.png\" alt=\"TV-ohjelmat t\u00e4n\u00e4\u00e4n, TV-opas\"\/><\/a><\/p>\n","protected":false},"excerpt":{"rendered":"Fisin moka otettiin ilomielin vastaan Ven\u00e4j\u00e4ll\u00e4. Darja Neprjajeva oli sunnuntaina 20:s naisten 10 kilometrin vapaan v\u00e4liaikal\u00e4ht\u00f6kilpailussa. EPA \/&hellip;\n","protected":false},"author":2,"featured_media":116871,"comment_status":"","ping_status":"","sticky":false,"template":"","format":"standard","meta":{"footnotes":""},"categories":[158],"tags":[35,33,31,30,2096,41,2668,159,32,1145,160,161],"class_list":{"0":"post-116870","1":"post","2":"type-post","3":"status-publish","4":"format-standard","5":"has-post-thumbnail","7":"category-urheilu","8":"tag-24h","9":"tag-fi","10":"tag-finland","11":"tag-finnish","12":"tag-hiihtolajit","13":"tag-liikunta-ja-urheilu","14":"tag-pohjoismaiset-hiihtolajit","15":"tag-sports","16":"tag-suomi","17":"tag-talviurheilu","18":"tag-urheilu","19":"tag-urheilutapahtumat"},"share_on_mastodon":{"url":"https:\/\/pubeurope.com\/@fi\/115723005278921286","error":""},"_links":{"self":[{"href":"https:\/\/www.europesays.com\/fi\/wp-json\/wp\/v2\/posts\/116870","targetHints":{"allow":["GET"]}}],"collection":[{"href":"https:\/\/www.europesays.com\/fi\/wp-json\/wp\/v2\/posts"}],"about":[{"href":"https:\/\/www.europesays.com\/fi\/wp-json\/wp\/v2\/types\/post"}],"author":[{"embeddable":true,"href":"https:\/\/www.europesays.com\/fi\/wp-json\/wp\/v2\/users\/2"}],"replies":[{"embeddable":true,"href":"https:\/\/www.europesays.com\/fi\/wp-json\/wp\/v2\/comments?post=116870"}],"version-history":[{"count":0,"href":"https:\/\/www.europesays.com\/fi\/wp-json\/wp\/v2\/posts\/116870\/revisions"}],"wp:featuredmedia":[{"embeddable":true,"href":"https:\/\/www.europesays.com\/fi\/wp-json\/wp\/v2\/media\/116871"}],"wp:attachment":[{"href":"https:\/\/www.europesays.com\/fi\/wp-json\/wp\/v2\/media?parent=116870"}],"wp:term":[{"taxonomy":"category","embeddable":true,"href":"https:\/\/www.europesays.com\/fi\/wp-json\/wp\/v2\/categories?post=116870"},{"taxonomy":"post_tag","embeddable":true,"href":"https:\/\/www.europesays.com\/fi\/wp-json\/wp\/v2\/tags?post=116870"}],"curies":[{"name":"wp","href":"https:\/\/api.w.org\/{rel}","templated":true}]}}