{"id":116874,"date":"2025-12-15T10:03:10","date_gmt":"2025-12-15T10:03:10","guid":{"rendered":"https:\/\/www.europesays.com\/fi\/116874\/"},"modified":"2025-12-15T10:03:10","modified_gmt":"2025-12-15T10:03:10","slug":"elon-muskin-tekoaly-antoi-karua-soopaa-bondi-beachin-ampumavalikohtauksesta-yhtion-vastaus-valtamedia-valehtelee","status":"publish","type":"post","link":"https:\/\/www.europesays.com\/fi\/116874\/","title":{"rendered":"Elon Muskin teko\u00e4ly antoi karua soopaa Bondi Beachin ampumav\u00e4likohtauksesta \u2013 Yhti\u00f6n vastaus: \u201dValtamedia valehtelee\u201d"},"content":{"rendered":"<p>Elon Muskin Grok-teko\u00e4ly hallusinoi ampumisv\u00e4likohtauksesta omiaan.<\/p>\n<p><img decoding=\"async\" class=\"image image-show image-preview\" src=\"https:\/\/www.europesays.com\/fi\/wp-content\/uploads\/2025\/12\/d47e62dc574c1ee353a24f2a5daeea972fc44eab2a7a297f4e63632e22f06295.jpg\" alt=\"\"\/><img decoding=\"async\" class=\"image image-show\" src=\"https:\/\/www.europesays.com\/fi\/wp-content\/uploads\/2025\/12\/1765792990_899_d47e62dc574c1ee353a24f2a5daeea972fc44eab2a7a297f4e63632e22f06295.jpg\" alt=\"\"\/><\/p>\n<p>Grok on Elon Muskin omistaman X ai -yhti\u00f6n teko\u00e4lytekele. Matteo Della Torre \/ Alamy Stock Photo<\/p>\n<p class=\"paragraph\">Australiassa Sydneyn kaupungissa tapahtunut Bondi Beachin ampumav\u00e4likohtaus sai erikoisia ulottuvuuksia teknologiamiljard\u00f6\u00f6ri <strong>Elon Muskin<\/strong> omistaman X ai -yhti\u00f6n Grok-teko\u00e4lyn vastauksissa. Grok levitti tapahtumasta valheellista tietoa.<\/p>\n<p class=\"paragraph\">Asiasta kertoneen <a href=\"https:\/\/gizmodo.com\/grok-is-glitching-and-spewing-misinformation-about-the-bondi-beach-shooting-2000699533\" target=\"_blank\" rel=\"noopener nofollow\">Gizmodon mukaan<\/a> Grok ei kyennyt varmistamaan tapahtumia ja kyseenalaisti videon aitoutta. Videolla n\u00e4kyy, kuinka <strong>Ahmed al-Ahmed<\/strong> hy\u00f6kk\u00e4\u00e4 toisen ampujan kimppuun ja ottaa aseen t\u00e4m\u00e4n hallusta<\/p>\n<p class=\"paragraph\">\u2013 T\u00e4m\u00e4 n\u00e4ytt\u00e4isi olevan vanha viraaliksi p\u00e4\u00e4tynyt video miehest\u00e4 kiipe\u00e4m\u00e4ss\u00e4 palmupuuhun, joka on luultavasti harventamassa sit\u00e4. T\u00e4m\u00e4n my\u00f6t\u00e4 oksa tippui maahan ja vaurioitti pys\u00e4k\u00f6ity\u00e4 autoa, Grok tarinoi vastauksessaan.<\/p>\n<p class=\"paragraph\">\u2013 Haut eri l\u00e4hteist\u00e4 eiv\u00e4t n\u00e4yt\u00e4 varmistettua tietoa tapahtumapaikasta, ajankohdasta tai vahingoista. Video voi olla lavastettu; todenper\u00e4isyys on ep\u00e4varma, Grok totesi.<\/p>\n<p class=\"paragraph\">New South Walesin osavaltion p\u00e4\u00e4ministerin mukaan joukkoammuskelussa kuoli 12 ihmist\u00e4 ja loukkaantui 29.<\/p>\n<p class=\"paragraph\">Grokin vastaukset vaikuttivat h\u00e4mmentyneilt\u00e4, ja t\u00e4sm\u00e4tiedon hakeminen oli sille hankalaa. Se muun muassa p\u00e4\u00e4tteli er\u00e4\u00e4n v\u00e4likohtauksessa loukkaantuneen olevan Hamasin ottama israelilaispanttivanki. Vastauksissaan se my\u00f6s sekoitti Bondi Beachin tapahtumat muutamia tunteja aiemmin yhdysvaltalaisen Brownin yliopistolla tapahtuneeseen ammuskeluun.<\/p>\n<p class=\"paragraph\">Gizmodo yritti tavoittaa yhti\u00f6t\u00e4 kommentoimaan Grokin toimintaa, mutta sai yhti\u00f6lt\u00e4 ainoastaan automaattivastauksen: \u201dvaltamedia valehtelee\u201d. Vastauksesta voisi p\u00e4\u00e4tell\u00e4, ett\u00e4 Grok ei k\u00e4yt\u00e4 l\u00e4htein\u00e4\u00e4n mediatietoja.<\/p>\n<p class=\"paragraph\">Grokia on kritisoitu siit\u00e4, ett\u00e4 se v\u00e4ritt\u00e4\u00e4 vastauksiaan Muskin mielipiteiden mukaisiksi. Muun muassa seksuaaliv\u00e4hemmist\u00f6ihin liittyvien teemojen on huomattu Grokin vastauksissa nojaavan Muskin mielipiteisiin.<\/p>\n","protected":false},"excerpt":{"rendered":"Elon Muskin Grok-teko\u00e4ly hallusinoi ampumisv\u00e4likohtauksesta omiaan. Grok on Elon Muskin omistaman X ai -yhti\u00f6n teko\u00e4lytekele. Matteo Della Torre&hellip;\n","protected":false},"author":2,"featured_media":116875,"comment_status":"","ping_status":"","sticky":false,"template":"","format":"standard","meta":{"footnotes":""},"categories":[84],"tags":[35,820,33,31,30,803,121,13294,32,91,92,546],"class_list":{"0":"post-116874","1":"post","2":"type-post","3":"status-publish","4":"format-standard","5":"has-post-thumbnail","7":"category-teknologia","8":"tag-24h","9":"tag-aseet","10":"tag-fi","11":"tag-finland","12":"tag-finnish","13":"tag-levottomuudet-ja-sodat","14":"tag-liikenne-ja-kuljetus","15":"tag-rajahdys","16":"tag-suomi","17":"tag-technology","18":"tag-teknologia","19":"tag-turvallisuus"},"share_on_mastodon":{"url":"https:\/\/pubeurope.com\/@fi\/115723017136105085","error":""},"_links":{"self":[{"href":"https:\/\/www.europesays.com\/fi\/wp-json\/wp\/v2\/posts\/116874","targetHints":{"allow":["GET"]}}],"collection":[{"href":"https:\/\/www.europesays.com\/fi\/wp-json\/wp\/v2\/posts"}],"about":[{"href":"https:\/\/www.europesays.com\/fi\/wp-json\/wp\/v2\/types\/post"}],"author":[{"embeddable":true,"href":"https:\/\/www.europesays.com\/fi\/wp-json\/wp\/v2\/users\/2"}],"replies":[{"embeddable":true,"href":"https:\/\/www.europesays.com\/fi\/wp-json\/wp\/v2\/comments?post=116874"}],"version-history":[{"count":0,"href":"https:\/\/www.europesays.com\/fi\/wp-json\/wp\/v2\/posts\/116874\/revisions"}],"wp:featuredmedia":[{"embeddable":true,"href":"https:\/\/www.europesays.com\/fi\/wp-json\/wp\/v2\/media\/116875"}],"wp:attachment":[{"href":"https:\/\/www.europesays.com\/fi\/wp-json\/wp\/v2\/media?parent=116874"}],"wp:term":[{"taxonomy":"category","embeddable":true,"href":"https:\/\/www.europesays.com\/fi\/wp-json\/wp\/v2\/categories?post=116874"},{"taxonomy":"post_tag","embeddable":true,"href":"https:\/\/www.europesays.com\/fi\/wp-json\/wp\/v2\/tags?post=116874"}],"curies":[{"name":"wp","href":"https:\/\/api.w.org\/{rel}","templated":true}]}}