{"id":116884,"date":"2025-12-15T10:18:09","date_gmt":"2025-12-15T10:18:09","guid":{"rendered":"https:\/\/www.europesays.com\/fi\/116884\/"},"modified":"2025-12-15T10:18:09","modified_gmt":"2025-12-15T10:18:09","slug":"oneplussan-sisarbrandilta-tulossa-pian-realme-16-pro-puhelimet-ensimmaiset-kuvat-ja-tiedot-julki","status":"publish","type":"post","link":"https:\/\/www.europesays.com\/fi\/116884\/","title":{"rendered":"OnePlussan sisarbr\u00e4ndilt\u00e4 tulossa pian Realme 16 Pro -puhelimet \u2013 ensimm\u00e4iset kuvat ja tiedot julki"},"content":{"rendered":"<p><a href=\"https:\/\/www.europesays.com\/fi\/wp-content\/uploads\/2025\/12\/realme_16_pro_pre.jpg\" data-lightbox=\"image\"><img fetchpriority=\"high\" decoding=\"async\" aria-describedby=\"caption-attachment-270481\" class=\"size-full wp-image-270481\" src=\"data:image\/svg+xml,%3Csvg%20xmlns=\" http:=\"\" alt=\"Realme 16 Pro Master Gold -v\u00e4riss\u00e4.\" width=\"1200\" height=\"675\" data-lazy- data-lazy- data-lazy-src=\"https:\/\/www.europesays.com\/fi\/wp-content\/uploads\/2025\/12\/realme_16_pro_pre.jpg\"\/><\/a><\/p>\n<p id=\"caption-attachment-270481\" class=\"wp-caption-text\">Realme 16 Pro Master Gold -v\u00e4riss\u00e4.<\/p>\n<p>OnePlussan sisarbr\u00e4ndi Realme on aloittanut vihjailemaan jo uusien keskihintaluokan Realme 16 Pro -sarjan \u00e4lypuhelinten julkaisusta.<\/p>\n<p>Tulossa ovat Realme 16 Pro ja Pro+.<\/p>\n<p>Realme 16 Pro -puhelimet ovat tuomassa uuden designin, jonka Realme on toteuttanut yhteisty\u00f6ss\u00e4 suunnittelija Naoto Fukasawan kanssa. Aiemmin sama suunnittelija ja Realme tekiv\u00e4t yhteisty\u00f6t\u00e4 vuonna 2021 Realme GT Master Editionissa.<\/p>\n<p style=\"width: 98%; text-align: center; font-size:13px; border-bottom: 1px solid #C8C8C8; line-height: 0.1em; margin: 8px 1% 16px 1%;\">MAINOS (ARTIKKELI JATKUU ALLA)<\/p>\n<p>Kuvissa parhaimmin on n\u00e4hty Realme 16 Pron vaalea v\u00e4rivaihtoehto, jossa on mahdollisesti vegaani- eli tekonahkaviimeistely. Takana kulmistaan py\u00f6ristetyn neli\u00f6n muotoinen kamerakohouma sijaitsee vasemmassa yl\u00e4kulmassa. Kamerakohouma muistuttaa muodoltaan OnePlus 15:ss\u00e4 n\u00e4hty\u00e4, mutta k\u00e4\u00e4nnettyn\u00e4 kyljelleen. Kamerakohouma on viimeistelty kiilt\u00e4v\u00e4ll\u00e4 kultaisella v\u00e4rill\u00e4.<\/p>\n<p>V\u00e4rivaihtoehtoina Realme 16 Pro -puhelimista tulossa ovat Master Goldin lis\u00e4ksi Pebble Gray, Orchid Purple ja Camellia Pink.<\/p>\n<p>Realme 16 Pro+:ssa on Qualcommin Snapdragon-sarjan j\u00e4rjestelm\u00e4piiri, kun taas Realme 16 Pro on varustettu viranomaistietokannan mukaan MediaTekin Dimensity 7 300 -j\u00e4rjestelm\u00e4piirill\u00e4.<\/p>\n<p style=\"width: 98%; text-align: center; font-size:13px; border-bottom: 1px solid #C8C8C8; line-height: 0.1em; margin: 8px 1% 16px 1%;\">MAINOS (ARTIKKELI JATKUU ALLA)<\/p>\n<p>Muuten Realme 16 Pro -puhelimet ovat tarjoamassa 6,78 tuuman AMOLED-n\u00e4yt\u00f6n 1,5K-tarkkuudella ja 144 hertsin virkistystaajuudella, 200 megapikselin p\u00e4\u00e4kameran ja 8 megapikselin ultralaajakulmakameran sek\u00e4 50 megapikselin etukameran. Pro+:ssa voi olla lis\u00e4ksi periskooppirakenteinen telekamera.<\/p>\n<p>Akun kapasiteetti ylt\u00e4\u00e4 jopa 7 000 milliampeerituntiin ja tuettuna on 80 watin pikalataus.<\/p>\n<p>Muita ominaisuuksia ovat esimerkiksi ultra\u00e4\u00e4niteknologian sormenj\u00e4lkilukija n\u00e4yt\u00f6n alla sek\u00e4 infrapunal\u00e4hetin.<\/p>\n<p>Realme 16 Pro -puhelimet esitelt\u00e4neen aluksi Kiinan ja Intian markkinoille, eik\u00e4 saatavuudesta Euroopassa ole viel\u00e4 tietoa.<\/p>\n<p><a href=\"https:\/\/www.europesays.com\/fi\/wp-content\/uploads\/2025\/12\/realme_16_pro_colors.jpg\" data-lightbox=\"image\"><img loading=\"lazy\" decoding=\"async\" aria-describedby=\"caption-attachment-270487\" class=\"size-full wp-image-270487\" src=\"data:image\/svg+xml,%3Csvg%20xmlns=\" http:=\"\" alt=\"Realme 16 Pron v\u00e4rivaihtoehtoja.\" width=\"359\" height=\"594\" data-lazy- data-lazy- data-lazy-src=\"https:\/\/www.europesays.com\/fi\/wp-content\/uploads\/2025\/12\/realme_16_pro_colors.jpg\"\/><\/a><\/p>\n<p id=\"caption-attachment-270487\" class=\"wp-caption-text\">Realme 16 Pron v\u00e4rivaihtoehtoja.<\/p>\n<p>Mainos: <a href=\"https:\/\/hinta.fi\/?src=gPp6fX03\" target=\"_blank\" rel=\"nofollow noopener\">Noin 1 600 000 tuotteen hintavertailu ja hintaseuranta &#8211; katso Hinta.fist\u00e4 mist\u00e4 saat halvimmalla<\/a><\/p>\n","protected":false},"excerpt":{"rendered":"Realme 16 Pro Master Gold -v\u00e4riss\u00e4. OnePlussan sisarbr\u00e4ndi Realme on aloittanut vihjailemaan jo uusien keskihintaluokan Realme 16 Pro&hellip;\n","protected":false},"author":2,"featured_media":116885,"comment_status":"","ping_status":"","sticky":false,"template":"","format":"standard","meta":{"footnotes":""},"categories":[85],"tags":[33,31,30,419,418,32,91,92],"class_list":{"0":"post-116884","1":"post","2":"type-post","3":"status-publish","4":"format-standard","5":"has-post-thumbnail","7":"category-mobiili","8":"tag-fi","9":"tag-finland","10":"tag-finnish","11":"tag-mobiili","12":"tag-mobile","13":"tag-suomi","14":"tag-technology","15":"tag-teknologia"},"share_on_mastodon":{"url":"https:\/\/pubeurope.com\/@fi\/115723075936203774","error":""},"_links":{"self":[{"href":"https:\/\/www.europesays.com\/fi\/wp-json\/wp\/v2\/posts\/116884","targetHints":{"allow":["GET"]}}],"collection":[{"href":"https:\/\/www.europesays.com\/fi\/wp-json\/wp\/v2\/posts"}],"about":[{"href":"https:\/\/www.europesays.com\/fi\/wp-json\/wp\/v2\/types\/post"}],"author":[{"embeddable":true,"href":"https:\/\/www.europesays.com\/fi\/wp-json\/wp\/v2\/users\/2"}],"replies":[{"embeddable":true,"href":"https:\/\/www.europesays.com\/fi\/wp-json\/wp\/v2\/comments?post=116884"}],"version-history":[{"count":0,"href":"https:\/\/www.europesays.com\/fi\/wp-json\/wp\/v2\/posts\/116884\/revisions"}],"wp:featuredmedia":[{"embeddable":true,"href":"https:\/\/www.europesays.com\/fi\/wp-json\/wp\/v2\/media\/116885"}],"wp:attachment":[{"href":"https:\/\/www.europesays.com\/fi\/wp-json\/wp\/v2\/media?parent=116884"}],"wp:term":[{"taxonomy":"category","embeddable":true,"href":"https:\/\/www.europesays.com\/fi\/wp-json\/wp\/v2\/categories?post=116884"},{"taxonomy":"post_tag","embeddable":true,"href":"https:\/\/www.europesays.com\/fi\/wp-json\/wp\/v2\/tags?post=116884"}],"curies":[{"name":"wp","href":"https:\/\/api.w.org\/{rel}","templated":true}]}}