{"id":116888,"date":"2025-12-15T10:22:08","date_gmt":"2025-12-15T10:22:08","guid":{"rendered":"https:\/\/www.europesays.com\/fi\/116888\/"},"modified":"2025-12-15T10:22:08","modified_gmt":"2025-12-15T10:22:08","slug":"yksi-hbo-maxin-taman-vuoden-parhaista-sarjoista-jatkuu-tammikuussa-nyt-paljastettiin-paivakin","status":"publish","type":"post","link":"https:\/\/www.europesays.com\/fi\/116888\/","title":{"rendered":"Yksi HBO Maxin t\u00e4m\u00e4n vuoden parhaista sarjoista jatkuu tammikuussa &#8211; nyt paljastettiin p\u00e4iv\u00e4kin"},"content":{"rendered":"<p>The Pitt -sarjan toinen kausi n\u00e4hd\u00e4\u00e4n vain vuosi ensimm\u00e4isen j\u00e4lkeen.<\/p>\n<p><a href=\"https:\/\/muropaketti.com\/avainsana\/hbo-max\/\" rel=\"nofollow noopener\" target=\"_blank\">HBO Max<\/a> on julkaissut avauskohtauksen The Pitt -sarjan kakkoskaudesta ja paljastaa samalla sen ensi-illan ajankohdan.  <\/p>\n<p>Sarjan p\u00e4\u00e4osassa ja vastaavana tuottajana jatkaa Noah Wyle. Kakkoskausi sijoittuu noin 10 kuukautta ensimm\u00e4isen kauden tapahtumien j\u00e4lkeiseen aikaan, Yhdysvaltain itsen\u00e4isyysp\u00e4iv\u00e4\u00e4n 4. kes\u00e4kuuta.<\/p>\n<p>R. Scott Gemmillin luoma The Pitt kertoo terveydenhuollon ty\u00f6ntekij\u00f6iden kohtaamista haasteista nykyp\u00e4iv\u00e4n Yhdysvalloissa. Reaaliajassa etenev\u00e4ss\u00e4 sarjassa seurataan sairaalan etulinjan ty\u00f6ntekij\u00f6it\u00e4 Pennsylvanian Pittsburghissa.<\/p>\n<p>Wylen lis\u00e4ksi kakkoskaudella rooleihinsa palaavat Katherine LaNasa, Shawn Hatosy, Taylor Dearden, Patrick Ball, Isa Briones, Fiona Dourif, Supriya Ganesh, Shabana Azeez ja Gerran Howell. <\/p>\n<p>Uusina kasvoina mukana ovat muun muassa Sepideh Moafi, Charles Baker, Irene Choi, La\u00ebtitia Hollard, Lucas Iverson, Lawrence Robinson. Brittany Allen, Bonita Friedericy, Taylor Handley ja Jeff Kober.<\/p>\n<p>Kehutun ja 13 Emmy-ehdokkuutta saaneen sarjan ensimm\u00e4inen kausi alkoi suoratoistopalvelussa t\u00e4m\u00e4n vuoden tammikuussa.<\/p>\n<p>The Pittin kakkoskausi py\u00f6r\u00e4ht\u00e4\u00e4 k\u00e4yntiin HBO Maxilla 9. tammikuuta.<\/p>\n","protected":false},"excerpt":{"rendered":"The Pitt -sarjan toinen kausi n\u00e4hd\u00e4\u00e4n vain vuosi ensimm\u00e4isen j\u00e4lkeen. HBO Max on julkaissut avauskohtauksen The Pitt -sarjan&hellip;\n","protected":false},"author":2,"featured_media":116889,"comment_status":"","ping_status":"","sticky":false,"template":"","format":"standard","meta":{"footnotes":""},"categories":[133],"tags":[137,33,31,30,280,1369,32,206,5273,156,109],"class_list":{"0":"post-116888","1":"post","2":"type-post","3":"status-publish","4":"format-standard","5":"has-post-thumbnail","7":"category-televisiot","8":"tag-entertainment","9":"tag-fi","10":"tag-finland","11":"tag-finnish","12":"tag-hbo-max","13":"tag-sarjat","14":"tag-suomi","15":"tag-televisiot","16":"tag-the-pitt","17":"tag-tv","18":"tag-viihde"},"share_on_mastodon":{"url":"https:\/\/pubeurope.com\/@fi\/115723091447140360","error":""},"_links":{"self":[{"href":"https:\/\/www.europesays.com\/fi\/wp-json\/wp\/v2\/posts\/116888","targetHints":{"allow":["GET"]}}],"collection":[{"href":"https:\/\/www.europesays.com\/fi\/wp-json\/wp\/v2\/posts"}],"about":[{"href":"https:\/\/www.europesays.com\/fi\/wp-json\/wp\/v2\/types\/post"}],"author":[{"embeddable":true,"href":"https:\/\/www.europesays.com\/fi\/wp-json\/wp\/v2\/users\/2"}],"replies":[{"embeddable":true,"href":"https:\/\/www.europesays.com\/fi\/wp-json\/wp\/v2\/comments?post=116888"}],"version-history":[{"count":0,"href":"https:\/\/www.europesays.com\/fi\/wp-json\/wp\/v2\/posts\/116888\/revisions"}],"wp:featuredmedia":[{"embeddable":true,"href":"https:\/\/www.europesays.com\/fi\/wp-json\/wp\/v2\/media\/116889"}],"wp:attachment":[{"href":"https:\/\/www.europesays.com\/fi\/wp-json\/wp\/v2\/media?parent=116888"}],"wp:term":[{"taxonomy":"category","embeddable":true,"href":"https:\/\/www.europesays.com\/fi\/wp-json\/wp\/v2\/categories?post=116888"},{"taxonomy":"post_tag","embeddable":true,"href":"https:\/\/www.europesays.com\/fi\/wp-json\/wp\/v2\/tags?post=116888"}],"curies":[{"name":"wp","href":"https:\/\/api.w.org\/{rel}","templated":true}]}}