{"id":116894,"date":"2025-12-15T10:30:10","date_gmt":"2025-12-15T10:30:10","guid":{"rendered":"https:\/\/www.europesays.com\/fi\/116894\/"},"modified":"2025-12-15T10:30:10","modified_gmt":"2025-12-15T10:30:10","slug":"koutsi-linjan-9-reittia-pidennetaan-tornionmaessa","status":"publish","type":"post","link":"https:\/\/www.europesays.com\/fi\/116894\/","title":{"rendered":"Koutsi-linjan 9 reitti\u00e4 pidennet\u00e4\u00e4n Tornionm\u00e4ess\u00e4"},"content":{"rendered":"<p><strong>Linjojen 9, 9A ja 9K uusi ajoreitti jatkaa Tornionm\u00e4ess\u00e4 Nevantielle ja Syd\u00e4nmaantielle asti. Muutokset tulevat voimaan 5.1.2026. Samalla tehd\u00e4\u00e4n muutos arki-iltojen viimeisiin l\u00e4ht\u00f6aikoihin.<\/strong><\/p>\n<p>Uuden joukkoliikennelinjaston toimivuutta on seurattu tarkasti l\u00e4pi syksyn. Linjalla 9 tehtiin havainto, ett\u00e4 linja ehtii p\u00e4\u00e4tepisteeseens\u00e4 Tornionm\u00e4ess\u00e4 noin 5 minuuttia ennen suunniteltua aikaansa. T\u00e4m\u00e4 antoi mahdollisuuden asiakaspalautteissa esille nousseisiin pyynt\u00f6ihin saada joukkoliikenteen linja my\u00f6s Tornionm\u00e4en Nevantielle. 5.1.2026 alkaen linjat 9, 9A ja 9K Jaalan suunnasta jatkavat siis matkaansa viel\u00e4 Edukon toimipisteiden ohitse, ja ajavat lenkin Nevantien ja Syd\u00e4nmaantien kautta Karjalankadulle. Reitin p\u00e4\u00e4tepiste on jatkossa pys\u00e4kill\u00e4 <strong>Harjuntie L<\/strong>, josta my\u00f6s paluureitti kohti Jaalaa l\u00e4htee Karjalankatua ja Utinkatua pitkin. Muutoksesta ei aiheudu joukkoliikenteelle merkitt\u00e4vi\u00e4 kustannuksia, sill\u00e4 pidennetty linja pystyt\u00e4\u00e4n ajamaan l\u00e4hes samalla aikataululla.<\/p>\n<p>Aikataulumuutos arki-iltoihin<\/p>\n<p>Teht\u00e4v\u00e4t aikataulumuutokset koskevat arki-iltoja. 5.1.2026 alkaen viimeinen l\u00e4ht\u00f6 Jaalasta on kello 18:10 (ennen kello 17:20) sek\u00e4 viimeinen l\u00e4ht\u00f6 Tornionm\u00e4est\u00e4 kello 19:20 (ennen kello 19:05). Aikataulumuutoksilla varmistetaan kuljettajien ty\u00f6- ja lepoaikas\u00e4\u00e4d\u00f6sten toteutuminen kaikissa tilanteissa. Reitti- ja aikataulumuutokset n\u00e4kyv\u00e4t Koutsin nettisivuilla jo nyt ja reittioppaassa 5.1.2026 alkaen.<\/p>\n<p>Liitteen\u00e4 kartta: Linjan 9 reitti Tornionm\u00e4ess\u00e4 5.1.2026 alkaen<\/p>\n<p><strong>Lis\u00e4tietoja: <\/strong><\/p>\n<p><a href=\"https:\/\/www.kouvola.fi\/linja-9\/\" rel=\"nofollow noopener\" target=\"_blank\"><strong>Linja 9, 9A, 9K &#8211; Kouvolan kaupunki<\/strong><\/a><strong> (Tornionm\u00e4en suuntaan)<\/strong><\/p>\n<p><a href=\"https:\/\/www.kouvola.fi\/linja-9-9a-9k\/\" rel=\"nofollow noopener\" target=\"_blank\"><strong>Linja 9, 9A, 9K &#8211; Kouvolan kaupunki<\/strong><\/a><strong> (Jaalan suuntaan)<\/strong><\/p>\n","protected":false},"excerpt":{"rendered":"Linjojen 9, 9A ja 9K uusi ajoreitti jatkaa Tornionm\u00e4ess\u00e4 Nevantielle ja Syd\u00e4nmaantielle asti. Muutokset tulevat voimaan 5.1.2026. Samalla&hellip;\n","protected":false},"author":2,"featured_media":116895,"comment_status":"","ping_status":"","sticky":false,"template":"","format":"standard","meta":{"footnotes":""},"categories":[76],"tags":[79,77,33,31,30,32,78],"class_list":{"0":"post-116894","1":"post","2":"type-post","3":"status-publish","4":"format-standard","5":"has-post-thumbnail","7":"category-talous","8":"tag-business","9":"tag-economy","10":"tag-fi","11":"tag-finland","12":"tag-finnish","13":"tag-suomi","14":"tag-talous"},"share_on_mastodon":{"url":"https:\/\/pubeurope.com\/@fi\/115723123239735701","error":""},"_links":{"self":[{"href":"https:\/\/www.europesays.com\/fi\/wp-json\/wp\/v2\/posts\/116894","targetHints":{"allow":["GET"]}}],"collection":[{"href":"https:\/\/www.europesays.com\/fi\/wp-json\/wp\/v2\/posts"}],"about":[{"href":"https:\/\/www.europesays.com\/fi\/wp-json\/wp\/v2\/types\/post"}],"author":[{"embeddable":true,"href":"https:\/\/www.europesays.com\/fi\/wp-json\/wp\/v2\/users\/2"}],"replies":[{"embeddable":true,"href":"https:\/\/www.europesays.com\/fi\/wp-json\/wp\/v2\/comments?post=116894"}],"version-history":[{"count":0,"href":"https:\/\/www.europesays.com\/fi\/wp-json\/wp\/v2\/posts\/116894\/revisions"}],"wp:featuredmedia":[{"embeddable":true,"href":"https:\/\/www.europesays.com\/fi\/wp-json\/wp\/v2\/media\/116895"}],"wp:attachment":[{"href":"https:\/\/www.europesays.com\/fi\/wp-json\/wp\/v2\/media?parent=116894"}],"wp:term":[{"taxonomy":"category","embeddable":true,"href":"https:\/\/www.europesays.com\/fi\/wp-json\/wp\/v2\/categories?post=116894"},{"taxonomy":"post_tag","embeddable":true,"href":"https:\/\/www.europesays.com\/fi\/wp-json\/wp\/v2\/tags?post=116894"}],"curies":[{"name":"wp","href":"https:\/\/api.w.org\/{rel}","templated":true}]}}