{"id":116912,"date":"2025-12-15T10:57:09","date_gmt":"2025-12-15T10:57:09","guid":{"rendered":"https:\/\/www.europesays.com\/fi\/116912\/"},"modified":"2025-12-15T10:57:09","modified_gmt":"2025-12-15T10:57:09","slug":"stubb-on-tapaamassa-zelenskyia-berliinissa-uutissuomalainen","status":"publish","type":"post","link":"https:\/\/www.europesays.com\/fi\/116912\/","title":{"rendered":"Stubb on tapaamassa Zelenskyi\u00e4 Berliiniss\u00e4 | Uutissuomalainen"},"content":{"rendered":"<p>Presidentti Alexander Stubb on tapaamisessa Ukrainan presidentti Volodymyr Zelenskyin kanssa Berliiniss\u00e4. Asiasta kertoi maanantaina aamup\u00e4iv\u00e4ll\u00e4 tasavallan presidentin kanslia. <\/p>\n<p>Sunnuntaina Stubb tapasi Yhdysvaltain neuvottelijoita Berliiniss\u00e4 Saksassa ohi virallisen ohjelman. Asiasta <a href=\"https:\/\/www.bild.de\/politik\/ausland-und-internationales\/finnen-premier-beim-friedensgipfel-trump-kumpel-ueberraschend-im-hotel-adlon-693f2704f679420e000b4d87?t_ref=https%3A%2F%2Fwww.hs.fi%2F\" rel=\"nofollow noopener\" target=\"_blank\">uutisoivat<\/a> ainakin saksalaislehti Bild ja Suomessa <a href=\"https:\/\/www.hs.fi\/kirjeenvaihtajat\/art-2000011691810.html\" rel=\"nofollow noopener\" target=\"_blank\">Helsingin Sanomat<\/a> omien l\u00e4hteidens\u00e4 pohjalta.<\/p>\n<p>Sunnuntaina my\u00f6s Zelenskyi keskusteli Ukrainan rauhanneuvottelujen tilanteesta muun muassa Yhdysvaltain erityisl\u00e4hettil\u00e4\u00e4n Steve Witkoffin ja presidentti Donald Trumpin v\u00e4vyn Jared Kushnerin kanssa.<\/p>\n<p>Bildin mukaan Stubb keskusteli Witkoffin sek\u00e4 Kushnerin kanssa my\u00f6h\u00e4\u00e4n illalla hotellissa. Tapaaminen kesti noin 20 minuuttia.<\/p>\n<p>Virallisesti Saksan is\u00e4nn\u00f6im\u00e4 kokous Ukrainan rauhasta Euroopan ja Yhdysvaltain johtajien kesken k\u00e4ynnistyy maanantaina alkuillasta. <\/p>\n<p>\t\t\t\tKeskusteluja my\u00f6s sunnuntaina<\/p>\n<p>Zelenskyi on aiemmin kertonut, ett\u00e4 Ukraina on valmis luopumaan pyrkimyksist\u00e4 liitty\u00e4 sotilasliitto Naton j\u00e4seneksi. Vastineeksi Zelenskyi toivoo riitt\u00e4vi\u00e4 turvatakuita Yhdysvalloilta ja Euroopalta.<\/p>\n<p>Ennen sunnuntain tapaamista Zelenskyi sanoi, ett\u00e4 Yhdysvallat ei ollut vastannut Ukrainan l\u00e4hett\u00e4m\u00e4\u00e4n p\u00e4ivitettyyn versioon rauhansuunnitelmasta. Yhdysvaltojen alkuper\u00e4inen, Ven\u00e4j\u00e4lle my\u00f6t\u00e4mielinen 28-kohtainen rauhansuunnitelma kutistui Ukrainan ja muiden eurooppalaisten versiossa 20-kohtaiseksi.<\/p>\n<p>Yhdysvallat on muun muassa painostanut Ukrainaa suostumaan alueluovutuksiin Donetskissa, mihin Ukraina ei ole ollut halukas.<\/p>\n<p>Zelenskyi on sanonut toivovansa, ett\u00e4 Yhdysvallat tukisi ajatusta rintamalinjan j\u00e4\u00e4dytt\u00e4misest\u00e4.<\/p>\n","protected":false},"excerpt":{"rendered":"Presidentti Alexander Stubb on tapaamisessa Ukrainan presidentti Volodymyr Zelenskyin kanssa Berliiniss\u00e4. Asiasta kertoi maanantaina aamup\u00e4iv\u00e4ll\u00e4 tasavallan presidentin kanslia.&hellip;\n","protected":false},"author":2,"featured_media":116913,"comment_status":"","ping_status":"","sticky":false,"template":"","format":"standard","meta":{"footnotes":""},"categories":[14],"tags":[22,23,585,26,27,33,31,30,17,46,104,24,25,28,29,15,18,21,142,637,32,19,20,549,56,16,638,59,60,61],"class_list":{"0":"post-116912","1":"post","2":"type-post","3":"status-publish","4":"format-standard","5":"has-post-thumbnail","7":"category-ulkomaat","8":"tag-breaking-news","9":"tag-breakingnews","10":"tag-donald-trump","11":"tag-featured-news","12":"tag-featurednews","13":"tag-fi","14":"tag-finland","15":"tag-finnish","16":"tag-headlines","17":"tag-helsingin-sanomat","18":"tag-helsinki","19":"tag-latest-news","20":"tag-latestnews","21":"tag-main-news","22":"tag-mainnews","23":"tag-news","24":"tag-otsikot","25":"tag-paauutiset","26":"tag-poliitikot","27":"tag-politiikka","28":"tag-suomi","29":"tag-top-stories","30":"tag-topstories","31":"tag-ukrainan-sota","32":"tag-ulkomaat","33":"tag-uutiset","34":"tag-valtiovalta","35":"tag-world","36":"tag-world-news","37":"tag-worldnews"},"share_on_mastodon":{"url":"https:\/\/pubeurope.com\/@fi\/115723229197835562","error":""},"_links":{"self":[{"href":"https:\/\/www.europesays.com\/fi\/wp-json\/wp\/v2\/posts\/116912","targetHints":{"allow":["GET"]}}],"collection":[{"href":"https:\/\/www.europesays.com\/fi\/wp-json\/wp\/v2\/posts"}],"about":[{"href":"https:\/\/www.europesays.com\/fi\/wp-json\/wp\/v2\/types\/post"}],"author":[{"embeddable":true,"href":"https:\/\/www.europesays.com\/fi\/wp-json\/wp\/v2\/users\/2"}],"replies":[{"embeddable":true,"href":"https:\/\/www.europesays.com\/fi\/wp-json\/wp\/v2\/comments?post=116912"}],"version-history":[{"count":0,"href":"https:\/\/www.europesays.com\/fi\/wp-json\/wp\/v2\/posts\/116912\/revisions"}],"wp:featuredmedia":[{"embeddable":true,"href":"https:\/\/www.europesays.com\/fi\/wp-json\/wp\/v2\/media\/116913"}],"wp:attachment":[{"href":"https:\/\/www.europesays.com\/fi\/wp-json\/wp\/v2\/media?parent=116912"}],"wp:term":[{"taxonomy":"category","embeddable":true,"href":"https:\/\/www.europesays.com\/fi\/wp-json\/wp\/v2\/categories?post=116912"},{"taxonomy":"post_tag","embeddable":true,"href":"https:\/\/www.europesays.com\/fi\/wp-json\/wp\/v2\/tags?post=116912"}],"curies":[{"name":"wp","href":"https:\/\/api.w.org\/{rel}","templated":true}]}}