{"id":116921,"date":"2025-12-15T11:18:10","date_gmt":"2025-12-15T11:18:10","guid":{"rendered":"https:\/\/www.europesays.com\/fi\/116921\/"},"modified":"2025-12-15T11:18:10","modified_gmt":"2025-12-15T11:18:10","slug":"norjan-hiihtolupaus-vakavassa-onnettomuudessa","status":"publish","type":"post","link":"https:\/\/www.europesays.com\/fi\/116921\/","title":{"rendered":"Norjan hiihtolupaus vakavassa onnettomuudessa"},"content":{"rendered":"<p>William Bostadl\u00f8kken makaa sairaalassa.<\/p>\n<p><img decoding=\"async\" class=\"image image-show image-preview\" src=\"https:\/\/www.europesays.com\/fi\/wp-content\/uploads\/2025\/12\/1143448cade1c6910c013a2b1fea497d892055b567c01e2f75300e10abb81da0.jpg\" alt=\"\"\/><img decoding=\"async\" class=\"image image-show\" src=\"https:\/\/www.europesays.com\/fi\/wp-content\/uploads\/2025\/12\/1765797489_563_1143448cade1c6910c013a2b1fea497d892055b567c01e2f75300e10abb81da0.jpg\" alt=\"\"\/><\/p>\n<p>Freestyle-hiihdossa tehd\u00e4\u00e4n vaarallisia temppuja. Kuva ei liity tapaukseen. AOP<\/p>\n<p class=\"paragraph\">Norjalainen freestyle-laskija <strong>William Bostadl\u00f8kken<\/strong>, 20, loukkaantui harjoituksissa Yhdysvalloissa ja on sairaalahoidossa Denveriss\u00e4 vakavien vammojen vuoksi.<\/p>\n<p class=\"paragraph\">Norjan hiihtoliiton tiedotteen mukaan nuorukaisella on useita murtumia, muun muassa sel\u00e4ss\u00e4. H\u00e4net leikattiin keskiviikkoiltap\u00e4iv\u00e4n\u00e4 paikallista aikaa.<\/p>\n<p class=\"paragraph\">\u2013 William on tajuissaan ja hereill\u00e4, ja h\u00e4n saa hyv\u00e4\u00e4 hoitoa Denverin sairaalassa, Norjan maajoukkueen l\u00e4\u00e4k\u00e4ri <strong>Andreas Persson<\/strong> kertoo.<\/p>\n<p class=\"paragraph\">H\u00e4n ei halunnut viel\u00e4 arvioida Bostadl\u00f8kkenin tilaa tarkemmin, mutta my\u00f6nsi, ett\u00e4 vammat ovat vakavia.<\/p>\n<p class=\"paragraph\">\u2013 Seuraavat p\u00e4iv\u00e4t antavat meille lis\u00e4\u00e4 vastauksia, Persson totesi.<\/p>\n<p class=\"paragraph\">Freestyle-hiiht\u00e4jien urheilujohtaja <strong>Christoffer Schach<\/strong> on sairaalassa yhdess\u00e4 Bostadl\u00f8kkenin kanssa. My\u00f6s lupauksen perhe matkalla Denveriin.<\/p>\n<p class=\"paragraph\">Bostadl\u00f8kkenia pidet\u00e4\u00e4n yhten\u00e4 Norjan lupaavimmista freestyle-laskijoista.<\/p>\n<p class=\"paragraph\">L\u00e4hde: <a href=\"https:\/\/www.nettavisen.no\/sport\/norsk-friski-hap-innlagt-pa-sykehus-i-usa\/s\/5-95-2776106\" target=\"_blank\" rel=\"noopener nofollow\">Nettavisen<\/a><\/p>\n<p><a href=\"https:\/\/www.iltalehti.fi\/telkku\/?utm_source=iltalehti.fi&amp;utm_medium=almainternal&amp;utm_campaign=urheilu_artikkelibanneri&amp;utm_content=banner_612_a\" rel=\"nofollow noopener\" target=\"_blank\"><img decoding=\"async\" src=\"https:\/\/www.europesays.com\/fi\/wp-content\/uploads\/2025\/08\/7ef604e47d46ca174b7df4149bd3557dbde56a86d520f8e1b2125548b0a2e03a.png\" alt=\"TV-ohjelmat t\u00e4n\u00e4\u00e4n, TV-opas\"\/><\/a><\/p>\n","protected":false},"excerpt":{"rendered":"William Bostadl\u00f8kken makaa sairaalassa. Freestyle-hiihdossa tehd\u00e4\u00e4n vaarallisia temppuja. Kuva ei liity tapaukseen. AOP Norjalainen freestyle-laskija William Bostadl\u00f8kken, 20,&hellip;\n","protected":false},"author":2,"featured_media":116922,"comment_status":"","ping_status":"","sticky":false,"template":"","format":"standard","meta":{"footnotes":""},"categories":[158],"tags":[35,33,31,30,2096,501,41,159,32,502,167,160],"class_list":{"0":"post-116921","1":"post","2":"type-post","3":"status-publish","4":"format-standard","5":"has-post-thumbnail","7":"category-urheilu","8":"tag-24h","9":"tag-fi","10":"tag-finland","11":"tag-finnish","12":"tag-hiihtolajit","13":"tag-laakaripalvelut","14":"tag-liikunta-ja-urheilu","15":"tag-sports","16":"tag-suomi","17":"tag-terveydenhoito","18":"tag-terveys","19":"tag-urheilu"},"share_on_mastodon":{"url":"https:\/\/pubeurope.com\/@fi\/115723312187409269","error":""},"_links":{"self":[{"href":"https:\/\/www.europesays.com\/fi\/wp-json\/wp\/v2\/posts\/116921","targetHints":{"allow":["GET"]}}],"collection":[{"href":"https:\/\/www.europesays.com\/fi\/wp-json\/wp\/v2\/posts"}],"about":[{"href":"https:\/\/www.europesays.com\/fi\/wp-json\/wp\/v2\/types\/post"}],"author":[{"embeddable":true,"href":"https:\/\/www.europesays.com\/fi\/wp-json\/wp\/v2\/users\/2"}],"replies":[{"embeddable":true,"href":"https:\/\/www.europesays.com\/fi\/wp-json\/wp\/v2\/comments?post=116921"}],"version-history":[{"count":0,"href":"https:\/\/www.europesays.com\/fi\/wp-json\/wp\/v2\/posts\/116921\/revisions"}],"wp:featuredmedia":[{"embeddable":true,"href":"https:\/\/www.europesays.com\/fi\/wp-json\/wp\/v2\/media\/116922"}],"wp:attachment":[{"href":"https:\/\/www.europesays.com\/fi\/wp-json\/wp\/v2\/media?parent=116921"}],"wp:term":[{"taxonomy":"category","embeddable":true,"href":"https:\/\/www.europesays.com\/fi\/wp-json\/wp\/v2\/categories?post=116921"},{"taxonomy":"post_tag","embeddable":true,"href":"https:\/\/www.europesays.com\/fi\/wp-json\/wp\/v2\/tags?post=116921"}],"curies":[{"name":"wp","href":"https:\/\/api.w.org\/{rel}","templated":true}]}}