{"id":116927,"date":"2025-12-15T11:23:07","date_gmt":"2025-12-15T11:23:07","guid":{"rendered":"https:\/\/www.europesays.com\/fi\/116927\/"},"modified":"2025-12-15T11:23:07","modified_gmt":"2025-12-15T11:23:07","slug":"eu-johtajaa-pyydettiin-ohittamaan-ryopytys-usaa-ei-haluta-arsyttaa-kriittisella-hetkella","status":"publish","type":"post","link":"https:\/\/www.europesays.com\/fi\/116927\/","title":{"rendered":"EU-johtajaa pyydettiin ohittamaan ry\u00f6pytys &#8211; USA:a ei haluta \u00e4rsytt\u00e4\u00e4 kriittisell\u00e4 hetkell\u00e4"},"content":{"rendered":"<p class=\"ai-optimize-6 ai-optimize-introduction\">EU-komission puheenjohtajaa <strong>Ursula von der Leyeni\u00e4<\/strong> on pyydetty olemaan vastaamatta, ainakaan samalla mitalla, Yhdysvaltojen EU:ta kohtaan suuntaamaan ankaraan arvosteluun. L\u00e4hteet <a href=\"https:\/\/www.ft.com\/content\/294c24e6-0647-4ebb-ab08-278061e8fe19?shareType=nongift\" target=\"_blank\" rel=\"noopener nofollow\">kertovat<\/a> Financial Times -lehdelle, ett\u00e4 Ukrainan presidentti <strong>Volodymyr Zelenskyi<\/strong> ja Naton p\u00e4\u00e4sihteeri <strong>Mark Rutte<\/strong> esittiv\u00e4t pyynn\u00f6n von der Leyenille viime viikolla.<\/p>\n<p class=\"ai-optimize-7\">Yhdysvaltain presidentti <strong>Donald Trump<\/strong> on syytt\u00e4nyt EU-johtajia heikoiksi ja julkaissut kansallisen turvallisuuden <a href=\"https:\/\/www.verkkouutiset.fi\/a\/valkoinen-talo-haluaa-lopettaa-naton-laajenemisen\/#44cd70c2\" target=\"_blank\" rel=\"noopener nofollow\">strategian<\/a>, jossa kehotetaan \u201dviljelem\u00e4\u00e4n vastarintaa\u201d sit\u00e4 suuntaa vastaan, jonne Eurooppa on matkalla.<\/p>\n<p class=\"ai-optimize-8\">Eurooppalaiset instituutiot n\u00e4hd\u00e4\u00e4n Yhdysvaltojen hallinnossa vastakkaisina amerikkalaisille intresseille ja EU:n riskiksi n\u00e4hd\u00e4\u00e4n jopa \u201dsivilisaation poispyyhkiytyminen\u201d. Unionin digis\u00e4\u00e4ntely, maahanmuuttopolitiikka ja kest\u00e4v\u00e4n kehityksen m\u00e4\u00e4r\u00e4ykset on nostettu tikunnokkaan.<\/p>\n<p class=\"ai-optimize-9\">Tilanne on aiheuttanut Euroopan komissiossa h\u00e4mmennyst\u00e4 ja erimielisyyksi\u00e4 siit\u00e4, miten arvosteluun tulisi vastata, virkamiehet kertovat. Joitakin EU:n edustajista \u00e4rsytt\u00e4\u00e4, ett\u00e4 reaktio on ollut niin vaitonainen. Toisaalta tavoitteena on konfliktia hillitsem\u00e4ll\u00e4 pyrki\u00e4 pit\u00e4m\u00e4\u00e4n Yhdysvallat sitoutuneena Ukrainan rauhanprosessiin.<\/p>\n<p class=\"ai-optimize-10\">\u2013 Emme oikein voi sanoa Zelenskyille, ett\u00e4 hei, olemme tukeneet teit\u00e4 koko t\u00e4m\u00e4n ajan, mutta nyt meid\u00e4n on keskitytt\u00e4v\u00e4 t\u00e4rke\u00e4mpiin asioihin, kuten kest\u00e4v\u00e4n kehityksen s\u00e4\u00e4nt\u00f6ihin ja sosiaalisen median sakkoihin, kuvasi yksi asioista perill\u00e4 oleva FT:lle.<\/p>\n<p class=\"ai-optimize-11\">Toisaalta Euroopan heikko vastaus on saanut osan EU-johtajista ajattelemaan, ett\u00e4 Bryssel kannattaa ohittaa ja keskustella Donald Trumpin kanssa suoraan. T\u00e4m\u00e4 haastaa FT:n mukaan aiemman linjan, jonka mukaan j\u00e4senmaat neuvottelevat Washingtonin kanssa yhten\u00e4 rintamana.<\/p>\n<p class=\"ai-optimize-12\">Saksan liittokansleri <strong>Friedrich Merz<\/strong> totesi torstaina, ett\u00e4 mik\u00e4li Trump \u201dei kykene samaistumaan\u201d EU:n instituutioihin, voi yhteisty\u00f6 jatkua yksitt\u00e4isten j\u00e4senvaltioiden, ja \u201dtietenkin Saksan\u201d kanssa.<\/p>\n<p class=\"ai-optimize-13\">My\u00f6s muut kansalliset p\u00e4\u00e4tt\u00e4j\u00e4t pohtivat tapoja sivuuttaa komissio ja keskustella Eurooppaa koskevista kysymyksist\u00e4 Yhdysvaltain presidentin kanssa suoraan, er\u00e4s EU-johtaja kertoo nimett\u00f6m\u00e4n\u00e4.<\/p>\n<p class=\"ai-optimize-14\">\u2013 Sanoimme itsellemme kes\u00e4ll\u00e4, ett\u00e4 neuvottelimme Yhdysvaltojen kanssa kolmea erillist\u00e4 sopimusta, EU-johtaja sanoi viitaten EU\u2013USA-kauppasopimukseen, uuteen Naton puolustusmenolupaukseen ja Ukrainan katkeamattomaan sotilaalliseen apuun.<\/p>\n<p class=\"ai-optimize-15\">\u2013 Mutta huijasimme itse\u00e4mme. Kyse oli aina vain yhdest\u00e4 neuvottelusta: Yhdysvaltojen pit\u00e4misest\u00e4 Euroopassa.<\/p>\n<p class=\"ai-optimize-16\">T\u00e4m\u00e4n takia my\u00f6s EU:n teknologiaj\u00e4ttej\u00e4 koskevan s\u00e4\u00e4ntelyn soveltamista pohditaan nyt kieli keskell\u00e4 suuta, virkakunnasta kerrotaan. Komission virallinen linja on, ett\u00e4 s\u00e4\u00e4nn\u00f6t eiv\u00e4t jousta. Kovimpia toimia ei kuitenkaan tehd\u00e4 niin kauan, kuin uskotaan, ett\u00e4 Yhdysvaltoja voidaan viel\u00e4 ohjata kohti oikeudenmukaista rauhanratkaisua Ukrainassa.<\/p>\n<p class=\"ai-optimize-17\">Neuvottelut sodan lopettamiseksi <a href=\"https:\/\/www.verkkouutiset.fi\/a\/sodan-lopettamisesta-neuvotellaan-berliinissa\/#44cd70c2\" target=\"_blank\" rel=\"noopener nofollow\">jatkuvat t\u00e4n\u00e4\u00e4n Berliiniss\u00e4.<\/a><\/p>\n<p>Poimintoja videosis\u00e4ll\u00f6ist\u00e4mme<\/p>\n","protected":false},"excerpt":{"rendered":"EU-komission puheenjohtajaa Ursula von der Leyeni\u00e4 on pyydetty olemaan vastaamatta, ainakaan samalla mitalla, Yhdysvaltojen EU:ta kohtaan suuntaamaan ankaraan&hellip;\n","protected":false},"author":2,"featured_media":116928,"comment_status":"","ping_status":"","sticky":false,"template":"","format":"standard","meta":{"footnotes":""},"categories":[14],"tags":[22,23,3462,26,27,33,31,30,17,24,25,28,29,15,18,21,32,19,20,1303,56,4125,16,59,60,61],"class_list":{"0":"post-116927","1":"post","2":"type-post","3":"status-publish","4":"format-standard","5":"has-post-thumbnail","7":"category-ulkomaat","8":"tag-breaking-news","9":"tag-breakingnews","10":"tag-eu","11":"tag-featured-news","12":"tag-featurednews","13":"tag-fi","14":"tag-finland","15":"tag-finnish","16":"tag-headlines","17":"tag-latest-news","18":"tag-latestnews","19":"tag-main-news","20":"tag-mainnews","21":"tag-news","22":"tag-otsikot","23":"tag-paauutiset","24":"tag-suomi","25":"tag-top-stories","26":"tag-topstories","27":"tag-ukraina","28":"tag-ulkomaat","29":"tag-usa","30":"tag-uutiset","31":"tag-world","32":"tag-world-news","33":"tag-worldnews"},"share_on_mastodon":{"url":"https:\/\/pubeurope.com\/@fi\/115723331475660070","error":""},"_links":{"self":[{"href":"https:\/\/www.europesays.com\/fi\/wp-json\/wp\/v2\/posts\/116927","targetHints":{"allow":["GET"]}}],"collection":[{"href":"https:\/\/www.europesays.com\/fi\/wp-json\/wp\/v2\/posts"}],"about":[{"href":"https:\/\/www.europesays.com\/fi\/wp-json\/wp\/v2\/types\/post"}],"author":[{"embeddable":true,"href":"https:\/\/www.europesays.com\/fi\/wp-json\/wp\/v2\/users\/2"}],"replies":[{"embeddable":true,"href":"https:\/\/www.europesays.com\/fi\/wp-json\/wp\/v2\/comments?post=116927"}],"version-history":[{"count":0,"href":"https:\/\/www.europesays.com\/fi\/wp-json\/wp\/v2\/posts\/116927\/revisions"}],"wp:featuredmedia":[{"embeddable":true,"href":"https:\/\/www.europesays.com\/fi\/wp-json\/wp\/v2\/media\/116928"}],"wp:attachment":[{"href":"https:\/\/www.europesays.com\/fi\/wp-json\/wp\/v2\/media?parent=116927"}],"wp:term":[{"taxonomy":"category","embeddable":true,"href":"https:\/\/www.europesays.com\/fi\/wp-json\/wp\/v2\/categories?post=116927"},{"taxonomy":"post_tag","embeddable":true,"href":"https:\/\/www.europesays.com\/fi\/wp-json\/wp\/v2\/tags?post=116927"}],"curies":[{"name":"wp","href":"https:\/\/api.w.org\/{rel}","templated":true}]}}