{"id":116933,"date":"2025-12-15T11:26:09","date_gmt":"2025-12-15T11:26:09","guid":{"rendered":"https:\/\/www.europesays.com\/fi\/116933\/"},"modified":"2025-12-15T11:26:09","modified_gmt":"2025-12-15T11:26:09","slug":"metsahallitus-selvittaa-maastoliikenteen-nykytilaa-pohjois-lapissa-kuntalaiset-saavat-kertoa-kokemuksensa-lappi","status":"publish","type":"post","link":"https:\/\/www.europesays.com\/fi\/116933\/","title":{"rendered":"Mets\u00e4hallitus selvitt\u00e4\u00e4 maastoliikenteen nykytilaa Pohjois-Lapissa \u2013 kuntalaiset saavat kertoa kokemuksensa | Lappi"},"content":{"rendered":"<p class=\"aw-1gybjub aw-5vja16 kEtdKx kmuxyA yle__article__paragraph\">Lumipeitteisen ajan maastoliikennelupien m\u00e4\u00e4r\u00e4 on l\u00e4hes kymmenkertaistunut vuodesta 1994 Suomen kolmen pohjoisimman kunnan alueella.<\/p>\n<p><img decoding=\"async\" alt=\"Kaksi moottorikelkkailijaa ajamassa lumisella aavikolla, lumisen taivaan peitt\u00e4ess\u00e4 maiseman.\" src=\"https:\/\/www.europesays.com\/fi\/wp-content\/uploads\/2025\/12\/39-144834367f6662454fef.jpeg\" class=\"aw-1l9m598 hKVVvP\"\/><\/p>\n<p>Avaa kuvien katselu<\/p>\n<p>Kelkkailijoita Enonteki\u00f6n maastossa. Arkistokuva. Kuva: Timo Valtteri Sihvonen \/ Yle<\/p>\n<p class=\"aw-1gybjub aw-1p7kakr kEtdKx cEmitX yle__article__paragraph\">Mets\u00e4hallitus alkaa selvitt\u00e4\u00e4 maastoliikenteen nykytilaa Enonteki\u00f6n, Inarin ja Utsjoen kuntien alueella. Selvityksen tavoitteena on kartoittaa moottorikelkkailun ja muun maastoliikenteen mahdollisia haittoja, parantaa turvallisuutta sek\u00e4 tunnistaa ne tarpeet, joihin nykyinen lains\u00e4\u00e4d\u00e4nt\u00f6 ja lupak\u00e4yt\u00e4nn\u00f6t eiv\u00e4t vastaa.<\/p>\n<p class=\"aw-1gybjub aw-1p7kakr kEtdKx cEmitX yle__article__paragraph\">Selvityst\u00e4 varten kuullaan laajaa joukkoa sidosryhmi\u00e4, oikeudenomistajia, kuntalaisia ja lupa-asiakkaita.<\/p>\n<p class=\"aw-1gybjub aw-1p7kakr kEtdKx cEmitX yle__article__paragraph\">Inarin, Utsjoen ja Enonteki\u00f6n kuntalaisilla on mahdollisuus hakea lupaa laajaan moottorikelkkailuun lumipeitteisen\u00e4 aikana valtion mailla omassa kotikunnassaan. Mets\u00e4hallitus my\u00f6nt\u00e4\u00e4 ilmaisen luvan kaikille kuntalaisille, joilla on tarve liikkua maastossa talviaikaan. Kuntalaisten maastoliikenneluvalla ei saa ajaa kansallispuistoissa tai luonnonpuistoissa.<\/p>\n<p class=\"aw-1gybjub aw-1p7kakr kEtdKx cEmitX yle__article__paragraph\">Nykyiset lupak\u00e4yt\u00e4nn\u00f6t perustuvat edellist\u00e4 maastoliikennelakia s\u00e4\u00e4dett\u00e4ess\u00e4 esitettyyn eduskunnan tahtotilaan ja liikennevaliokunnan mietint\u00f6\u00f6n.<\/p>\n<p class=\"aw-1gybjub aw-1p7kakr kEtdKx cEmitX yle__article__paragraph\">Lumipeitteisen ajan maastoliikennelupien m\u00e4\u00e4r\u00e4 on l\u00e4hes kymmenkertaistunut vuodesta 1994 Suomen kolmen pohjoisimman kunnan alueella. Kasvava kansainv\u00e4linen matkailu lis\u00e4\u00e4 maastossa liikkumista lumivarmoilla alueilla.<\/p>\n<p class=\"aw-1gybjub aw-1p7kakr kEtdKx cEmitX yle__article__paragraph\">\u2013 Olemme my\u00f6s vuosia saaneet maastoliikenteest\u00e4 palautetta ja kehitysehdotuksia useilta tahoilta aina viranomaisista tavallisiin luonnossa liikkujiin, yhteysp\u00e4\u00e4llikk\u00f6 <strong class=\"aw-ak79eh KyCXm yle__article__strong\">Olli Lipponen<\/strong> Mets\u00e4hallituksen Luontopalveluista taustoittaa tiedotteessa.<\/p>\n<p>Kysely kuntalaisille<\/p>\n<p class=\"aw-1gybjub aw-1p7kakr kEtdKx cEmitX yle__article__paragraph\">H\u00e4iri\u00f6lle herkkien luontoarvojen sek\u00e4 luontaiselinkeinojen toimintaymp\u00e4rist\u00f6n turvaaminen kuuluu Mets\u00e4hallituksen lakis\u00e4\u00e4teisiin velvollisuuksiin.<\/p>\n<p class=\"aw-1gybjub aw-1p7kakr kEtdKx cEmitX yle__article__paragraph\">Selvitykseen on tarkoitus ker\u00e4t\u00e4 materiaalia ensi vuoden ajan. Kun selvitys on valmistunut, Mets\u00e4hallitus etsii yhdess\u00e4 sidosryhmien kanssa ratkaisuja, miten esimerkiksi lains\u00e4\u00e4d\u00e4nt\u00f6\u00e4 muuttamalla ongelmia voitaisiin v\u00e4hent\u00e4\u00e4.<\/p>\n<p class=\"aw-1gybjub aw-1p7kakr kEtdKx cEmitX yle__article__paragraph\">Mets\u00e4hallitus on avannut kaikille kuntalaisille avoimen <a class=\"aw-iao6s4 iHOxEa yle__article__link\" href=\"https:\/\/link.webropolsurveys.com\/Participation\/Public\/b342bfc6-ecde-4e7e-8b40-dde75265eeca?displayId=Fin3529682\" role=\"link\" rel=\"nofollow noopener\" target=\"_blank\">kyselyn<\/a>, jossa kartoitetaan kuntalaisten maastoliikenteen m\u00e4\u00e4r\u00e4\u00e4 ja syit\u00e4. Kyselyn kautta paikalliset saavat kertoa huolia, toiveita ja muita n\u00e4kemyksi\u00e4 maastoliikenteest\u00e4. Kysely on jo avoinna ja siihen voi vastata 30. huhtikuuta saakka.<\/p>\n<p class=\"aw-1gybjub aw-1p7kakr kEtdKx cEmitX yle__article__paragraph\">Kuntalaiskyselyn lis\u00e4ksi Mets\u00e4hallitus haastattelee selvityst\u00e4 varten kymmeni\u00e4 viranomaisten, paliskuntien, saamelaisk\u00e4r\u00e4jien, matkailuyritysten ja kuntien edustajia.<\/p>\n","protected":false},"excerpt":{"rendered":"Lumipeitteisen ajan maastoliikennelupien m\u00e4\u00e4r\u00e4 on l\u00e4hes kymmenkertaistunut vuodesta 1994 Suomen kolmen pohjoisimman kunnan alueella. Avaa kuvien katselu Kelkkailijoita&hellip;\n","protected":false},"author":2,"featured_media":116934,"comment_status":"","ping_status":"","sticky":false,"template":"","format":"standard","meta":{"footnotes":""},"categories":[117],"tags":[8942,33,31,30,10185,667,72,21331,1847,21332,476,118,32,119,5726,477],"class_list":{"0":"post-116933","1":"post","2":"type-post","3":"status-publish","4":"format-standard","5":"has-post-thumbnail","7":"category-luonto","8":"tag-enontekio","9":"tag-fi","10":"tag-finland","11":"tag-finnish","12":"tag-inari","13":"tag-lappi","14":"tag-luonto","15":"tag-maastoliikenne","16":"tag-metsahallitus","17":"tag-moottorikelkkailu","18":"tag-nature","19":"tag-science","20":"tag-suomi","21":"tag-tiede","22":"tag-utsjoki","23":"tag-wildlife"},"share_on_mastodon":{"url":"https:\/\/pubeurope.com\/@fi\/115723343296412668","error":""},"_links":{"self":[{"href":"https:\/\/www.europesays.com\/fi\/wp-json\/wp\/v2\/posts\/116933","targetHints":{"allow":["GET"]}}],"collection":[{"href":"https:\/\/www.europesays.com\/fi\/wp-json\/wp\/v2\/posts"}],"about":[{"href":"https:\/\/www.europesays.com\/fi\/wp-json\/wp\/v2\/types\/post"}],"author":[{"embeddable":true,"href":"https:\/\/www.europesays.com\/fi\/wp-json\/wp\/v2\/users\/2"}],"replies":[{"embeddable":true,"href":"https:\/\/www.europesays.com\/fi\/wp-json\/wp\/v2\/comments?post=116933"}],"version-history":[{"count":0,"href":"https:\/\/www.europesays.com\/fi\/wp-json\/wp\/v2\/posts\/116933\/revisions"}],"wp:featuredmedia":[{"embeddable":true,"href":"https:\/\/www.europesays.com\/fi\/wp-json\/wp\/v2\/media\/116934"}],"wp:attachment":[{"href":"https:\/\/www.europesays.com\/fi\/wp-json\/wp\/v2\/media?parent=116933"}],"wp:term":[{"taxonomy":"category","embeddable":true,"href":"https:\/\/www.europesays.com\/fi\/wp-json\/wp\/v2\/categories?post=116933"},{"taxonomy":"post_tag","embeddable":true,"href":"https:\/\/www.europesays.com\/fi\/wp-json\/wp\/v2\/tags?post=116933"}],"curies":[{"name":"wp","href":"https:\/\/api.w.org\/{rel}","templated":true}]}}