{"id":116935,"date":"2025-12-15T11:37:08","date_gmt":"2025-12-15T11:37:08","guid":{"rendered":"https:\/\/www.europesays.com\/fi\/116935\/"},"modified":"2025-12-15T11:37:08","modified_gmt":"2025-12-15T11:37:08","slug":"pepe-willbergin-tormayksesta-uutta-tietoa-uhri-loukkaantui","status":"publish","type":"post","link":"https:\/\/www.europesays.com\/fi\/116935\/","title":{"rendered":"Pepe Willbergin t\u00f6rm\u00e4yksest\u00e4 uutta tietoa: Uhri loukkaantui"},"content":{"rendered":"<p>Poliisi kertoo uutta tietoa perjantaina Helsingin Alppilassa tapahtuneesta kolarista.<\/p>\n<p><img decoding=\"async\" class=\"image image-show image-preview\" src=\"https:\/\/www.europesays.com\/fi\/wp-content\/uploads\/2025\/12\/b990cf308fbc2072f0f9a3de6a65cc2e1402f2e9cf03fdc38779ddc34d3031fe.jpg\" alt=\"\"\/><img decoding=\"async\" class=\"image image-show\" src=\"https:\/\/www.europesays.com\/fi\/wp-content\/uploads\/2025\/12\/1765798628_99_b990cf308fbc2072f0f9a3de6a65cc2e1402f2e9cf03fdc38779ddc34d3031fe.jpg\" alt=\"\"\/><\/p>\n<p>Pepe Willberg kiisti ajaneensa kenenk\u00e4\u00e4n yli. ATTE KAJOVA<\/p>\n<p class=\"paragraph\">Poliisi tutkii henkil\u00f6auton ja py\u00f6r\u00e4ilij\u00e4n v\u00e4list\u00e4 kolaria. Kolari tapahtui perjantaina Helsingin Alppilassa Aleksis Kiven kadun ja Savonkadun risteyksess\u00e4.<\/p>\n<p class=\"paragraph\">Autoa kuljetti v\u00e4itetysti laulaja <a href=\"https:\/\/www.iltalehti.fi\/henkilot\/Pepe Willberg\" class=\"article-link-person-page\" rel=\"nofollow noopener\" target=\"_blank\">Pepe Willberg<\/a>, 78.<\/p>\n<p class=\"paragraph\">Tapauksen tutkinnanjohtaja, rikoskomisario <strong>Lasse Manninen<\/strong> Helsingin poliisista kertoo Iltalehdelle, ett\u00e4 tapauksen tutkintanimikkeen\u00e4 on t\u00f6rke\u00e4 liikenneturvallisuuden vaarantaminen ja vammantuottamus. Tutkintanimike on muuttunut, koska aiemmin poliisi <a href=\"https:\/\/www.iltalehti.fi\/viihdeuutiset\/ec1da25d-6813-409d-a438-a6ec81333a11\" rel=\"nofollow noopener\" target=\"_blank\">tiedotti<\/a>, ett\u00e4 kuljettajaa ep\u00e4ill\u00e4\u00e4n t\u00f6rke\u00e4st\u00e4 liikenneturvallisuuden vaarantamisesta.<\/p>\n<p class=\"paragraph\">Py\u00f6r\u00e4ilij\u00e4\u00e4 ei ole Mannisen mukaan viel\u00e4 kuultu.<\/p>\n<p class=\"paragraph\">\u2013 Eilisen tiedon mukaan h\u00e4n oli viel\u00e4 sairaalahoidossa, mutta t\u00e4m\u00e4n hetken tilannetta ei viel\u00e4 tied\u00e4, Manninen sanoo.<\/p>\n<p class=\"paragraph\">Manninen toteaa, ett\u00e4 py\u00f6r\u00e4ilij\u00e4ll\u00e4 on katsottu olevan \u201dv\u00e4h\u00e4n suuremmat vammat\u201d, mutta niiden vakavuudesta ei ole viel\u00e4 tietoa.<\/p>\n<p class=\"paragraph\">Auton kuljettaja pyrit\u00e4\u00e4n kuulemaan t\u00e4ll\u00e4 viikolla Mannisen mukaan. Mannisen mukaan kuljettaja on puhallutettu tapahtuneen j\u00e4lkeen, mutta asiassa ei ole syyt\u00e4 ep\u00e4ill\u00e4 p\u00e4ihteit\u00e4.<\/p>\n<p class=\"paragraph\">Willberg <a href=\"https:\/\/www.iltalehti.fi\/viihdeuutiset\/91c56c23-f172-495b-96ae-8cc6cc22c523\" rel=\"nofollow noopener\" target=\"_blank\">kommentoi<\/a> rikosep\u00e4ily\u00e4\u00e4n Facebookissa perjantaina virallisella fanitilill\u00e4\u00e4n. H\u00e4n kiisti kirjoituksessa ajaneensa py\u00f6r\u00e4ilij\u00e4n p\u00e4\u00e4lt\u00e4.<\/p>\n<p class=\"paragraph\">\u2013 Tiedoksi, ett\u00e4 en ole t\u00f6rm\u00e4nnyt, enk\u00e4 ajanut kenenk\u00e4\u00e4n yli. Tunsin raapaisu\u00e4\u00e4nen, mutta en havainnut mit\u00e4\u00e4n. Autossa oli pieni naarmu takaoven kohdalla, kun poliisi otti yhteytt\u00e4. Aurinko h\u00e4ik\u00e4isi, joten nopeuteni oli hiljainen. Valot olivat vihre\u00e4t. En n\u00e4hnyt peileist\u00e4 mit\u00e4\u00e4n erikoista. En tajunnut, ett\u00e4 jotain olisi tapahtunut. Olen tietysti hyvin pahoillani, jos tilanteessa on py\u00f6r\u00e4ilij\u00e4 vahingoittunut jotenkin. Asiaa tutkitaan, Willberg kirjoitti.<\/p>\n<p class=\"paragraph\">Willbergin vaimo <strong>Pauliina Visuri-Willberg<\/strong> kertoi Iltalehdelle lauantaina parin olevan sit\u00e4 mielt\u00e4, ett\u00e4 py\u00f6r\u00e4ilij\u00e4n on t\u00e4ytynyt tulla tilanteeseen kovalla vauhdilla, kun ei ole ehtinyt jarruttaa ajoissa. He uskovat py\u00f6r\u00e4ilij\u00e4n sen vuoksi osuneen Pepen ajamaan autoon.<\/p>\n<p class=\"paragraph\">\u2013 Jos se olisi ollut kova t\u00f6rm\u00e4ys, kuten jossain hirvikolarissa, niin autossa olisi lommo, mutta siin\u00e4 ei ole sit\u00e4k\u00e4\u00e4n. Nyt on puhuttu, ett\u00e4 Pepe olisi aiheuttanut kolarin. Se on kova syyt\u00f6s. Olemme sit\u00e4 mielt\u00e4, ett\u00e4 joku on ajanut autoomme pahki ja siten vahingoittanut sit\u00e4.<\/p>\n<p class=\"paragraph\">T\u00f6rm\u00e4yksen uusista tiedoista kertoi ensimm\u00e4isen\u00e4 <a href=\"https:\/\/www.is.fi\/kotimaa\/art-2000011691983.html\" rel=\"noopener nofollow\" target=\"_blank\">Ilta-Sanomat<\/a>.<\/p>\n","protected":false},"excerpt":{"rendered":"Poliisi kertoo uutta tietoa perjantaina Helsingin Alppilassa tapahtuneesta kolarista. Pepe Willberg kiisti ajaneensa kenenk\u00e4\u00e4n yli. ATTE KAJOVA Poliisi&hellip;\n","protected":false},"author":2,"featured_media":116936,"comment_status":"","ping_status":"","sticky":false,"template":"","format":"standard","meta":{"footnotes":""},"categories":[136],"tags":[35,407,137,33,31,30,408,121,122,54,52,32,128,109],"class_list":{"0":"post-116935","1":"post","2":"type-post","3":"status-publish","4":"format-standard","5":"has-post-thumbnail","7":"category-julkkikset","8":"tag-24h","9":"tag-celebrities","10":"tag-entertainment","11":"tag-fi","12":"tag-finland","13":"tag-finnish","14":"tag-julkkikset","15":"tag-liikenne-ja-kuljetus","16":"tag-pelastaminen","17":"tag-pelastuspalvelut","18":"tag-poliisi","19":"tag-suomi","20":"tag-tieliikenne","21":"tag-viihde"},"share_on_mastodon":{"url":"https:\/\/pubeurope.com\/@fi\/115723386671764144","error":""},"_links":{"self":[{"href":"https:\/\/www.europesays.com\/fi\/wp-json\/wp\/v2\/posts\/116935","targetHints":{"allow":["GET"]}}],"collection":[{"href":"https:\/\/www.europesays.com\/fi\/wp-json\/wp\/v2\/posts"}],"about":[{"href":"https:\/\/www.europesays.com\/fi\/wp-json\/wp\/v2\/types\/post"}],"author":[{"embeddable":true,"href":"https:\/\/www.europesays.com\/fi\/wp-json\/wp\/v2\/users\/2"}],"replies":[{"embeddable":true,"href":"https:\/\/www.europesays.com\/fi\/wp-json\/wp\/v2\/comments?post=116935"}],"version-history":[{"count":0,"href":"https:\/\/www.europesays.com\/fi\/wp-json\/wp\/v2\/posts\/116935\/revisions"}],"wp:featuredmedia":[{"embeddable":true,"href":"https:\/\/www.europesays.com\/fi\/wp-json\/wp\/v2\/media\/116936"}],"wp:attachment":[{"href":"https:\/\/www.europesays.com\/fi\/wp-json\/wp\/v2\/media?parent=116935"}],"wp:term":[{"taxonomy":"category","embeddable":true,"href":"https:\/\/www.europesays.com\/fi\/wp-json\/wp\/v2\/categories?post=116935"},{"taxonomy":"post_tag","embeddable":true,"href":"https:\/\/www.europesays.com\/fi\/wp-json\/wp\/v2\/tags?post=116935"}],"curies":[{"name":"wp","href":"https:\/\/api.w.org\/{rel}","templated":true}]}}