{"id":116937,"date":"2025-12-15T11:42:07","date_gmt":"2025-12-15T11:42:07","guid":{"rendered":"https:\/\/www.europesays.com\/fi\/116937\/"},"modified":"2025-12-15T11:42:07","modified_gmt":"2025-12-15T11:42:07","slug":"upean-kuvottavan-titanen-ohjaajan-uusi-kauhuelokuva-sai-trailerin-alpha-voi-olla-herkimmille-katsojille-liikaa","status":"publish","type":"post","link":"https:\/\/www.europesays.com\/fi\/116937\/","title":{"rendered":"Upean kuvottavan Titanen ohjaajan uusi kauhuelokuva sai trailerin &#8211; Alpha voi olla herkimmille katsojille liikaa"},"content":{"rendered":"<p>Palkitun Titane -kauhuleffan ohjaaja Julia Ducournaun Alpha-kehokauhu saapuu laajempaan levitykseen.<\/p>\n<p>Neon ja Diaphana Distribution ovat julkaisseet trailerin Alpha-kehokauhuelokuvasta, jonka p\u00e4\u00e4osissa n\u00e4hd\u00e4\u00e4n M\u00e9lissa Boros, Golshifteh Farahani, Tahar Rahim ja Emma Mackey. <\/p>\n<p>Julia Ducournaun ohjaama ja k\u00e4sikirjoittama Alpha sai maailmanensi-iltansa toukokuussa <a href=\"https:\/\/muropaketti.com\/avainsana\/cannes\/\" rel=\"nofollow noopener\" target=\"_blank\">Cannesin<\/a> elokuvajuhlilla, jossa ohjaajan vuoden 2021 Titane-kauhuleffa voitti parhaan elokuvan palkinnon. Ohjaajan debyyttit\u00e4yspitk\u00e4 oli vuoden 2016 upea Raw-kehokauhuleffa.<\/p>\n<p>Alphan lyhyt virallinen kuvaus kertoo vapaasti suomennettuna vain seuraavaa: <\/p>\n<p>\u201d13-vuotias ongelmateini Alpha asuu kahdestaan yksinhuoltaja\u00e4itins\u00e4 kanssa. Kaksikon maailma romahtaa Alphan tullessa koulusta kotiin k\u00e4dess\u00e4\u00e4n tatuointi.\u201d<\/p>\n<p>Alpha-kehokauhu saapui Ranskassa laajempaan teatterilevitykseen jo elokuun lopussa. <\/p>\n<p>Mielipiteet reippaasti jakaneen elokuvan <a href=\"https:\/\/www.rottentomatoes.com\/m\/alpha_2025\" target=\"_blank\" rel=\"noreferrer noopener nofollow\">Rotten Tomatoes<\/a> -prosentti on t\u00e4ll\u00e4 hetkell\u00e4 vain 57. Metacritic puolestaan laskee arvostelujen keskiarvoksi 50 \/ 100.<\/p>\n<p>Yhdysvalloissa Alpha saapuu valkokankaille 27. maaliskuuta. Mahdollisesta Suomen ensi-illasta ei ole viel\u00e4 tietoa. <\/p>\n<p>Ducournaun Cannesissa palkittu Titane-elokuva sai Muropaketin arvostelussa 4,5 t\u00e4hte\u00e4:<\/p>\n<p><a href=\"https:\/\/muropaketti.com\/elokuvat\/elokuva-arvostelut\/arvostelu-upean-kuvottava-titane-kauhuelokuva-ansaitsee-k18-ikarajansa\/\" target=\"_blank\" rel=\"noreferrer noopener nofollow\">Arvostelu | Upean kuvottava Titane-kauhuelokuva ansaitsee K18-ik\u00e4rajansa<\/a><\/p>\n","protected":false},"excerpt":{"rendered":"Palkitun Titane -kauhuleffan ohjaaja Julia Ducournaun Alpha-kehokauhu saapuu laajempaan levitykseen. Neon ja Diaphana Distribution ovat julkaisseet trailerin Alpha-kehokauhuelokuvasta,&hellip;\n","protected":false},"author":2,"featured_media":116938,"comment_status":"","ping_status":"","sticky":false,"template":"","format":"standard","meta":{"footnotes":""},"categories":[131],"tags":[9136,155,137,33,173,31,30,172,32,109],"class_list":{"0":"post-116937","1":"post","2":"type-post","3":"status-publish","4":"format-standard","5":"has-post-thumbnail","7":"category-elokuvat","8":"tag-cannes","9":"tag-elokuvat","10":"tag-entertainment","11":"tag-fi","12":"tag-film","13":"tag-finland","14":"tag-finnish","15":"tag-movies","16":"tag-suomi","17":"tag-viihde"},"share_on_mastodon":{"url":"https:\/\/pubeurope.com\/@fi\/115723406120410283","error":""},"_links":{"self":[{"href":"https:\/\/www.europesays.com\/fi\/wp-json\/wp\/v2\/posts\/116937","targetHints":{"allow":["GET"]}}],"collection":[{"href":"https:\/\/www.europesays.com\/fi\/wp-json\/wp\/v2\/posts"}],"about":[{"href":"https:\/\/www.europesays.com\/fi\/wp-json\/wp\/v2\/types\/post"}],"author":[{"embeddable":true,"href":"https:\/\/www.europesays.com\/fi\/wp-json\/wp\/v2\/users\/2"}],"replies":[{"embeddable":true,"href":"https:\/\/www.europesays.com\/fi\/wp-json\/wp\/v2\/comments?post=116937"}],"version-history":[{"count":0,"href":"https:\/\/www.europesays.com\/fi\/wp-json\/wp\/v2\/posts\/116937\/revisions"}],"wp:featuredmedia":[{"embeddable":true,"href":"https:\/\/www.europesays.com\/fi\/wp-json\/wp\/v2\/media\/116938"}],"wp:attachment":[{"href":"https:\/\/www.europesays.com\/fi\/wp-json\/wp\/v2\/media?parent=116937"}],"wp:term":[{"taxonomy":"category","embeddable":true,"href":"https:\/\/www.europesays.com\/fi\/wp-json\/wp\/v2\/categories?post=116937"},{"taxonomy":"post_tag","embeddable":true,"href":"https:\/\/www.europesays.com\/fi\/wp-json\/wp\/v2\/tags?post=116937"}],"curies":[{"name":"wp","href":"https:\/\/api.w.org\/{rel}","templated":true}]}}