{"id":116941,"date":"2025-12-15T11:45:13","date_gmt":"2025-12-15T11:45:13","guid":{"rendered":"https:\/\/www.europesays.com\/fi\/116941\/"},"modified":"2025-12-15T11:45:13","modified_gmt":"2025-12-15T11:45:13","slug":"kymmenen-vuotta-tayttava-hoodfest-julkisti-ensimmaiset-esiintyjansa-kuopiossa-nahdaan-areenatason-esiintyjia-savo","status":"publish","type":"post","link":"https:\/\/www.europesays.com\/fi\/116941\/","title":{"rendered":"Kymmenen vuotta t\u00e4ytt\u00e4v\u00e4 Hoodfest julkisti ensimm\u00e4iset esiintyj\u00e4ns\u00e4 \u2013 Kuopiossa n\u00e4hd\u00e4\u00e4n areenatason esiintyji\u00e4 | Savo"},"content":{"rendered":"<p>Kuopionlahden kent\u00e4ll\u00e4 elokuussa j\u00e4rjestett\u00e4v\u00e4 Hoodfest-tapahtuma on julkaissut ensimm\u00e4iset esiintyj\u00e4ns\u00e4. Kaksip\u00e4iv\u00e4isell\u00e4 festivaalilla n\u00e4hd\u00e4\u00e4n muun muassa \u00e4skett\u00e4in Veikkaus-areenalla esiintynyt <strong>ibe<\/strong>, Vain el\u00e4m\u00e4\u00e4 -ohjelmaa t\u00e4hditt\u00e4nyt <strong>Lauri Haav<\/strong>, kuusi Emma-ehdokkuutta rohmunnut <strong>Ares<\/strong>, viime vuonna suuren yleis\u00f6n tietoisuuteen noussut <strong>Averagekidluke, <\/strong>trap-duo<strong> Jore &amp; Zpoppa <\/strong>ja Helsingin j\u00e4\u00e4hallin lokakuussa loppuun myynyt <strong>Isac Elliot<\/strong>.<\/p>\n<p>Yhteist\u00e4 kaikille esiintyjille on, ett\u00e4 he kuuluvat Spotifyn vuoden 2025 kuunnelluimpien suomalaisartistien joukkoon.<\/p>\n<p>Tapahtuman muita nyt julkistettuja esiintyji\u00e4 ovat <strong>Melo<\/strong>, <strong>Kerza<\/strong>, <strong>Tohtori Getto<\/strong>, Vitun Iso Rotsi, ja <strong>VJ<\/strong>. Festivaali julkistaa loput esiintyj\u00e4ns\u00e4 tammikuun lopussa.<\/p>\n<p>Festivaalijohtaja <strong>Tom Kangas<\/strong> kertoo tiedotteessa, ett\u00e4 kymmenen vuotta t\u00e4ytt\u00e4v\u00e4 Hoodfest tavoittelee tulevana vuonna yleis\u00f6enn\u00e4tyst\u00e4 15\u2009000 k\u00e4vij\u00e4ll\u00e4.<\/p>\n<p>\u2013\u2009Kattaus on leve\u00e4, genre nauttii ennenn\u00e4kem\u00e4t\u00f6nt\u00e4 suosiota ja kiinnostus n\u00e4kyy tapahtuman ennakkomyynniss\u00e4 jo nyt. Teemme parhaillaan uutta aluesuunnitelmaa, mutta kapasiteettia ei voi kasvattaa rajattomasti.<\/p>\n<p>Hoodfest j\u00e4rjestet\u00e4\u00e4n Kuopionlahden kent\u00e4ll\u00e4 sek\u00e4 viereisill\u00e4 puistoalueilla 7.\u20138. elokuuta. Kangas huomauttaa, ett\u00e4 alustavia neuvotteluja tapahtumapaikan vaihtumisesta Kuopiossa on k\u00e4yty, mutta toistaiseksi tapahtumalle on varattu Kuopionlahden kentt\u00e4.<\/p>\n<p>\t\t<a class=\"diks-gallery__link\" href=\"https:\/\/i.media.fi\/incoming\/3712i1\/11202666.jpg\/alternates\/FREE_1440\/11202666.jpg\" data-thumbnail=\"\" data-sub-html=\"Averagekidluke esiintyy my\u00f6s Kuopissa kes\u00e4ll\u00e4. Inka Pasanen\" aria-label=\"Katso isompi kuva\" rel=\"nofollow noopener\" target=\"_blank\"><br \/>\n\t\t\t\t<img class=\"diks-figure__image\" src=\"https:\/\/www.europesays.com\/fi\/wp-content\/uploads\/2025\/12\/11202666.jpg\" loading=\"lazy\" decoding=\"sync\" alt=\"\"\/><\/p>\n<p>\t\t\t<\/a><br \/>\n\t\t\t\t\tAveragekidluke esiintyy my\u00f6s Kuopissa kes\u00e4ll\u00e4. Inka Pasanen<\/p>\n<p>Samassa tiedotteessa kerrotaan my\u00f6s, ett\u00e4 Hoodfest siirtyy dynaamiseen lippujen hinnoitteluun, jossa lippujen hinta nousee kysynn\u00e4n ja j\u00e4ljell\u00e4 olevan kapasiteetin mukaan. Tapahtuman liput ovat jo myynniss\u00e4.<\/p>\n<p>\u2013\u2009Haluamme palkita ne, jotka ostavat lipun ajoissa. Dynaamisella hinnoittelulla viimeiset ostajat maksavat suuremman osan tapahtuman kustannuksista, Kangas kertoo.<\/p>\n","protected":false},"excerpt":{"rendered":"Kuopionlahden kent\u00e4ll\u00e4 elokuussa j\u00e4rjestett\u00e4v\u00e4 Hoodfest-tapahtuma on julkaissut ensimm\u00e4iset esiintyj\u00e4ns\u00e4. Kaksip\u00e4iv\u00e4isell\u00e4 festivaalilla n\u00e4hd\u00e4\u00e4n muun muassa \u00e4skett\u00e4in Veikkaus-areenalla esiintynyt ibe,&hellip;\n","protected":false},"author":2,"featured_media":116942,"comment_status":"","ping_status":"","sticky":false,"template":"","format":"standard","meta":{"footnotes":""},"categories":[130],"tags":[137,33,31,30,108,1132,47,17817,32,1667,109],"class_list":{"0":"post-116941","1":"post","2":"type-post","3":"status-publish","4":"format-standard","5":"has-post-thumbnail","7":"category-viihde","8":"tag-entertainment","9":"tag-fi","10":"tag-finland","11":"tag-finnish","12":"tag-kulttuuri","13":"tag-kuopio","14":"tag-musiikki","15":"tag-musiikkitapahtumat","16":"tag-suomi","17":"tag-tapahtumat","18":"tag-viihde"},"share_on_mastodon":{"url":"https:\/\/pubeurope.com\/@fi\/115723418045405737","error":""},"_links":{"self":[{"href":"https:\/\/www.europesays.com\/fi\/wp-json\/wp\/v2\/posts\/116941","targetHints":{"allow":["GET"]}}],"collection":[{"href":"https:\/\/www.europesays.com\/fi\/wp-json\/wp\/v2\/posts"}],"about":[{"href":"https:\/\/www.europesays.com\/fi\/wp-json\/wp\/v2\/types\/post"}],"author":[{"embeddable":true,"href":"https:\/\/www.europesays.com\/fi\/wp-json\/wp\/v2\/users\/2"}],"replies":[{"embeddable":true,"href":"https:\/\/www.europesays.com\/fi\/wp-json\/wp\/v2\/comments?post=116941"}],"version-history":[{"count":0,"href":"https:\/\/www.europesays.com\/fi\/wp-json\/wp\/v2\/posts\/116941\/revisions"}],"wp:featuredmedia":[{"embeddable":true,"href":"https:\/\/www.europesays.com\/fi\/wp-json\/wp\/v2\/media\/116942"}],"wp:attachment":[{"href":"https:\/\/www.europesays.com\/fi\/wp-json\/wp\/v2\/media?parent=116941"}],"wp:term":[{"taxonomy":"category","embeddable":true,"href":"https:\/\/www.europesays.com\/fi\/wp-json\/wp\/v2\/categories?post=116941"},{"taxonomy":"post_tag","embeddable":true,"href":"https:\/\/www.europesays.com\/fi\/wp-json\/wp\/v2\/tags?post=116941"}],"curies":[{"name":"wp","href":"https:\/\/api.w.org\/{rel}","templated":true}]}}