{"id":116943,"date":"2025-12-15T11:48:09","date_gmt":"2025-12-15T11:48:09","guid":{"rendered":"https:\/\/www.europesays.com\/fi\/116943\/"},"modified":"2025-12-15T11:48:09","modified_gmt":"2025-12-15T11:48:09","slug":"karstulalainen-hirsitalovalmistaja-honkarakenne-irtisanoo-enintaan-seitseman-ja-lomauttaa-enintaan-134-henkiloa-keski-suomi","status":"publish","type":"post","link":"https:\/\/www.europesays.com\/fi\/116943\/","title":{"rendered":"Karstulalainen hirsitalo\u00advalmistaja Honkarakenne irtisanoo enint\u00e4\u00e4n seitsem\u00e4n ja lomauttaa enint\u00e4\u00e4n 134 henkil\u00f6\u00e4 | Keski-Suomi"},"content":{"rendered":"<p class=\"aw-1gybjub aw-5vja16 kEtdKx kmuxyA yle__article__paragraph\">Honkarakenteen muutos\u00adneuvottelut ovat p\u00e4\u00e4ttyneet. Niiden ja muiden toimien j\u00e4lkeen yhti\u00f6 s\u00e4\u00e4st\u00e4\u00e4 henkil\u00f6st\u00f6\u00adkuluista ensi vuonna arviolta 1,1 miljoonaa euroa.<\/p>\n<p><img decoding=\"async\" alt=\"Hirsi kulkee linjastolla Honkarakenteen tehtaalla Karstulassa.\" src=\"https:\/\/www.europesays.com\/fi\/wp-content\/uploads\/2025\/12\/39-9282286230667688e16.jpeg\" class=\"aw-1l9m598 hKVVvP\"\/><\/p>\n<p>Avaa kuvien katselu<\/p>\n<p>Honkarakenteen muutosneuvottelut koskivat koko yhti\u00f6n henkil\u00f6st\u00f6\u00e4 lukuun ottamatta yhti\u00f6n johtoryhm\u00e4n j\u00e4seni\u00e4 ja muutosneuvotteluihin osallistuvia ty\u00f6nantajan edustajia. Arkistokuva Honkarakenteen tuotantolinjalta Karstulasta. Kuva: Niko Mannonen \/ Yle<\/p>\n<p class=\"aw-1gybjub aw-1p7kakr kEtdKx cEmitX yle__article__paragraph\">Karstulalaisen hirsitalovalmistaja Honkarakenteen marraskuun alussa k\u00e4ynnist\u00e4m\u00e4t <a class=\"aw-iao6s4 iHOxEa yle__article__link\" href=\"https:\/\/sijoittajat.honka.fi\/fi\/julkaisut?tags=P%C3%B6rssitiedote&amp;publicationId=13b0a6db-4e6e-4998-9efc-de66ae7cd5b4\" role=\"link\" rel=\"nofollow noopener\" target=\"_blank\">muutosneuvottelut ovat p\u00e4\u00e4ttyneet<\/a>.<\/p>\n<p class=\"aw-1gybjub aw-1p7kakr kEtdKx cEmitX yle__article__paragraph\">Neuvottelujen seurauksena yhti\u00f6 irtisanoo enint\u00e4\u00e4n seitsem\u00e4n henkil\u00f6\u00e4 ja lomauttaa enint\u00e4\u00e4n 134.<\/p>\n<p class=\"aw-1gybjub aw-1p7kakr kEtdKx cEmitX yle__article__paragraph\">Muutosneuvottelujen alkaessa yhti\u00f6 arvioi, ett\u00e4 henkil\u00f6st\u00f6n v\u00e4hennystarve on enint\u00e4\u00e4n 19 henkil\u00f6ty\u00f6vuotta. Muun muassa el\u00e4k\u00f6itymiset v\u00e4hensiv\u00e4t irtisanottavien m\u00e4\u00e4r\u00e4\u00e4.<\/p>\n<p class=\"aw-1gybjub aw-1p7kakr kEtdKx cEmitX yle__article__paragraph\">Irtisanottavista enint\u00e4\u00e4n kolme on ty\u00f6ntekij\u00f6it\u00e4, yksi toimihenkil\u00f6 ja kolme ylemp\u00e4\u00e4 toimihenkil\u00f6\u00e4. Irtisanomiset toteutuvat arviolta 17. joulukuuta menness\u00e4.<\/p>\n<p class=\"aw-1gybjub aw-1p7kakr kEtdKx cEmitX yle__article__paragraph\">Lomautusvaltuutus koskee 49 ty\u00f6ntekij\u00e4\u00e4, 42 toimihenkil\u00f6\u00e4 ja 43 ylemp\u00e4\u00e4 toimihenkil\u00f6\u00e4.<\/p>\n<p class=\"aw-1gybjub aw-1p7kakr kEtdKx cEmitX yle__article__paragraph\">Honkarakenne voi toteuttaa lomautuksia vuoden 2026 aikana sek\u00e4 alkuvuodesta 2027, jos yhti\u00f6n taloudellinen tai tuotannollinen tilanne niin vaatii.<\/p>\n<p class=\"aw-1gybjub aw-1p7kakr kEtdKx cEmitX yle__article__paragraph\">Honkarakenne tekee lis\u00e4ksi Kahden toimihenkil\u00f6n ja seitsem\u00e4n ylemm\u00e4n toimihenkil\u00f6n ty\u00f6suhteen ehtoihin olennaisia, irtisanomisperusteisia muutoksia.<\/p>\n<p class=\"aw-1gybjub aw-1p7kakr kEtdKx cEmitX yle__article__paragraph\">Yhti\u00f6 toimeenpanee ty\u00f6suhteen ehtomuutokset tammikuun 2026 loppuun menness\u00e4.<\/p>\n<p class=\"aw-1gybjub aw-1p7kakr kEtdKx cEmitX yle__article__paragraph\">Honkarakenteen k\u00e4ym\u00e4t muutosneuvottelut koskivat koko yhti\u00f6n henkil\u00f6st\u00f6\u00e4 lukuun ottamatta yhti\u00f6n johtoryhm\u00e4n j\u00e4seni\u00e4 ja muutosneuvotteluihin osallistuvia ty\u00f6nantajan edustajia.<\/p>\n<p class=\"aw-1gybjub aw-1p7kakr kEtdKx cEmitX yle__article__paragraph\">Neuvotteluiden ja muiden toimien j\u00e4lkeen Honkarakenne s\u00e4\u00e4st\u00e4\u00e4 henkil\u00f6st\u00f6kuluista ensi vuonna arviolta 1,1 miljoonaa euroa.<\/p>\n","protected":false},"excerpt":{"rendered":"Honkarakenteen muutos\u00adneuvottelut ovat p\u00e4\u00e4ttyneet. Niiden ja muiden toimien j\u00e4lkeen yhti\u00f6 s\u00e4\u00e4st\u00e4\u00e4 henkil\u00f6st\u00f6\u00adkuluista ensi vuonna arviolta 1,1 miljoonaa euroa.&hellip;\n","protected":false},"author":2,"featured_media":116944,"comment_status":"","ping_status":"","sticky":false,"template":"","format":"standard","meta":{"footnotes":""},"categories":[76],"tags":[79,77,33,31,30,21334,21335,21333,4506,474,32,78,1053],"class_list":{"0":"post-116943","1":"post","2":"type-post","3":"status-publish","4":"format-standard","5":"has-post-thumbnail","7":"category-talous","8":"tag-business","9":"tag-economy","10":"tag-fi","11":"tag-finland","12":"tag-finnish","13":"tag-hirsitalot","14":"tag-hirsitaloteollisuus","15":"tag-honkarakenne","16":"tag-karstula","17":"tag-keski-suomi","18":"tag-suomi","19":"tag-talous","20":"tag-teollisuus"},"share_on_mastodon":{"url":"https:\/\/pubeurope.com\/@fi\/115723429999338143","error":""},"_links":{"self":[{"href":"https:\/\/www.europesays.com\/fi\/wp-json\/wp\/v2\/posts\/116943","targetHints":{"allow":["GET"]}}],"collection":[{"href":"https:\/\/www.europesays.com\/fi\/wp-json\/wp\/v2\/posts"}],"about":[{"href":"https:\/\/www.europesays.com\/fi\/wp-json\/wp\/v2\/types\/post"}],"author":[{"embeddable":true,"href":"https:\/\/www.europesays.com\/fi\/wp-json\/wp\/v2\/users\/2"}],"replies":[{"embeddable":true,"href":"https:\/\/www.europesays.com\/fi\/wp-json\/wp\/v2\/comments?post=116943"}],"version-history":[{"count":0,"href":"https:\/\/www.europesays.com\/fi\/wp-json\/wp\/v2\/posts\/116943\/revisions"}],"wp:featuredmedia":[{"embeddable":true,"href":"https:\/\/www.europesays.com\/fi\/wp-json\/wp\/v2\/media\/116944"}],"wp:attachment":[{"href":"https:\/\/www.europesays.com\/fi\/wp-json\/wp\/v2\/media?parent=116943"}],"wp:term":[{"taxonomy":"category","embeddable":true,"href":"https:\/\/www.europesays.com\/fi\/wp-json\/wp\/v2\/categories?post=116943"},{"taxonomy":"post_tag","embeddable":true,"href":"https:\/\/www.europesays.com\/fi\/wp-json\/wp\/v2\/tags?post=116943"}],"curies":[{"name":"wp","href":"https:\/\/api.w.org\/{rel}","templated":true}]}}