{"id":116945,"date":"2025-12-15T11:49:12","date_gmt":"2025-12-15T11:49:12","guid":{"rendered":"https:\/\/www.europesays.com\/fi\/116945\/"},"modified":"2025-12-15T11:49:12","modified_gmt":"2025-12-15T11:49:12","slug":"australiassa-asuva-tomi-bjorck-joukkoammuskelusta-liian-lahella-kotiamme","status":"publish","type":"post","link":"https:\/\/www.europesays.com\/fi\/116945\/","title":{"rendered":"Australiassa asuva Tomi Bj\u00f6rck joukkoammuskelusta: \u201dLiian l\u00e4hell\u00e4 kotiamme\u201d"},"content":{"rendered":"<p>Huippukokki Tomi Bj\u00f6rck on asunut perheineen pitk\u00e4\u00e4n Australiassa, tunnetun Bondi Beachin alueella, jossa sunnuntain terrori-isku tapahtui. <\/p>\n<p><img decoding=\"async\" class=\"image image-show image-preview\" src=\"https:\/\/www.europesays.com\/fi\/wp-content\/uploads\/2025\/12\/ddbe2f554d4732386de1ab9dd9bffc3d209a7c01b654471e8415bac900e96589.jpg\" alt=\"\"\/><img decoding=\"async\" class=\"image image-show\" src=\"https:\/\/www.europesays.com\/fi\/wp-content\/uploads\/2025\/12\/1765799352_530_ddbe2f554d4732386de1ab9dd9bffc3d209a7c01b654471e8415bac900e96589.jpg\" alt=\"\"\/><\/p>\n<p>Tomi Bj\u00f6rck on asunut jo useita vuosia Australiassa.  Sanna Taskinen<\/p>\n<p class=\"paragraph\">Australiassa asuva kokki ja ravintoloitsija <a href=\"https:\/\/www.iltalehti.fi\/henkilot\/Tomi Bj\u00f6rck\" class=\"article-link-person-page\" rel=\"nofollow noopener\" target=\"_blank\">Tomi Bj\u00f6rck<\/a>, 45, j\u00e4rkyttyi Australian Sydneyss\u00e4 tapahtuneesta terrori-iskusta.<\/p>\n<p class=\"paragraph\">Sydneyn tunnetulla Bondi Beachilla <a href=\"https:\/\/www.iltalehti.fi\/ulkomaat\/da2ed9f0-88f2-4598-aa95-4d1872e41bbf\" rel=\"nofollow noopener\" target=\"_blank\">tapahtui eilen sunnuntaina<\/a> joukkoammuskelu, jossa kuoli ainakin 12 ja loukkaantui 29 ihmist\u00e4.<\/p>\n<p class=\"paragraph\">Bj\u00f6rck on asunut pidemm\u00e4n aikaa juuri Bondi Beachin tuntumassa. H\u00e4n jakoi <a href=\"https:\/\/www.instagram.com\/stories\/tomibjorck\/3787583045906997539\/?hl=fi\" rel=\"noopener nofollow\" target=\"_blank\">Instagram-tilins\u00e4 tarinaosiossa<\/a> uutisotsikon tapahtuneesta. Bj\u00f6rck ilmoittaa, ett\u00e4 h\u00e4nen perheens\u00e4 on kunnossa.<\/p>\n<p class=\"paragraph\">\u2013 T\u00e4m\u00e4 ei ole oikein. T\u00e4llaiselle vihalle ja v\u00e4kivallalle ei ole sijaa Australiassa. T\u00e4m\u00e4 tapahtuu liian l\u00e4hell\u00e4 kotiamme. Meill\u00e4 on kaikki hyvin \u2013 perheemme on turvassa, Bj\u00f6rck kirjoittaa.<\/p>\n<p class=\"paragraph\">\u2013 Toivottavasti kaikki ovat turvassa ja huolehditaan toisistamme, Bj\u00f6rck p\u00e4\u00e4tt\u00e4\u00e4.<\/p>\n<p class=\"paragraph\">Instagram-tarinat ovat n\u00e4kyvill\u00e4 24 tuntia niiden julkaisusta. My\u00f6hemmin Bj\u00f6rck julkaisi viel\u00e4 kuvan rannalta.<\/p>\n<p class=\"paragraph\">\u2013 T\u00e4m\u00e4 on kotimme. T\u00e4m\u00e4 on perheemme koti. Pysymme aina vahvana \u2013 mit\u00e4\u00e4n t\u00e4llaista ei pit\u00e4isi tapahtua, h\u00e4n linjaa.<\/p>\n<p class=\"paragraph\">H\u00e4n kirjoittaa seisovansa yhteis\u00f6n tukena tiet\u00e4en, kuinka vahvoja \u201dBondin ihmiset ovat\u201d.<\/p>\n<p class=\"paragraph\">Bj\u00f6rck muutti Australiaan vuonna 2005 silloisen tytt\u00f6yst\u00e4v\u00e4ns\u00e4 <strong>Minkan<\/strong> kanssa. Pariskunta on ollut naimisissa jo 15 vuotta. Heill\u00e4 on kaksi poikaa.<\/p>\n<p class=\"paragraph\">Australiaan perheineen asettunut Bj\u00f6rck kertoi viime vuonna  ylpe\u00e4n\u00e4 saaneensa Australian kansalaisuuden. H\u00e4n hehkutti nykyist\u00e4 kotimaataan maailman parhaaksi paikaksi.<\/p>\n<p class=\"paragraph\">\u2013 T\u00e4n\u00e4\u00e4n tunteet purskahtivat, kun l\u00e4p\u00e4isin kansalaisuustestin. Olen aina tuntenut, ett\u00e4 jaamme samat arvot ja kunnioitan t\u00e4t\u00e4 maata niin paljon. En asuisi miss\u00e4\u00e4n muualla.<\/p>\n<p class=\"paragraph\">Bj\u00f6rck kertoi, ett\u00e4 pariskunnan pojat ovat kasvaneet australialaisiksi, vaikka Bj\u00f6rck yritt\u00e4\u00e4kin muistuttaa heit\u00e4 suomalaisista perinteist\u00e4.<\/p>\n<p><script async src=\"\/\/www.instagram.com\/embed.js\"><\/script><\/p>\n","protected":false},"excerpt":{"rendered":"Huippukokki Tomi Bj\u00f6rck on asunut perheineen pitk\u00e4\u00e4n Australiassa, tunnetun Bondi Beachin alueella, jossa sunnuntain terrori-isku tapahtui. Tomi Bj\u00f6rck&hellip;\n","protected":false},"author":2,"featured_media":116946,"comment_status":"","ping_status":"","sticky":false,"template":"","format":"standard","meta":{"footnotes":""},"categories":[14],"tags":[35,22,23,26,27,33,31,30,17,24,25,28,29,15,18,21,98,52,900,2331,103,32,19,20,56,16,59,60,61],"class_list":{"0":"post-116945","1":"post","2":"type-post","3":"status-publish","4":"format-standard","5":"has-post-thumbnail","7":"category-ulkomaat","8":"tag-24h","9":"tag-breaking-news","10":"tag-breakingnews","11":"tag-featured-news","12":"tag-featurednews","13":"tag-fi","14":"tag-finland","15":"tag-finnish","16":"tag-headlines","17":"tag-latest-news","18":"tag-latestnews","19":"tag-main-news","20":"tag-mainnews","21":"tag-news","22":"tag-otsikot","23":"tag-paauutiset","24":"tag-perhe","25":"tag-poliisi","26":"tag-ruoka","27":"tag-ruoka-ja-juoma","28":"tag-sosiaalikysymykset","29":"tag-suomi","30":"tag-top-stories","31":"tag-topstories","32":"tag-ulkomaat","33":"tag-uutiset","34":"tag-world","35":"tag-world-news","36":"tag-worldnews"},"share_on_mastodon":{"url":"https:\/\/pubeurope.com\/@fi\/115723433828372835","error":""},"_links":{"self":[{"href":"https:\/\/www.europesays.com\/fi\/wp-json\/wp\/v2\/posts\/116945","targetHints":{"allow":["GET"]}}],"collection":[{"href":"https:\/\/www.europesays.com\/fi\/wp-json\/wp\/v2\/posts"}],"about":[{"href":"https:\/\/www.europesays.com\/fi\/wp-json\/wp\/v2\/types\/post"}],"author":[{"embeddable":true,"href":"https:\/\/www.europesays.com\/fi\/wp-json\/wp\/v2\/users\/2"}],"replies":[{"embeddable":true,"href":"https:\/\/www.europesays.com\/fi\/wp-json\/wp\/v2\/comments?post=116945"}],"version-history":[{"count":0,"href":"https:\/\/www.europesays.com\/fi\/wp-json\/wp\/v2\/posts\/116945\/revisions"}],"wp:featuredmedia":[{"embeddable":true,"href":"https:\/\/www.europesays.com\/fi\/wp-json\/wp\/v2\/media\/116946"}],"wp:attachment":[{"href":"https:\/\/www.europesays.com\/fi\/wp-json\/wp\/v2\/media?parent=116945"}],"wp:term":[{"taxonomy":"category","embeddable":true,"href":"https:\/\/www.europesays.com\/fi\/wp-json\/wp\/v2\/categories?post=116945"},{"taxonomy":"post_tag","embeddable":true,"href":"https:\/\/www.europesays.com\/fi\/wp-json\/wp\/v2\/tags?post=116945"}],"curies":[{"name":"wp","href":"https:\/\/api.w.org\/{rel}","templated":true}]}}