{"id":116953,"date":"2025-12-15T12:03:09","date_gmt":"2025-12-15T12:03:09","guid":{"rendered":"https:\/\/www.europesays.com\/fi\/116953\/"},"modified":"2025-12-15T12:03:09","modified_gmt":"2025-12-15T12:03:09","slug":"erikoinen-bugi-iphoneissa-android-puhelimilla-otetut-kuvat-muuttuvat-punaiseksi","status":"publish","type":"post","link":"https:\/\/www.europesays.com\/fi\/116953\/","title":{"rendered":"Erikoinen bugi iPhoneissa \u2013 Android-puhelimilla otetut kuvat muuttuvat punaiseksi"},"content":{"rendered":"<p><img fetchpriority=\"high\" decoding=\"async\" aria-describedby=\"caption-attachment-267237\" class=\"size-large wp-image-267237\" src=\"data:image\/svg+xml,%3Csvg%20xmlns=\" http:=\"\" alt=\"iPhone 17 -puhelinten myynti on ollut vahvaa. Kuvassa iPhone 17 Pro ja iPhone 17 Pro Max.\" width=\"1200\" height=\"918\" data-lazy- data-lazy- data-lazy-src=\"https:\/\/www.europesays.com\/fi\/wp-content\/uploads\/2025\/10\/IMG_0037-1200x918.jpg\"\/><\/p>\n<p id=\"caption-attachment-267237\" class=\"wp-caption-text\">Androidilta siirretyt valokuvat n\u00e4ytt\u00e4v\u00e4t nyt oudolta iPhonella. Kuvassa iPhone 17 Pro ja iPhone 17 Pro Max.<\/p>\n<p>Android-puhelimella tallennetut valokuvat voivat n\u00e4ky\u00e4 nyt iPhonella punaisina. Kummallinen h\u00e4iri\u00f6 ihmetytt\u00e4\u00e4 iPhone-k\u00e4ytt\u00e4ji\u00e4.<\/p>\n<p>Monet iPhone-k\u00e4ytt\u00e4j\u00e4t ovat viime p\u00e4ivin\u00e4 havainneet Android-laitteilla otettujen valokuvien n\u00e4ytt\u00e4v\u00e4n varsin kummalliselta Kuvat-sovelluksessa. Kuviin on ilmestynyt tummanpunainen korostus, ik\u00e4\u00e4n kuin suodin, joka ilmestyy vasta kuvaa tarkemmin katseltaessa.<\/p>\n<p>Mik\u00e4li kuvia vain selailee, n\u00e4ytt\u00e4\u00e4 kaikki viel\u00e4 tavanomaiselta. Kun kuvan avaa, saattaa punainen v\u00e4ri puolestaan n\u00e4ky\u00e4, k\u00e4ytt\u00e4j\u00e4t kuvailevat esimerkiksi <a href=\"https:\/\/www.reddit.com\/r\/iphonehelp\/comments\/1plug6o\/some_photos_turn_red_when_zooming_in\/\" rel=\"nofollow noopener\" target=\"_blank\">Redditiss\u00e4<\/a>.<\/p>\n<p style=\"width: 98%; text-align: center; font-size:13px; border-bottom: 1px solid #C8C8C8; line-height: 0.1em; margin: 8px 1% 16px 1%;\">MAINOS (ARTIKKELI JATKUU ALLA)<\/p>\n<p>Erikoinen ongelma vaikuttaa koskevan vain Android-\u00e4lypuhelimilla tallennettuja kuvia, eik\u00e4 iPhone-otoksissa ole havaittu vastaavaa.<\/p>\n<p><img loading=\"lazy\" decoding=\"async\" aria-describedby=\"caption-attachment-270488\" class=\"wp-image-270488 size-medium\" src=\"data:image\/svg+xml,%3Csvg%20xmlns=\" http:=\"\" alt=\"\" width=\"193\" height=\"420\" data-lazy- data-lazy- data-lazy-src=\"https:\/\/www.europesays.com\/fi\/wp-content\/uploads\/2025\/12\/ios-26-bug-photo-turns-red-when-zoomed-in-v0-kcums7nzhlzf1-193x420.webp.webp\"\/><\/p>\n<p id=\"caption-attachment-270488\" class=\"wp-caption-text\">Punas\u00e4vyinen kuva iPhonella. Kuvan jakoi Reddit-k\u00e4ytt\u00e4j\u00e4 Jonkmclovin.<\/p>\n<p>Kaikeksi onneksi tilanteeseen on yksinkertainen ratkaisu. Punas\u00e4vyinen kuva on vain avattava muokkausn\u00e4kym\u00e4ss\u00e4 ja napautettava muutokset poistavaa valintaa. Syyst\u00e4 tai toisesta iPhone vaikuttaa siis luulevan Android-kuvia muokatuiksi.<\/p>\n<p>Apple ei toistaiseksi ole kommentoinut ongelmaa, jota vaikuttaisi esiintyv\u00e4n ainakin iOS 26 -ohjelmistoilla. Vaikka v\u00e4liaikainen ratkaisu on jo l\u00f6ytynyt, julkaisee Apple toivon mukaan my\u00f6s laajemman korjauksen ennen pitk\u00e4\u00e4.<\/p>\n<p>Mainos: <a href=\"https:\/\/hinta.fi\/?src=gPp6fX03\" target=\"_blank\" rel=\"nofollow noopener\">Noin 1 600 000 tuotteen hintavertailu ja hintaseuranta &#8211; katso Hinta.fist\u00e4 mist\u00e4 saat halvimmalla<\/a><\/p>\n","protected":false},"excerpt":{"rendered":"Androidilta siirretyt valokuvat n\u00e4ytt\u00e4v\u00e4t nyt oudolta iPhonella. Kuvassa iPhone 17 Pro ja iPhone 17 Pro Max. Android-puhelimella tallennetut&hellip;\n","protected":false},"author":2,"featured_media":100920,"comment_status":"","ping_status":"","sticky":false,"template":"","format":"standard","meta":{"footnotes":""},"categories":[85],"tags":[33,31,30,419,418,32,91,92],"class_list":{"0":"post-116953","1":"post","2":"type-post","3":"status-publish","4":"format-standard","5":"has-post-thumbnail","7":"category-mobiili","8":"tag-fi","9":"tag-finland","10":"tag-finnish","11":"tag-mobiili","12":"tag-mobile","13":"tag-suomi","14":"tag-technology","15":"tag-teknologia"},"share_on_mastodon":{"url":"https:\/\/pubeurope.com\/@fi\/115723488863620435","error":""},"_links":{"self":[{"href":"https:\/\/www.europesays.com\/fi\/wp-json\/wp\/v2\/posts\/116953","targetHints":{"allow":["GET"]}}],"collection":[{"href":"https:\/\/www.europesays.com\/fi\/wp-json\/wp\/v2\/posts"}],"about":[{"href":"https:\/\/www.europesays.com\/fi\/wp-json\/wp\/v2\/types\/post"}],"author":[{"embeddable":true,"href":"https:\/\/www.europesays.com\/fi\/wp-json\/wp\/v2\/users\/2"}],"replies":[{"embeddable":true,"href":"https:\/\/www.europesays.com\/fi\/wp-json\/wp\/v2\/comments?post=116953"}],"version-history":[{"count":0,"href":"https:\/\/www.europesays.com\/fi\/wp-json\/wp\/v2\/posts\/116953\/revisions"}],"wp:featuredmedia":[{"embeddable":true,"href":"https:\/\/www.europesays.com\/fi\/wp-json\/wp\/v2\/media\/100920"}],"wp:attachment":[{"href":"https:\/\/www.europesays.com\/fi\/wp-json\/wp\/v2\/media?parent=116953"}],"wp:term":[{"taxonomy":"category","embeddable":true,"href":"https:\/\/www.europesays.com\/fi\/wp-json\/wp\/v2\/categories?post=116953"},{"taxonomy":"post_tag","embeddable":true,"href":"https:\/\/www.europesays.com\/fi\/wp-json\/wp\/v2\/tags?post=116953"}],"curies":[{"name":"wp","href":"https:\/\/api.w.org\/{rel}","templated":true}]}}