{"id":116956,"date":"2025-12-15T12:09:09","date_gmt":"2025-12-15T12:09:09","guid":{"rendered":"https:\/\/www.europesays.com\/fi\/116956\/"},"modified":"2025-12-15T12:09:09","modified_gmt":"2025-12-15T12:09:09","slug":"remi-lindholmista-hyytava-arvio-alkaa-olla-siina","status":"publish","type":"post","link":"https:\/\/www.europesays.com\/fi\/116956\/","title":{"rendered":"Remi Lindholmista hyyt\u00e4v\u00e4 arvio: \u201dAlkaa olla siin\u00e4\u201d"},"content":{"rendered":"<p>Iltalehden hiihtoasiantuntija paketoi Davosin viikonlopun.<\/p>\n<p class=\"paragraph\">Hiihdon maailmancup jatkui viikonloppuna Sveitsin Davosissa, jossa n\u00e4htiin tapahtumarikas ja monella tapaa yll\u00e4tt\u00e4v\u00e4 kilpailukokonaisuus.<\/p>\n<p class=\"paragraph\">Tulokset poikkesivat totutusta, ja viikonlopun aikana riitti puhuttavaa niin k\u00e4rkinimien kuin haastajienkin osalta.<\/p>\n<p class=\"paragraph\">Yksi puheenaiheista oli norjalaisen supert\u00e4hden <a href=\"https:\/\/www.iltalehti.fi\/henkilot\/Johannes H\u00f8sflot Kl\u00e6bo\" class=\"article-link-person-page\" rel=\"nofollow noopener\" target=\"_blank\">Johannes Kl\u00e6bon<\/a> vaisu esiintyminen. Lauantain sprinteiss\u00e4 n\u00e4htiin todellinen jymypaukku, kun Kl\u00e6bo <a href=\"https:\/\/www.iltalehti.fi\/talviurheilu\/5fbabec3-cb3c-41dc-900e-8ef6fbe55b74\" rel=\"nofollow noopener\" target=\"_blank\">karsiutui jo puoliv\u00e4lieriss\u00e4<\/a>. Sunnuntaina 10 kilometrin vapaan hiihtotavan v\u00e4liaikal\u00e4hd\u00f6ss\u00e4 h\u00e4n j\u00e4i nelj\u00e4nneksi h\u00e4viten voittajalle 24,1 sekuntia.<\/p>\n<p class=\"paragraph\">Pettymys purkautui my\u00f6s tunteina. Suomen Viaplay ja ruotsalaislehti <a href=\"https:\/\/www.expressen.se\/sport\/langdskidor\/klabo-flyr-fran-arenan-forbannad\/\" target=\"_blank\" rel=\"noopener nofollow\">Expressen<\/a> kertoivat Kl\u00e6bon repineen numeroliivins\u00e4 kilpailun j\u00e4lkeen. <a href=\"https:\/\/www.nrk.no\/sport\/sprint-langrenn_-klaebo-rok-sensasjonelt-ut-av-sprinten_-_-han-er-sint-som-en-fele-1.17691392\" target=\"_blank\" rel=\"noopener nofollow\">NRK:n <\/a>mukaan h\u00e4n heitteli my\u00f6s sauvojaan ja poistui ripe\u00e4sti maalialueelta antamatta kommentteja.<\/p>\n<p class=\"paragraph\">\u2013\u2009Kl\u00e6bo oli vaisu koko viikonlopun. Ei ehk\u00e4 niin helpolla tule h\u00e4nell\u00e4k\u00e4\u00e4n t\u00e4m\u00e4 homma. Mutta en usko, ett\u00e4 h\u00e4n mill\u00e4\u00e4n tavalla hetkahtaa n\u00e4ist\u00e4, Iltalehden hiihtoasiantuntija <a href=\"https:\/\/www.iltalehti.fi\/henkilot\/Pirjo Muranen\" class=\"article-link-person-page\" rel=\"nofollow noopener\" target=\"_blank\">Pirjo Muranen<\/a> sanoo.<\/p>\n<p>Pirjo Muranen on Iltalehden hiihtoasiantuntija. Pasi Liesimaa<\/p>\n<p class=\"paragraph\">\u2013\u2009Totta kai n\u00e4m\u00e4 ovat harmittavia. H\u00e4nkin varmaan odottaa itselt\u00e4\u00e4n enemm\u00e4n ja tiet\u00e4\u00e4, ett\u00e4 yleis\u00f6kin odottaa h\u00e4nelt\u00e4 paljon, joten kyll\u00e4h\u00e4n se ottaa p\u00e4\u00e4h\u00e4n ja v\u00e4h\u00e4n ihmetytt\u00e4\u00e4kin, kun tulee t\u00e4llaisia takaiskuja.<\/p>\n<p class=\"paragraph\">Muranen kuitenkin lis\u00e4\u00e4, ett\u00e4 nyt norjalaisella oli mukana huonoa tuuriakin. Sellaiseen ei ole varaa Davosin sprinttiradalla, jossa yleisestikin erot ovat miehill\u00e4 eritt\u00e4in pieni\u00e4.<\/p>\n<p>Ven\u00e4l\u00e4iset mukana<\/p>\n<p class=\"paragraph\">Lauantaina p\u00e4\u00e4ttyi my\u00f6s ven\u00e4l\u00e4ishiiht\u00e4jien l\u00e4hes nelj\u00e4 vuotta kest\u00e4nyt kilpailukielto maailmancupissa.<\/p>\n<p class=\"paragraph\">Nuorten maailmanmestarit <a href=\"https:\/\/www.iltalehti.fi\/henkilot\/Darja Neprjajeva\" class=\"article-link-person-page\" rel=\"nofollow noopener\" target=\"_blank\">Darja Neprjajeva<\/a> ja <a href=\"https:\/\/www.iltalehti.fi\/henkilot\/Saveli Korosteljov\" class=\"article-link-person-page\" rel=\"nofollow noopener\" target=\"_blank\">Saveli Korosteljov<\/a> saivat osallistua kilpailuihin neutraalilla statuksella. Molemmat j\u00e4iv\u00e4t lauantaina sprinttien aika-ajoon, mutta sunnuntain v\u00e4liaikal\u00e4hd\u00f6iss\u00e4 n\u00e4htiin jo parempaa.<\/p>\n<p class=\"paragraph\">Neprjajeva sijoittui naisten kilpailussa 20:nneksi reilun minuutin k\u00e4rjest\u00e4 j\u00e4\u00e4neen\u00e4. Korosteljov oli miesten kilpailussa 25:s ja h\u00e4visi voittaja <a href=\"https:\/\/www.iltalehti.fi\/henkilot\/Einar Hedegart\" class=\"article-link-person-page\" rel=\"nofollow noopener\" target=\"_blank\">Einar Hedegartille<\/a> 1.20 minuuttia.<\/p>\n<p class=\"paragraph\">\u2013\u2009Ihan ok suorituksia. Ei tietenk\u00e4\u00e4n helppo tilanne h\u00e4nellek\u00e4\u00e4n [Korosteljoville] tulla t\u00e4nne kisoihin. Kuitenkin tiedet\u00e4\u00e4n, ett\u00e4 Keski-Euroopassa on vietetty paljon aikaa ja treenattu, ett\u00e4 sill\u00e4 tavalla h\u00e4n ei ihan ummikkona tietenk\u00e4\u00e4n tule, Pirjo Muranen sanoo.<\/p>\n<p class=\"paragraph\">\u2013\u2009H\u00e4nell\u00e4 itsell\u00e4\u00e4nkin on varmasti tiettyj\u00e4 odotuksia, ja t\u00e4m\u00e4 ensimm\u00e4inen kisa oli sellainen katselmuksen paikka, ett\u00e4 miss\u00e4 menn\u00e4\u00e4n.<\/p>\n<p>Korosteljov oli sunnuntaina 25:s. EPA \/ AOP<\/p>\n<p class=\"paragraph\">Neprjajevan osalta Muranen n\u00e4ki samanlaista tasaisuutta.<\/p>\n<p class=\"paragraph\">\u2013\u2009Varteenotettava nimi totta kai olympialaisissakin. Tasapainoinen suoritus h\u00e4nell\u00e4kin sunnuntaina k\u00e4rjen tuntumassa.<\/p>\n<p>Iloinen suomalaisyll\u00e4tys<\/p>\n<p class=\"paragraph\">Suomen naisista suurimman onnistumisen tarjosi <a href=\"https:\/\/www.iltalehti.fi\/henkilot\/Vilma Ryytty\" class=\"article-link-person-page\" rel=\"nofollow noopener\" target=\"_blank\">Vilma Ryytty<\/a>, joka hiihti 10 kilometrin vapaan v\u00e4liaikal\u00e4hd\u00f6ss\u00e4 yhdeks\u00e4nneksi. Kyseess\u00e4 oli Ryytyn uran ensimm\u00e4inen top-10 -sijoitus maailmancupissa.<\/p>\n<p class=\"paragraph\">Aiempi k\u00e4rkinoteeraus oli Cognen vapaan kympin 12. sija viime helmikuulta.<\/p>\n<p class=\"paragraph\">\u2013\u2009Ilman muuta hieno juttu, ett\u00e4 h\u00e4n pystyi tekem\u00e4\u00e4n parhaana suomalaisena tuommoisen hiihdon. Sielt\u00e4 tietenkin puuttui k\u00e4rkinaisia Norjasta ja Ruotsista, mutta ei se h\u00e4nen hyv\u00e4\u00e4 suoritustasoaan laske. Kyll\u00e4 h\u00e4n osoitti sit\u00e4 omaa tasonnostoaan t\u00e4lle vuodelle.<\/p>\n<p class=\"paragraph\">Muranen nosti esiin my\u00f6s 18:nneksi sijoittuneen <a href=\"https:\/\/www.iltalehti.fi\/henkilot\/Vilma Nissinen\" class=\"article-link-person-page\" rel=\"nofollow noopener\" target=\"_blank\">Vilma Nissisen<\/a>.<\/p>\n<p class=\"paragraph\">\u2013\u2009He ovat selke\u00e4sti pystyneet saamaan hommaa eteenp\u00e4in, Muranen totesi Nissisest\u00e4 ja Ryytyst\u00e4.<\/p>\n<p>Miehill\u00e4 parempaa<\/p>\n<p class=\"paragraph\">Miesten sunnuntain 10 kilometrin kisassa parhaiten suomalaisista sijoittuivat <a href=\"https:\/\/www.iltalehti.fi\/henkilot\/Arsi Ruuskanen\" class=\"article-link-person-page\" rel=\"nofollow noopener\" target=\"_blank\">Arsi Ruuskanen<\/a> (11.) ja <a href=\"https:\/\/www.iltalehti.fi\/henkilot\/Niko Anttola\" class=\"article-link-person-page\" rel=\"nofollow noopener\" target=\"_blank\">Niko Anttola<\/a> (13.).<\/p>\n<p class=\"paragraph\">\u2013\u2009Hienot, hyv\u00e4t sijoitukset. Anttola erityisesti. Niin ilahduttavaa, ett\u00e4 h\u00e4n on pystynyt sielt\u00e4 tulemaan ja on kisa kisalta osoittanut, ett\u00e4 vauhtikapasiteettia l\u00f6ytyy. Mielenkiinnolla odotetaan tulevia kisoja, ja uskon, ett\u00e4 h\u00e4n on mahdollisesti menossa my\u00f6s Tour de Skille, Muranen arvioi.<\/p>\n<p class=\"paragraph\">Muranen nosti my\u00f6s esille 23:nneksi hiiht\u00e4neen <a href=\"https:\/\/www.iltalehti.fi\/henkilot\/Perttu Hyv\u00e4rinen\" class=\"article-link-person-page\" rel=\"nofollow noopener\" target=\"_blank\">Perttu Hyv\u00e4risen<\/a>.<\/p>\n<p class=\"paragraph\">\u2013\u2009Perttu osoitti omasta kropastansa parempaa suuntaa. H\u00e4nkin on nyt antanut odotuttaa, ja odotan seuraavia kilpailuja mielenkiinnolla h\u00e4nen osaltaan.<\/p>\n<p class=\"paragraph\"><a href=\"https:\/\/www.iltalehti.fi\/henkilot\/Remi Lindholm\" class=\"article-link-person-page\" rel=\"nofollow noopener\" target=\"_blank\">Remi Lindholm<\/a> oli kilpailun 49. Kaiken kruunasi aikasakko varasl\u00e4hd\u00f6st\u00e4.<\/p>\n<p class=\"paragraph\">Muraselta ei Lindholmille armoa herunut.<\/p>\n<p class=\"paragraph\">\u2013\u2009Ehdottomasti on pettymys. Alkaa hiljalleen olla h\u00e4nen unelmansa olympialaisten suhteen kyll\u00e4 siin\u00e4. Mielenkiintoista nyt n\u00e4hd\u00e4, mik\u00e4 Tour de Skin tilanne on, ett\u00e4 onko h\u00e4nell\u00e4 mahdollisuuksia p\u00e4\u00e4st\u00e4 sinne.<\/p>\n<p>Remi Lindholmin sunnuntai oli vaikea. Pasi Liesimaa<\/p>\n<p>Iivo ulkona<\/p>\n<p class=\"paragraph\"><a href=\"https:\/\/www.iltalehti.fi\/henkilot\/Iivo Niskanen\" class=\"article-link-person-page\" rel=\"nofollow noopener\" target=\"_blank\">Iivo Niskasen<\/a> oli tarkoitus olla mukana miesten sunnuntaisessa kilpailussa. N\u00e4in ei kuitenkaan k\u00e4ynyt, kun Suomen Hiihtoliitto tiedotti kilpailup\u00e4iv\u00e4n aamuna hiihtot\u00e4hden sairastuneen.<\/p>\n<p class=\"paragraph\">Niskanen kilpaili edellisen kerran Trondheimin maailmancupin yhdistelm\u00e4kisassa (sijoitus 25.) ja vapaan 10 kilometrill\u00e4 (30.).<\/p>\n<p class=\"paragraph\">Tuolloin Niskanen valitteli Viaplaylle, ett\u00e4 h\u00e4nt\u00e4 sattui selk\u00e4\u00e4n yhdistelm\u00e4kilpailun aikana. H\u00e4n j\u00e4tti my\u00f6s kauden avauksessa Rukalla 20 kilometrin vapaan hiihtotavan yhteisl\u00e4ht\u00f6kilpailun v\u00e4list\u00e4, koska ei tuntenut oloaan normaaliksi.<\/p>\n<p class=\"paragraph\">Muranen ei kuitenkaan n\u00e4e syyt\u00e4 huolestua Niskasen tilanteessa.<\/p>\n<p class=\"paragraph\">\u2013\u2009Pit\u00e4\u00e4 muistaa, ett\u00e4 h\u00e4n on aiempinakin vuosina kokenut vastaavia tilanteita. Sairastelua on ollut. Kun ollaan kovassa kunnossa, ollaan alttiita saamaan tauteja. Tietenkin nyt muillakin joukkueessa on ollut flunssaa.<\/p>\n<p class=\"paragraph\">\u2013\u2009Iivo tietenkin tiet\u00e4\u00e4 kokeneena urheilijana, miten tuommoisen kanssa toimitaan ja maltetaan menn\u00e4 eteenp\u00e4in rauhassa.<\/p>\n<p>Iivo Niskanen ei hiiht\u00e4nyt Davosissa. Pasi Liesimaa<\/p>\n<p class=\"paragraph\">Vaikka Niskanen on kokenut jo alkukaudella useamman vastoink\u00e4ymisen, Muranen ei usko sen menev\u00e4n kokeneella hiiht\u00e4j\u00e4ll\u00e4 ihon alle.<\/p>\n<p class=\"paragraph\">\u2013\u2009H\u00e4n on kovassa liemess\u00e4 keitetty. Eih\u00e4n t\u00e4mm\u00f6inen tietenk\u00e4\u00e4n ole mukava l\u00e4hestymistapa olympialaisia ajatellen. Aina sit\u00e4 toivoisi, ett\u00e4 pystyisi hyv\u00e4ll\u00e4, tasapainoisella etenemisell\u00e4 menem\u00e4\u00e4n ja ett\u00e4 saisi hyvi\u00e4 onnistumisia. Niiden my\u00f6t\u00e4 homma menee eteenp\u00e4in paljon helpommin ja jouhevammin.<\/p>\n<p class=\"paragraph\">\u2013\u2009Nyt sit\u00e4 joutuu ty\u00f6st\u00e4m\u00e4\u00e4n enemm\u00e4n.<\/p>\n<p><a href=\"https:\/\/www.iltalehti.fi\/telkku\/?utm_source=iltalehti.fi&amp;utm_medium=almainternal&amp;utm_campaign=urheilu_artikkelibanneri&amp;utm_content=banner_612_a\" rel=\"nofollow noopener\" target=\"_blank\"><img decoding=\"async\" src=\"https:\/\/www.europesays.com\/fi\/wp-content\/uploads\/2025\/08\/7ef604e47d46ca174b7df4149bd3557dbde56a86d520f8e1b2125548b0a2e03a.png\" alt=\"TV-ohjelmat t\u00e4n\u00e4\u00e4n, TV-opas\"\/><\/a><\/p>\n","protected":false},"excerpt":{"rendered":"Iltalehden hiihtoasiantuntija paketoi Davosin viikonlopun. Hiihdon maailmancup jatkui viikonloppuna Sveitsin Davosissa, jossa n\u00e4htiin tapahtumarikas ja monella tapaa yll\u00e4tt\u00e4v\u00e4&hellip;\n","protected":false},"author":2,"featured_media":116957,"comment_status":"","ping_status":"","sticky":false,"template":"","format":"standard","meta":{"footnotes":""},"categories":[131],"tags":[35,155,137,33,173,31,30,2096,41,3318,172,2668,32,1145,109],"class_list":{"0":"post-116956","1":"post","2":"type-post","3":"status-publish","4":"format-standard","5":"has-post-thumbnail","7":"category-elokuvat","8":"tag-24h","9":"tag-elokuvat","10":"tag-entertainment","11":"tag-fi","12":"tag-film","13":"tag-finland","14":"tag-finnish","15":"tag-hiihtolajit","16":"tag-liikunta-ja-urheilu","17":"tag-maastohiihto","18":"tag-movies","19":"tag-pohjoismaiset-hiihtolajit","20":"tag-suomi","21":"tag-talviurheilu","22":"tag-viihde"},"share_on_mastodon":{"url":"https:\/\/pubeurope.com\/@fi\/115723512435215092","error":""},"_links":{"self":[{"href":"https:\/\/www.europesays.com\/fi\/wp-json\/wp\/v2\/posts\/116956","targetHints":{"allow":["GET"]}}],"collection":[{"href":"https:\/\/www.europesays.com\/fi\/wp-json\/wp\/v2\/posts"}],"about":[{"href":"https:\/\/www.europesays.com\/fi\/wp-json\/wp\/v2\/types\/post"}],"author":[{"embeddable":true,"href":"https:\/\/www.europesays.com\/fi\/wp-json\/wp\/v2\/users\/2"}],"replies":[{"embeddable":true,"href":"https:\/\/www.europesays.com\/fi\/wp-json\/wp\/v2\/comments?post=116956"}],"version-history":[{"count":0,"href":"https:\/\/www.europesays.com\/fi\/wp-json\/wp\/v2\/posts\/116956\/revisions"}],"wp:featuredmedia":[{"embeddable":true,"href":"https:\/\/www.europesays.com\/fi\/wp-json\/wp\/v2\/media\/116957"}],"wp:attachment":[{"href":"https:\/\/www.europesays.com\/fi\/wp-json\/wp\/v2\/media?parent=116956"}],"wp:term":[{"taxonomy":"category","embeddable":true,"href":"https:\/\/www.europesays.com\/fi\/wp-json\/wp\/v2\/categories?post=116956"},{"taxonomy":"post_tag","embeddable":true,"href":"https:\/\/www.europesays.com\/fi\/wp-json\/wp\/v2\/tags?post=116956"}],"curies":[{"name":"wp","href":"https:\/\/api.w.org\/{rel}","templated":true}]}}