{"id":116962,"date":"2025-12-15T12:15:06","date_gmt":"2025-12-15T12:15:06","guid":{"rendered":"https:\/\/www.europesays.com\/fi\/116962\/"},"modified":"2025-12-15T12:15:06","modified_gmt":"2025-12-15T12:15:06","slug":"uusi-tunnustus-suomalaiselle-kultasepan-alalle-vuoden-kultasepanliike","status":"publish","type":"post","link":"https:\/\/www.europesays.com\/fi\/116962\/","title":{"rendered":"Uusi tunnustus suomalaiselle kultasep\u00e4n alalle: Vuoden kultasep\u00e4nliike"},"content":{"rendered":"<p>Suomalaisen korualan syd\u00e4n sykkii myym\u00e4l\u00f6iss\u00e4, joissa korut muuttuvat tarinoiksi ja merkityksiksi ammattitaitoisella palvelulla. Suomalainen kuluttaja suosii koruostoksissaan liikkeit\u00e4 ja myym\u00e4l\u00f6it\u00e4 verkkokauppaa enemm\u00e4n. Nyt n\u00e4m\u00e4 paikat saavat ensimm\u00e4ist\u00e4 kertaa ansaitsemansa huomion: uusi Vuoden Kultasep\u00e4nliike -palkinto nostaa valokeilaan liikkeet, jotka el\u00e4v\u00f6itt\u00e4v\u00e4t korualaa ja tarjoavat ammattitaitoista palvelua.<\/p>\n<p><strong>Uusi tunnustus huomio korualan liikkeet ja kauppiaat <\/strong><\/p>\n<p>Vuoden Kultasep\u00e4nliike -kilpailu k\u00e4ynnistettiin nostamaan esiin niit\u00e4 kultasep\u00e4nliikkeit\u00e4, jotka yhdist\u00e4v\u00e4t ammattitaidon, visuaalisen ilmeen, vastuullisen liiketoiminnan ja poikkeuksellisen asiakaskokemuksen. Uusi tunnustus laajentaa alan palkitsemisia uuteen toimijaryhm\u00e4\u00e4n. Aiemmin alan palkitsemiset, kuten Vuoden koru ja Vuoden kultasepp\u00e4, ovat keskittyneet yksil\u00f6tasolla koruja tekeviin, taitaviin alan osaajiin.<\/p>\n<p>Kilpailun j\u00e4rjest\u00e4\u00e4 Jules &amp; Beryl Oy yhteisty\u00f6ss\u00e4 kumppaninsa K.A. Rasmussenin kanssa. Palkinto tuo uuden merkityksen kultasep\u00e4nliikkeen roolille. Se korostaa, ett\u00e4 liiketila, asiakaskohtaaminen ja jokainen koruhetki voivat olla osa laajempaa kulttuurista ja kaupallista tarinaa sek\u00e4 t\u00e4rke\u00e4 osa suomalaista korujenk\u00e4ytt\u00f6kulttuuria. <\/p>\n<p><strong>\u201dVuoden Kultasep\u00e4nliike on uusi tunnustus myym\u00e4l\u00f6ille, jotka tekev\u00e4t korualasta el\u00e4v\u00e4\u00e4, n\u00e4kyv\u00e4\u00e4 ja merkityksellist\u00e4. Palkinto nostaa esiin kauppiaat ja myym\u00e4l\u00e4t, jotka ovat asiakkaan t\u00e4rkein kohtaamispaikka, joissa korut muuttuvat esineist\u00e4 kokemuksiksi, tarinoiksi ja muistoiksi\u201d<\/strong><strong>,<\/strong><strong> <\/strong>kertoo kilpailun j\u00e4rjest\u00e4j\u00e4n Jules&amp; Berylin edustaja <strong>Johanna Lund\u00e1n <\/strong>uuden palkitsemisen merkityksest\u00e4.<\/p>\n<p><strong>Myym\u00e4l\u00e4t ovat t\u00e4rke\u00e4 osa suomalaista korukulttuuria ja -kuluttamista<\/strong><\/p>\n<p>Kotimaisen korualan haastavat markkinat, kansainv\u00e4listyminen ja kulutustrendien murros asettavat liikkeille paineita uudistua. Vuoden Kultasep\u00e4nliike -palkinto tarjoaa  konkreettisen tavan nostaa alan parhaita k\u00e4yt\u00e4nt\u00f6j\u00e4 keskusteluun.<\/p>\n<p>Kilpailun arvioinnissa huomioidaan muun muassa:<\/p>\n<ul>\n<li>visuaalinen liiketilan kokonaisuus ja asiakasviihtyvyys<\/li>\n<li>palvelun asiantuntevuus ja henkil\u00f6kohtainen kohtaaminen<\/li>\n<li>kyky uudistua sek\u00e4 markkinoida omaa br\u00e4ndi\u00e4\u00e4n omaleimaisesti<\/li>\n<li>liiketoiminnan kest\u00e4vyys ja kehitt\u00e4misen sek\u00e4 henkil\u00f6st\u00f6n hyvinvointi.<\/li>\n<\/ul>\n<p>Palkinto on avoin <strong>kaikille Suomessa toimiville kultasep\u00e4nliikkeille<\/strong> riippumatta koosta tai sijainnista. Palkittava voi olla pieni putiikki tai verkkokauppa yht\u00e4 hyvin kuin tunnettu ketjumyym\u00e4l\u00e4. Arviointi tehd\u00e4\u00e4n aina suhteessa liikkeen kokoon, toimintaymp\u00e4rist\u00f6\u00f6n ja resursseihin.<\/p>\n<p><strong>Kilpailun aikataulu ja osallistuminen<\/strong><\/p>\n<p>Vuoden kultasep\u00e4nliike 2026 -kilpailun hakuaika on nyt k\u00e4ynniss\u00e4. Kilpailuun haetaan mukaan hakulomakkeella, joka on toimitettava <strong>6.1.2026 menness\u00e4<\/strong>. Voittaja julkistetaan juhlavasti osana alan ammattilaistapahtumaa Jewellery Finland Gaala \u2013tilaisuutta, 31.1.2026 Tampereella.<\/p>\n<p>Voittajaliike saa kunniakirjan, oikeuden k\u00e4ytt\u00e4\u00e4 tunnusta \u201dVuoden Kultasep\u00e4nliike 2026\u201d sek\u00e4 n\u00e4kyvyytt\u00e4 alan ja kuluttajien keskuudessa.<\/p>\n<p><strong>LIS\u00c4TIEDOT, HAASTATTELUPYYNN\u00d6T JA KUVAT<\/strong><\/p>\n<ul>\n<li>Johanna Lund\u00e1n \/ Jules &amp; Beryl Oy, <a href=\"http:\/\/www.epressi.com\/cdn-cgi\/l\/email-protection#761c191e17181817361c031a13051718121413040f1a58101f\" rel=\"nofollow noopener\" target=\"_blank\">[email\u00a0protected]<\/a>, 040 5380 433<\/li>\n<li>Kilpailun nettisivut: https:\/\/jewelleryfinland.fi\/palkinnot\/vuoden-kultasepanliike\/<\/li>\n<\/ul>\n","protected":false},"excerpt":{"rendered":"Suomalaisen korualan syd\u00e4n sykkii myym\u00e4l\u00f6iss\u00e4, joissa korut muuttuvat tarinoiksi ja merkityksiksi ammattitaitoisella palvelulla. Suomalainen kuluttaja suosii koruostoksissaan liikkeit\u00e4&hellip;\n","protected":false},"author":2,"featured_media":116963,"comment_status":"","ping_status":"","sticky":false,"template":"","format":"standard","meta":{"footnotes":""},"categories":[76],"tags":[79,77,33,31,30,32,78],"class_list":{"0":"post-116962","1":"post","2":"type-post","3":"status-publish","4":"format-standard","5":"has-post-thumbnail","7":"category-talous","8":"tag-business","9":"tag-economy","10":"tag-fi","11":"tag-finland","12":"tag-finnish","13":"tag-suomi","14":"tag-talous"},"share_on_mastodon":{"url":"https:\/\/pubeurope.com\/@fi\/115723536066553954","error":""},"_links":{"self":[{"href":"https:\/\/www.europesays.com\/fi\/wp-json\/wp\/v2\/posts\/116962","targetHints":{"allow":["GET"]}}],"collection":[{"href":"https:\/\/www.europesays.com\/fi\/wp-json\/wp\/v2\/posts"}],"about":[{"href":"https:\/\/www.europesays.com\/fi\/wp-json\/wp\/v2\/types\/post"}],"author":[{"embeddable":true,"href":"https:\/\/www.europesays.com\/fi\/wp-json\/wp\/v2\/users\/2"}],"replies":[{"embeddable":true,"href":"https:\/\/www.europesays.com\/fi\/wp-json\/wp\/v2\/comments?post=116962"}],"version-history":[{"count":0,"href":"https:\/\/www.europesays.com\/fi\/wp-json\/wp\/v2\/posts\/116962\/revisions"}],"wp:featuredmedia":[{"embeddable":true,"href":"https:\/\/www.europesays.com\/fi\/wp-json\/wp\/v2\/media\/116963"}],"wp:attachment":[{"href":"https:\/\/www.europesays.com\/fi\/wp-json\/wp\/v2\/media?parent=116962"}],"wp:term":[{"taxonomy":"category","embeddable":true,"href":"https:\/\/www.europesays.com\/fi\/wp-json\/wp\/v2\/categories?post=116962"},{"taxonomy":"post_tag","embeddable":true,"href":"https:\/\/www.europesays.com\/fi\/wp-json\/wp\/v2\/tags?post=116962"}],"curies":[{"name":"wp","href":"https:\/\/api.w.org\/{rel}","templated":true}]}}