{"id":116964,"date":"2025-12-15T12:16:08","date_gmt":"2025-12-15T12:16:08","guid":{"rendered":"https:\/\/www.europesays.com\/fi\/116964\/"},"modified":"2025-12-15T12:16:08","modified_gmt":"2025-12-15T12:16:08","slug":"marokon-akkitulvien-uhriluku-nousee-uutisia-lyhyesti","status":"publish","type":"post","link":"https:\/\/www.europesays.com\/fi\/116964\/","title":{"rendered":"Marokon \u00e4kkitulvien uhriluku nousee | Uutisia lyhyesti"},"content":{"rendered":"<p class=\"aw-1gybjub aw-5vja16 kEtdKx kmuxyA yle__article__paragraph\">Etsint\u00e4- ja pelastusty\u00f6t ovat jatkuneet maanantaina.<\/p>\n<p><img decoding=\"async\" alt=\"Pelastushenkil\u00f6kuntaa kahlaa tulvavedess\u00e4.\" src=\"https:\/\/www.europesays.com\/fi\/wp-content\/uploads\/2025\/12\/39-1569917693fed1867b2e.jpeg\" class=\"aw-1l9m598 hKVVvP\"\/><\/p>\n<p>Avaa kuvien katselu<\/p>\n<p>\u00c4killisten rankkasateiden aiheuttamat tulvat ovat olleet tuhoisia Marokossa. Kuva: AFP<\/p>\n<p class=\"aw-1gybjub aw-1p7kakr kEtdKx cEmitX yle__article__paragraph\">Marokossa rankkasateiden aiheuttamien \u00e4killisten tulvien uhriluku on noussut l\u00e4hes 40 kuolleeseen, kertovat paikalliset viranomaiset. Aiemmin oli kerrottu runsaasta 20 kuolonuhrista.<\/p>\n<p class=\"aw-1gybjub aw-1p7kakr kEtdKx cEmitX yle__article__paragraph\">Tulvat nousivat viikonloppuna maan l\u00e4nsirannikolla sijaitsevassa Safin kaupungissa. Toistakymment\u00e4 loukkaantunutta oli maanantaina yh\u00e4 hoidossa paikallisessa sairaalassa, kaksi heist\u00e4 tehohoidossa.<\/p>\n<p class=\"aw-1gybjub aw-1p7kakr kEtdKx cEmitX yle__article__paragraph\">Viranomaisten mukaan kymmeni\u00e4 koteja ja liikehuoneistoja j\u00e4i tulvaveden alle kaupungin historiallisessa keskustassa. Lis\u00e4ksi liikenne on paikoin ollut poikki teiden k\u00e4rsimien vaurioiden vuoksi.<\/p>\n<p class=\"aw-1gybjub aw-1p7kakr kEtdKx cEmitX yle__article__paragraph\">Sosiaalisessa mediassa julkaistuissa kuvissa n\u00e4kyy, kuinka virtaava mutavesi pyyhkii tielt\u00e4\u00e4n muun muassa autoja.<\/p>\n<p class=\"aw-1gybjub aw-1p7kakr kEtdKx cEmitX yle__article__paragraph\">Sunnuntai-iltaan menness\u00e4 tulvavesi oli laskenut, ja asukkaat yrittiv\u00e4t l\u00f6yt\u00e4\u00e4 mutaisesta maastosta tavaroitaan.<\/p>\n<p class=\"aw-1gybjub aw-1p7kakr kEtdKx cEmitX yle__article__paragraph\">&#8211; T\u00e4m\u00e4 on synkk\u00e4 p\u00e4iv\u00e4, er\u00e4s paikallinen totesi uutistoimisto AFP:lle.<\/p>\n<p class=\"aw-1gybjub aw-1p7kakr kEtdKx cEmitX yle__article__paragraph\">Toinen AFP:n haastattelema asukas ihmetteli, miksi hallinto ei ollut l\u00e4hett\u00e4nyt kuorma-autoja alueelle pumppaamaan vett\u00e4 pois.<\/p>\n<p>Lis\u00e4\u00e4 sateita luvassa tiistaina<\/p>\n<p class=\"aw-1gybjub aw-1p7kakr kEtdKx cEmitX yle__article__paragraph\">Alkavalla viikolla Marokkoon odotetaan lis\u00e4\u00e4 sateita. Koko maahan on ennustettu voimakkaita sateita tiistaiksi.<\/p>\n<p class=\"aw-1gybjub aw-1p7kakr kEtdKx cEmitX yle__article__paragraph\">Ankarat s\u00e4\u00e4olosuhteet ja tulvat eiv\u00e4t ole Marokossa harvinaisia. Maa on k\u00e4rsinyt jo seitsem\u00e4tt\u00e4 vuotta per\u00e4kk\u00e4in vakavasta kuivuudesta.<\/p>\n<p class=\"aw-1gybjub aw-1p7kakr kEtdKx cEmitX yle__article__paragraph\">Paikallisen s\u00e4\u00e4viranomaisen mukaan viime vuosi oli Marokon mittaushistorian kuumin. Tuolloin sadem\u00e4\u00e4r\u00e4 j\u00e4i keskim\u00e4\u00e4rin 24,7 prosenttia tavanomaista pienemm\u00e4ksi.<\/p>\n<p class=\"aw-1gybjub aw-1p7kakr kEtdKx cEmitX yle__article__paragraph\">Asiantuntijat ovat varoittaneet, ett\u00e4 myrskyt voimistuvat ihmisen aiheuttaman ilmastonmuutoksen my\u00f6t\u00e4.<\/p>\n","protected":false},"excerpt":{"rendered":"Etsint\u00e4- ja pelastusty\u00f6t ovat jatkuneet maanantaina. Avaa kuvien katselu \u00c4killisten rankkasateiden aiheuttamat tulvat ovat olleet tuhoisia Marokossa. Kuva:&hellip;\n","protected":false},"author":2,"featured_media":116965,"comment_status":"","ping_status":"","sticky":false,"template":"","format":"standard","meta":{"footnotes":""},"categories":[14],"tags":[22,23,26,27,33,31,30,17,1096,24,25,4074,28,29,13099,15,18,21,710,32,19,20,2524,56,16,59,60,61],"class_list":{"0":"post-116964","1":"post","2":"type-post","3":"status-publish","4":"format-standard","5":"has-post-thumbnail","7":"category-ulkomaat","8":"tag-breaking-news","9":"tag-breakingnews","10":"tag-featured-news","11":"tag-featurednews","12":"tag-fi","13":"tag-finland","14":"tag-finnish","15":"tag-headlines","16":"tag-ilmasto","17":"tag-latest-news","18":"tag-latestnews","19":"tag-luonnononnettomuudet","20":"tag-main-news","21":"tag-mainnews","22":"tag-marokko","23":"tag-news","24":"tag-otsikot","25":"tag-paauutiset","26":"tag-saa","27":"tag-suomi","28":"tag-top-stories","29":"tag-topstories","30":"tag-tulvat","31":"tag-ulkomaat","32":"tag-uutiset","33":"tag-world","34":"tag-world-news","35":"tag-worldnews"},"share_on_mastodon":{"url":"https:\/\/pubeurope.com\/@fi\/115723540137397554","error":""},"_links":{"self":[{"href":"https:\/\/www.europesays.com\/fi\/wp-json\/wp\/v2\/posts\/116964","targetHints":{"allow":["GET"]}}],"collection":[{"href":"https:\/\/www.europesays.com\/fi\/wp-json\/wp\/v2\/posts"}],"about":[{"href":"https:\/\/www.europesays.com\/fi\/wp-json\/wp\/v2\/types\/post"}],"author":[{"embeddable":true,"href":"https:\/\/www.europesays.com\/fi\/wp-json\/wp\/v2\/users\/2"}],"replies":[{"embeddable":true,"href":"https:\/\/www.europesays.com\/fi\/wp-json\/wp\/v2\/comments?post=116964"}],"version-history":[{"count":0,"href":"https:\/\/www.europesays.com\/fi\/wp-json\/wp\/v2\/posts\/116964\/revisions"}],"wp:featuredmedia":[{"embeddable":true,"href":"https:\/\/www.europesays.com\/fi\/wp-json\/wp\/v2\/media\/116965"}],"wp:attachment":[{"href":"https:\/\/www.europesays.com\/fi\/wp-json\/wp\/v2\/media?parent=116964"}],"wp:term":[{"taxonomy":"category","embeddable":true,"href":"https:\/\/www.europesays.com\/fi\/wp-json\/wp\/v2\/categories?post=116964"},{"taxonomy":"post_tag","embeddable":true,"href":"https:\/\/www.europesays.com\/fi\/wp-json\/wp\/v2\/tags?post=116964"}],"curies":[{"name":"wp","href":"https:\/\/api.w.org\/{rel}","templated":true}]}}