{"id":116966,"date":"2025-12-15T12:17:14","date_gmt":"2025-12-15T12:17:14","guid":{"rendered":"https:\/\/www.europesays.com\/fi\/116966\/"},"modified":"2025-12-15T12:17:14","modified_gmt":"2025-12-15T12:17:14","slug":"lapland-safaris-valmistautuu-maltilla-ennustettuun-matkailun-ennatystalveen","status":"publish","type":"post","link":"https:\/\/www.europesays.com\/fi\/116966\/","title":{"rendered":"Lapland Safaris valmistautuu maltilla ennustettuun matkailun enn\u00e4tystalveen"},"content":{"rendered":"<p class=\"wp-block-post-excerpt__excerpt\">Konkarioppaiden mukaan huippusesongilla ei en\u00e4\u00e4 paiskita yht\u00e4 usein yli 200 tunnin kuukausia, kun matkailijoita on tasaisemmin pitkin talvea. <\/p>\n<p><img loading=\"lazy\" decoding=\"async\" width=\"2000\" height=\"1333\" src=\"https:\/\/www.europesays.com\/fi\/wp-content\/uploads\/2025\/12\/Lapland-Safaris-snowmobile_pam.jpg\" class=\"attachment-post-thumbnail size-post-thumbnail wp-post-image\" alt=\"Nelj\u00e4 moottorikelkkailijaa ovat pys\u00e4htyneen\u00e4 tunturin huipulla. Auringon lasku n\u00e4kyy taustalla.\" style=\"object-fit:cover;\"  \/><\/p>\n<p>Mustien moottorikelkkakyp\u00e4rien visiirit kiilt\u00e4v\u00e4t valossa. Punaiset haalarit roikkuvat pitkiss\u00e4 riveiss\u00e4. K\u00e4yt\u00e4vi\u00e4 pitkin kulkee ihmisi\u00e4 j\u00e4reiss\u00e4 ulkoilmavaatteissa. T\u00e4lt\u00e4 n\u00e4ytt\u00e4\u00e4 Lapland Safariksen toimitiloissa Rovaniemell\u00e4 juuri ennen enn\u00e4tykselliseksi povattua talvimatkailukautta.<\/p>\n<p>Yksi k\u00e4yt\u00e4vill\u00e4 kulkeva on <strong>Ilari Sirkka<\/strong>. H\u00e4n on kartuttanut monipuolisen kokemuksen Lapland Safariksen palveluksessa. Viimeisen viidentoista vuoden aikana Sirkka on muun muassa saanut opastaa moottorikelkkailua, lumikenk\u00e4ily\u00e4 ja toimia bussioppaana. Onpa h\u00e4n tehnyt kelkkaopastamisen ohessa my\u00f6s hieman tontun t\u00f6it\u00e4. My\u00f6s yrityksen kaluston ja kohteiden huoltoty\u00f6t ovat ty\u00f6llist\u00e4neet.<\/p>\n<p>Opast\u00f6ist\u00e4 Sirkka siirtyi tuotannon ty\u00f6njohtoon ja viime vuonna nykyiseen pestiin operoivan myynnin puolelle.<\/p>\n<p>Sirkka on viihtynyt Lapland Safariksella, ty\u00f6ntekij\u00f6iden kesken \u201cLasalla\u201d, pitk\u00e4\u00e4n, koska pit\u00e4\u00e4 ty\u00f6yhteis\u00f6\u00e4 hyv\u00e4n\u00e4. Ty\u00f6 on ollut eritt\u00e4in monipuolista.<\/p>\n<p>\u2212 Ty\u00f6paikka on turvallinen sek\u00e4 t\u00f6iden riitt\u00e4vyyden suhteen ett\u00e4 konkreettisesti, Sirkka kiittelee.<\/p>\n<p>H\u00e4n p\u00e4\u00e4tyi Rovaniemelle Vierem\u00e4lt\u00e4 opiskelemaan. Matkailuala vei kuitenkin menness\u00e4\u00e4n.\u00a0<\/p>\n<p>Hiljattain Sirkka aloitti yrityksen p\u00e4\u00e4luottamusmiehen\u00e4 ja toimii my\u00f6s ty\u00f6suojeluvaltuutettuna.<\/p>\n<p>Muutama viikko ennen talvikauden alkua yrityksess\u00e4 koulutetaan uusia oppaita. Koulutus kest\u00e4\u00e4 10 p\u00e4iv\u00e4\u00e4 ja siin\u00e4 korostuu turvallinen toiminta.<\/p>\n<p>\u2212 Turvallisuuskulttuuri on kehittynyt 15 vuodessa, Ilari Sirkka sanoo.<\/p>\n<p>Suurin osa Lapland Safariksen ty\u00f6ntekij\u00f6ist\u00e4 palaa useammaksi talveksi.<\/p>\n<p>\u2212 Hiljaista tietoa on valtavasti. Ty\u00f6ntekij\u00f6ist\u00e4 halutaan pit\u00e4\u00e4 kiinni.<\/p>\n<p><img loading=\"lazy\" decoding=\"async\" width=\"400\" height=\"600\" src=\"https:\/\/www.europesays.com\/fi\/wp-content\/uploads\/2025\/12\/lapland_safaris_ilarisirkka_pam-400x600.jpg\" alt=\"\" class=\"wp-image-48029\"  \/>Lapland Safariksen p\u00e4\u00e4luottamusmies ja ty\u00f6suojeluvaltuutettu Ilari Sirkka Kemijoen rannassa. Sirkka sanoo pelk\u00e4\u00e4v\u00e4ns\u00e4 joka talvi, kun matkailijat k\u00e4velev\u00e4t joen petolliselle j\u00e4\u00e4lle. Siksi h\u00e4n ei halunnut itsek\u00e4\u00e4n tehd\u00e4 ensimm\u00e4isi\u00e4 jalanj\u00e4lki\u00e4 hankeen.<\/p>\n<p>Tekem\u00e4ll\u00e4 oppii<\/p>\n<p>Ilari Sirkan mukaan esimerkiksi moottorikelkkasafareiden opastamisessa on paljon sellaista, jonka oppii vain tekem\u00e4ll\u00e4. Kelkkasafareilla iso muutos oli jo vuosia sitten k\u00e4ytt\u00f6\u00f6n otetut niin sanotut vihre\u00e4t avaimet. Ne rajoittavat moottorikelkkojen kiihtyvyytt\u00e4 ja huippunopeutta huomattavasti.<\/p>\n<p>\u2212 Vahingot ovat v\u00e4hentyneet, Sirkka toteaa.<\/p>\n<p><img loading=\"lazy\" decoding=\"async\" width=\"800\" height=\"534\" src=\"https:\/\/www.europesays.com\/fi\/wp-content\/uploads\/2025\/12\/pam_lapland-safaris-800x534.jpg\" alt=\"\" class=\"wp-image-48021\"  \/>Haalareiden jakaminen matkailijoille on Lapland Safariksen p\u00e4\u00e4luottamusmies Ilari Sirkan mukaan yksi hauskimmista teht\u00e4vist\u00e4, koska matkailijat ovat juuri saavuttuaan lappiin hyvin innoissaan.<\/p>\n<p>Lapland Safaris valmistautuu alkavaan talvikauteen maltillisin odotuksin, kertoo toimitusjohtaja <strong>Rami Korhonen<\/strong>.<\/p>\n<p>\u2212 Rynt\u00e4ys Lappiin on nyt p\u00e4\u00e4ll\u00e4, mutta on hyv\u00e4 varautua kysynn\u00e4n tasaantumiseen.<\/p>\n<p>Talvikauden kehityst\u00e4 rajoittaa konsernin majoituskapasiteetti. Viime vuosina painotus onkin ollut laajentaa muiden vuodenaikojen toimintaa.<\/p>\n<p>Matkailuala kiinnostaa ty\u00f6ntekij\u00f6it\u00e4. Korhosen mukaan hakijam\u00e4\u00e4r\u00e4 kaksinkertaistui t\u00e4n\u00e4 syksyn\u00e4. Uusia hakijoita oli 6 500 ja ty\u00f6paikan sai 250. Vanhoista ty\u00f6ntekij\u00f6ist\u00e4 t\u00f6ihin palaa noin 70 prosenttia.<\/p>\n<blockquote class=\"wp-block-quote\">\n<p class=\" mt-md\">Kokeneista tekij\u00f6ist\u00e4 on aina pulaa, haluamme pit\u00e4\u00e4 heist\u00e4 kiinni.\u00a0<\/p>\n<\/blockquote>\n<p>\u2212 Kokeneista tekij\u00f6ist\u00e4 on aina pulaa, haluamme pit\u00e4\u00e4 heist\u00e4 kiinni. Emme selvi\u00e4isi ilman palaavia ty\u00f6ntekij\u00f6it\u00e4, Korhonen korostaa.<\/p>\n<p>H\u00e4nen mukaansa Lapland Safariksen kokeneista ty\u00f6ntekij\u00f6ist\u00e4 valtaosalla palkka ylitt\u00e4\u00e4 <a href=\"https:\/\/www.pam.fi\/tes\/ohjelmapalvelualan-tyoehtosopimus\/\" rel=\"nofollow noopener\" target=\"_blank\">ty\u00f6ehtosopimuksen <\/a>tason. Yrityksen ty\u00f6voimasta noin puolet on ulkomaalaisia. Keskeinen syy t\u00e4h\u00e4n on Korhosen mukaan kielitaito.<\/p>\n<p>\u2212 Etenkin ranskaa puhuvia tarvitaan paljon, eik\u00e4 heit\u00e4 l\u00f6ydy suomalaisista paljoa.\u00a0<\/p>\n<p><img loading=\"lazy\" decoding=\"async\" width=\"800\" height=\"534\" src=\"https:\/\/www.europesays.com\/fi\/wp-content\/uploads\/2025\/12\/lapland_safaris_korhonen-800x534.jpg\" alt=\"Lapland Safariksen toimitusjohtaja Korhonen seisoo ulkona lumisessa kaupunkimilj\u00f6\u00f6ss\u00e4.\" class=\"wp-image-48033\"  \/>Lapland Safariksen toimitusjohtaja Rami Korhonen Rovaniemen keskustassa. Korhosen mukaan rynt\u00e4ys Lappiin on nyt p\u00e4\u00e4ll\u00e4, mutta kysynn\u00e4n tasaantumiseen on hyv\u00e4 varautua.<\/p>\n<p>Vuorovastaava p\u00e4ivyst\u00e4\u00e4<\/p>\n<p>Rovaniemel\u00e4isen hostellin kokoushuoneessa joukko uusia ty\u00f6ntekij\u00f6it\u00e4 kuuntelee tietoiskua ty\u00f6ntekij\u00e4n oikeuksista. Huoneen takaosassa puheenvuoroa seuraa <strong>Robert Gullsten<\/strong>, joka aloitti yrityksess\u00e4 2017 ja kouluttaa tulevia oppaita.<\/p>\n<p>Oppaan t\u00f6ist\u00e4 Gullsten on siirtynyt ty\u00f6njohtoon. Viime talvena Gullsten ty\u00f6skenteli vuorovastaavana, ja tekee alkavana talvena suunnittelevan ty\u00f6njohtajan t\u00f6it\u00e4.<\/p>\n<p>Vuorovastaava p\u00e4ivyst\u00e4\u00e4 ja reagoi yll\u00e4tt\u00e4viin tilanteisiin. Kun auto hajoaa, vuorovastaava j\u00e4rjest\u00e4\u00e4 korvaavan kyydin ja kuljettajan, jotta opas voi keskitty\u00e4 asiakkaisiin.<\/p>\n<p>Kun helmikuussa sataa pari viikkoa vett\u00e4 ja j\u00e4\u00e4lt\u00e4 l\u00e4htev\u00e4t moottorikelkkasafarit pit\u00e4\u00e4 siirt\u00e4\u00e4 v\u00e4hemm\u00e4n vetisiin l\u00e4ht\u00f6paikkoihin, vuorovastaavalla riitt\u00e4\u00e4 j\u00e4rjest\u00e4mist\u00e4 muiden kanssa.<\/p>\n<p>\u2212 Vuorovastaava tekee ensimm\u00e4iset reagoinnit yll\u00e4tt\u00e4viin tilanteisiin. Valmiustaso kummallisissakin tilanteissa on Lasan vahvuus, Gullsten kertoo.<\/p>\n<p><img decoding=\"async\" src=\"https:\/\/www.pam.fi\/wp-content\/uploads\/2025\/12\/Robert-Gullman-800x534.jpg\" alt=\"\" class=\"wp-image-48036\"\/>Robert Gullsten ty\u00f6skenteli viime talvena vuorovastaavana Rovaniemen toimipisteell\u00e4. Vuorovastaava p\u00e4ivyst\u00e4\u00e4 ja auttaa oppaita kaikissa yll\u00e4tt\u00e4viss\u00e4 ja arkisissa tilanteissa. Suurella n\u00e4yt\u00f6ll\u00e4 vuorovastaava vastaa viesteihin ja fl\u00e4ppitaululla pidet\u00e4\u00e4n kirjaa, miss\u00e4 mik\u00e4kin ajoneuvo liikkuu milloinkin.<\/p>\n<p>Matkailualan yritysten ty\u00f6olot ovat her\u00e4tt\u00e4neet syksyll\u00e4 keskustelua. Rami Korhonen pit\u00e4\u00e4 keskustelua hyv\u00e4n\u00e4, koska alalle on viime vuosina tullut paljon uusia yrityksi\u00e4.<\/p>\n<p>\u2212 Jos on toimijoita, jotka eiv\u00e4t noudata pelis\u00e4\u00e4nt\u00f6j\u00e4, se voi v\u00e4\u00e4rist\u00e4\u00e4 kilpailua.<\/p>\n<p>Korhosta harmittaa, ett\u00e4 yksitt\u00e4isten yritysten laiminly\u00f6nnit voivat leimata koko toimialaa.<\/p>\n<p>Lapland Safaris pyrkii antamaan realistisia lupauksia ty\u00f6ntekij\u00f6illeen.<\/p>\n<p>\u2212 Jotkut voivat luvata kovia tuntim\u00e4\u00e4ri\u00e4 huonolla palkalla tai kovaa palkkaa pienell\u00e4 tuntim\u00e4\u00e4r\u00e4ll\u00e4, Korhonen kertoo.<\/p>\n<p>Haluttu ty\u00f6nantaja<\/p>\n<p>Robert Gullstenista on surullista n\u00e4hd\u00e4 juttuja huonoista kokemuksista.<\/p>\n<p>\u2212 Moni on haavoittuvassa asemassa vieraassa maassa tai kaupungissa. Villi\u00e4 l\u00e4ntt\u00e4 riitt\u00e4\u00e4 viel\u00e4 t\u00e4ll\u00e4 alalla, Gullsten sanoo.<\/p>\n<p>Samalla keskustelu on kirkastanut Gullstenin k\u00e4sityst\u00e4 siit\u00e4, ett\u00e4 omalla ty\u00f6paikalla asiat on hoidettu hyvin.<\/p>\n<p>H\u00e4n kertoo, ett\u00e4 montaa kollegaa on kysytty t\u00f6ihin muualle.<\/p>\n<p>\u2212 T\u00e4m\u00e4 on alalla arvostettu ty\u00f6paikka. Muualta pyrit\u00e4\u00e4n meille t\u00f6ihin, Gullsten toteaa.<\/p>\n<p>Sek\u00e4 Robert Gullsten ett\u00e4 Ilari Sirkka ovat n\u00e4hneet Lapin matkailualan muutoksen.<\/p>\n<p>Ty\u00f6 on yh\u00e4 sesonkiluonteista, mutta ty\u00f6kulttuuri on Gullstenin mukaan inhimillistynyt.<\/p>\n<p>Aiemmin etenkin joulukuussa tehtiin valtavia tuntim\u00e4\u00e4ri\u00e4. Gullstenkin muistaa tehneens\u00e4 yli 200 tunnin kuukausia.<\/p>\n<p>\u2212 Kyll\u00e4h\u00e4n sadat ty\u00f6tunnit kuukaudessa voivat vaikuttaa ty\u00f6n laatuun. Joulukuu on edelleen piikki, mutta isot tuntim\u00e4\u00e4r\u00e4t ovat omaehtoisia, Gullsten korostaa.<\/p>\n<p>Toinen iso muutos ovat olleet takuutunnit, joita Lapland Safariksessa tarjotaan kaikille ty\u00f6ntekij\u00f6ille.<\/p>\n<p>\u2212 My\u00f6s palkkoja on saatu v\u00e4hitellen yl\u00f6sp\u00e4in, Robert Gullsten sanoo.<\/p>\n<p><img loading=\"lazy\" decoding=\"async\" width=\"800\" height=\"533\" src=\"https:\/\/www.europesays.com\/fi\/wp-content\/uploads\/2025\/12\/Lapland-Safaris_kelkat-800x533.jpg\" alt=\"\" class=\"wp-image-48038\"  \/><\/p>\n<p>Ohjelmapalvelualan kev\u00e4\u00e4ll\u00e4 solmittu ty\u00f6ehtosopimus korotti alan palkkoja syyskuun alussa 2,5 prosenttia, ja koko kolmivuotisen sopimuskauden aikana yhteens\u00e4 7,8 prosenttia.\u202f\u00a0<\/p>\n<p>My\u00f6s toimitusjohtaja Korhosen mukaan talvisesonki on tasaantunut. Aiemmin joulukuun j\u00e4lkeen tammikuussa tuli hiljaisempi jakso. Nyt matkailijoita on tasaisesti, joten hurjille tuntim\u00e4\u00e4rille ei ole en\u00e4\u00e4 joulukuussa samanlaista tarvetta.<\/p>\n<p>\u2212 On n\u00e4hty, ett\u00e4 ihmiset v\u00e4syv\u00e4t, Korhonen sanoo.<\/p>\n<p>Sesongin alku haastaa silti kokeneitakin.<\/p>\n<p>\u2212 Syyskuussa aloitetaan valmistautuminen ja vaikka rutiinit ovat vankat, kauden alku yll\u00e4tt\u00e4\u00e4 yh\u00e4, Ilari Sirkka sanoo.<\/p>\n<p>Yht\u00e4 yll\u00e4tt\u00e4v\u00e4\u00e4 on Ilari Sirkan mukaan my\u00f6s se hetki kev\u00e4\u00e4ll\u00e4, kun huomaa talven viimeisen safarin tulleen ajetuksi.\u00a0 <\/p>\n<p>Teksti: Otto Ponto <br \/>Kuvat: Lapland Safaris ja Otto Ponto<\/p>\n<p>Do you do seasonal work?<\/p>\n<p>Join PAM and protect your rights!<\/p>\n<p>And note \u2013 the first month of membership is free!\u00a0<\/p>\n<p>Teetk\u00f6 kausit\u00f6it\u00e4?<\/p>\n<p>PAMin j\u00e4senen\u00e4 saat turvaa ty\u00f6suhteeseen \u2013 liity jo t\u00e4n\u00e4\u00e4n<\/p>\n<p>Ensimm\u00e4inen liittymiskuukausi on maksuton!<\/p>\n<p>\tMit\u00e4 pidit t\u00e4st\u00e4 sis\u00e4ll\u00f6st\u00e4?<\/p>\n","protected":false},"excerpt":{"rendered":"Konkarioppaiden mukaan huippusesongilla ei en\u00e4\u00e4 paiskita yht\u00e4 usein yli 200 tunnin kuukausia, kun matkailijoita on tasaisemmin pitkin talvea.&hellip;\n","protected":false},"author":2,"featured_media":116967,"comment_status":"","ping_status":"","sticky":false,"template":"","format":"standard","meta":{"footnotes":""},"categories":[12],"tags":[22,23,26,27,33,31,30,17,24,25,28,29,15,18,21,32,19,20,16],"class_list":{"0":"post-116966","1":"post","2":"type-post","3":"status-publish","4":"format-standard","5":"has-post-thumbnail","7":"category-suomi","8":"tag-breaking-news","9":"tag-breakingnews","10":"tag-featured-news","11":"tag-featurednews","12":"tag-fi","13":"tag-finland","14":"tag-finnish","15":"tag-headlines","16":"tag-latest-news","17":"tag-latestnews","18":"tag-main-news","19":"tag-mainnews","20":"tag-news","21":"tag-otsikot","22":"tag-paauutiset","23":"tag-suomi","24":"tag-top-stories","25":"tag-topstories","26":"tag-uutiset"},"share_on_mastodon":{"url":"https:\/\/pubeurope.com\/@fi\/115723543987396061","error":""},"_links":{"self":[{"href":"https:\/\/www.europesays.com\/fi\/wp-json\/wp\/v2\/posts\/116966","targetHints":{"allow":["GET"]}}],"collection":[{"href":"https:\/\/www.europesays.com\/fi\/wp-json\/wp\/v2\/posts"}],"about":[{"href":"https:\/\/www.europesays.com\/fi\/wp-json\/wp\/v2\/types\/post"}],"author":[{"embeddable":true,"href":"https:\/\/www.europesays.com\/fi\/wp-json\/wp\/v2\/users\/2"}],"replies":[{"embeddable":true,"href":"https:\/\/www.europesays.com\/fi\/wp-json\/wp\/v2\/comments?post=116966"}],"version-history":[{"count":0,"href":"https:\/\/www.europesays.com\/fi\/wp-json\/wp\/v2\/posts\/116966\/revisions"}],"wp:featuredmedia":[{"embeddable":true,"href":"https:\/\/www.europesays.com\/fi\/wp-json\/wp\/v2\/media\/116967"}],"wp:attachment":[{"href":"https:\/\/www.europesays.com\/fi\/wp-json\/wp\/v2\/media?parent=116966"}],"wp:term":[{"taxonomy":"category","embeddable":true,"href":"https:\/\/www.europesays.com\/fi\/wp-json\/wp\/v2\/categories?post=116966"},{"taxonomy":"post_tag","embeddable":true,"href":"https:\/\/www.europesays.com\/fi\/wp-json\/wp\/v2\/tags?post=116966"}],"curies":[{"name":"wp","href":"https:\/\/api.w.org\/{rel}","templated":true}]}}