{"id":116968,"date":"2025-12-15T12:18:14","date_gmt":"2025-12-15T12:18:14","guid":{"rendered":"https:\/\/www.europesays.com\/fi\/116968\/"},"modified":"2025-12-15T12:18:14","modified_gmt":"2025-12-15T12:18:14","slug":"kaisa-huttunen-kritisoi-lastensuojelua-ja-joutui-tyonantajan-puhutteluun-on-annettu-ymmartaa-ettei-ole-hyvaksyttavaa-kotimaa","status":"publish","type":"post","link":"https:\/\/www.europesays.com\/fi\/116968\/","title":{"rendered":"Kaisa Huttunen kritisoi lastensuojelua ja joutui ty\u00f6nantajan puhutteluun: \u201dOn annettu ymm\u00e4rt\u00e4\u00e4, ettei ole hyv\u00e4ksytt\u00e4v\u00e4\u00e4\u201d | Kotimaa"},"content":{"rendered":"<ul class=\"aw-1jjocuh iJTSwP yle__article__list yle__article__list--ul\">\n<li class=\"aw-1j7gwms gNYKfi\">Sosiaalialan j\u00e4rjest\u00f6t syytt\u00e4v\u00e4t hyvinvointialueita laittomista s\u00e4\u00e4st\u00f6ist\u00e4 lastensuojelussa.<\/li>\n<li class=\"aw-1j7gwms gNYKfi\">J\u00e4rjest\u00f6jen mukaan alueet rikkovat lakia, kun palvelut valitaan hinnan perusteella eik\u00e4 lapsen yksil\u00f6lliseen tarpeen mukaan.<\/li>\n<li class=\"aw-1j7gwms gNYKfi\">Hyvinvointialueiden mukaan tarkoituksena on muun muassa sosiaality\u00f6ntekij\u00f6iden ty\u00f6n helpottaminen ja hankintalain noudattaminen.<\/li>\n<li class=\"aw-1j7gwms gNYKfi\">Aluehallintovirasto on valvonut kolmea hyvinvointialuetta. J\u00e4rjest\u00f6t per\u00e4\u00e4nkuuluttavat tiukempaa valvontaa.<\/li>\n<\/ul>\n<p class=\"aw-1gybjub aw-1p7kakr kEtdKx cEmitX yle__article__paragraph\">Sosiaalialan ammattij\u00e4rjest\u00f6jen mukaan hyvinvointialueet s\u00e4\u00e4st\u00e4v\u00e4t rahaa lastensuojelusta laittomasti.<\/p>\n<p class=\"aw-1gybjub aw-1p7kakr kEtdKx cEmitX yle__article__paragraph\">J\u00e4rjest\u00f6t v\u00e4itt\u00e4v\u00e4t, ett\u00e4 hyvinvointialueet rikkovat lakia, kun ne valitsevat yksityisilt\u00e4 tahoilta ostamansa lastensuojelupalvelut halvimman hinnan perusteella.<\/p>\n<p class=\"aw-1gybjub aw-1p7kakr kEtdKx cEmitX yle__article__paragraph\">Lain mukaan arvion palveluiden tarpeesta tekee lapsen tilanteeseen perehtynyt sosiaality\u00f6ntekij\u00e4. J\u00e4rjest\u00f6jen mukaan t\u00e4m\u00e4 ei toteudu, jos palvelu valitaan hinnan perusteella.<\/p>\n<p class=\"aw-1gybjub aw-1p7kakr kEtdKx cEmitX yle__article__paragraph\">Sosiaality\u00f6ntekij\u00e4in liiton teett\u00e4m\u00e4n kyselyn mukaan ongelma koskee l\u00e4hes kaikkia hyvinvointialueita.<\/p>\n<p class=\"aw-1gybjub aw-1p7kakr kEtdKx cEmitX yle__article__paragraph\">Lastensuojelun ostopalveluiden kilpailutuksesta vastaavat asiakasohjausyksik\u00f6t. Hyvinvointialueiden mukaan ne noudattavat niin lastensuojelu- kuin hankintalakia ja auttavat sopivien palveluiden l\u00f6yt\u00e4misess\u00e4.<\/p>\n<p class=\"aw-1gybjub aw-1p7kakr kEtdKx cEmitX yle__article__paragraph\"><strong class=\"aw-ak79eh KyCXm yle__article__strong\">Sosiaality\u00f6ntekij\u00e4in liiton puheenjohtaja Kaisa Huttunen osallistui aiemmassa ty\u00f6paikassaan asiakasohjausryhm\u00e4n kokouksiin:<\/strong><\/p>\n<p>Videon kuvaus: Kare Lehtonen ja editointi: Esa Huuhko \/ Yle<\/p>\n<p class=\"aw-1gybjub aw-1p7kakr kEtdKx cEmitX yle__article__paragraph\">Aluehallintovirasto (avi) on saanut asiakasohjausyksik\u00f6ihin liittyvi\u00e4 ep\u00e4kohtailmoituksia kolmelta hyvinvointialueelta: <a class=\"aw-iao6s4 iHOxEa yle__article__link\" href=\"https:\/\/yle.fi\/a\/74-20155501\" role=\"link\" rel=\"nofollow noopener\" target=\"_blank\">Pohjois-Pohjanmaalta<\/a>, Kymenlaaksosta ja Etel\u00e4-Savosta.<\/p>\n<p class=\"aw-1gybjub aw-1p7kakr kEtdKx cEmitX yle__article__paragraph\">Ne kaikki ovat saaneet avilta hallinnollista ohjausta. Marraskuussa se kehotti Etel\u00e4-Savon hyvinvointialuetta varmistamaan, ett\u00e4 lastensuojelupalveluiden j\u00e4rjest\u00e4misess\u00e4 noudatetaan lakia.<\/p>\n<p class=\"aw-1gybjub aw-1p7kakr kEtdKx cEmitX yle__article__paragraph\">Etel\u00e4-Savon hyvinvointialueen (Eloisa) palvelualuep\u00e4\u00e4llikk\u00f6 <strong class=\"aw-ak79eh KyCXm yle__article__strong\">Johanna Will-Oravan<\/strong> mukaan asiakasohjausryhmien tavoitteena on helpottaa sosiaality\u00f6ntekij\u00f6iden ty\u00f6t\u00e4, ei vied\u00e4 heid\u00e4n m\u00e4\u00e4r\u00e4ysvaltaansa.<\/p>\n<p class=\"aw-1gybjub aw-1p7kakr kEtdKx cEmitX yle__article__paragraph\">H\u00e4n kuitenkin my\u00f6nt\u00e4\u00e4, ett\u00e4 tavoitteena on s\u00e4\u00e4st\u00e4\u00e4 rahaa ohjauksen avulla.<\/p>\n<p class=\"aw-1gybjub aw-1p7kakr kEtdKx cEmitX yle__article__paragraph\">\u2013 Esimerkiksi tehostetun perhety\u00f6n tuntihinnoissa on aikamoisia eroja. Lasten asioista vastaavalle sosiaality\u00f6ntekij\u00e4lle esitet\u00e4\u00e4n edullisinta vaihtoehtoa.<\/p>\n<p>Mit\u00e4 lastensuojelun palvelut ovat?<\/p>\n<p class=\"aw-1gybjub aw-1p7kakr kEtdKx cEmitX yle__article__paragraph\">Avohuollon tarkoituksena on tukea perhett\u00e4 niin, ett\u00e4 lapsi voi asua kotona.<\/p>\n<p class=\"aw-1gybjub aw-1p7kakr kEtdKx cEmitX yle__article__paragraph\">Tukitoimia ovat esimerkiksi kotipalvelu, perhety\u00f6, kuntoutus ja tukiperhetoiminta.<\/p>\n<p class=\"aw-1gybjub aw-1p7kakr kEtdKx cEmitX yle__article__paragraph\">Sijaishuolto tarkoittaa, ett\u00e4 lapsen hoito ja kasvatus j\u00e4rjestet\u00e4\u00e4n kodin ulkopuolella.<\/p>\n<p class=\"aw-1gybjub aw-1p7kakr kEtdKx cEmitX yle__article__paragraph\">Lapsi voi asua esimerkiksi sijaisperheess\u00e4, lastenkodissa tai ammattimaisen perhehoitajan luona.<\/p>\n<p>Etel\u00e4-Savossa rajoitettiin rahank\u00e4ytt\u00f6\u00e4<\/p>\n<p class=\"aw-1gybjub aw-1p7kakr kEtdKx cEmitX yle__article__paragraph\">Asiakasohjaus- tai palveluohjausyksik\u00f6t eiv\u00e4t ole uusi keksint\u00f6. Hyvinvointialueuudistuksen my\u00f6t\u00e4 malli rantautui suurimmista kaupungeista koko Suomeen.<\/p>\n<p class=\"aw-1gybjub aw-1p7kakr kEtdKx cEmitX yle__article__paragraph\">Etel\u00e4-Savon lastensuojelussa yksikk\u00f6 perustettiin kev\u00e4\u00e4ll\u00e4 2024.<\/p>\n<p class=\"aw-1gybjub aw-1p7kakr kEtdKx cEmitX yle__article__paragraph\">Jo seuraavana syksyn\u00e4 avi sai ep\u00e4kohtailmoituksen, jonka mukaan kaikki yli 500 euron hintaiset palvelut piti perustella erikseen ja hyv\u00e4ksytt\u00e4\u00e4 palvelualuep\u00e4\u00e4llik\u00f6ll\u00e4. Asiakasperhe joutui odottamaan palvelua jopa useita kuukausia.<\/p>\n<p class=\"aw-1gybjub aw-1p7kakr kEtdKx cEmitX yle__article__paragraph\">Sosiaality\u00f6ntekij\u00e4in liiton puheenjohtaja Kaisa Huttusen mukaan palveluiden viiv\u00e4styminen tai niiden ev\u00e4\u00e4minen kokonaan aiheuttaa perheille suurta ep\u00e4varmuutta.<\/p>\n<p class=\"aw-1gybjub aw-1p7kakr kEtdKx cEmitX yle__article__paragraph\">\u2013 Olen ollut niiss\u00e4 tilanteissa. Asiakkaat ovat h\u00e4t\u00e4\u00e4ntyneit\u00e4, he varmistelevat ja kyselev\u00e4t, ett\u00e4 onko t\u00e4t\u00e4 palvelua viel\u00e4 vaikka joulun j\u00e4lkeen.<\/p>\n<p class=\"aw-1gybjub aw-1p7kakr kEtdKx cEmitX yle__article__paragraph\">Palvelualuep\u00e4\u00e4llikk\u00f6 Johanna Will-Oravan mukaan hintakatto koski kaikkia Eloisan sosiaalipalveluita. Viiv\u00e4stykset johtuivat siit\u00e4, ett\u00e4 sopimuksia ei ollut viel\u00e4 saatu laadittua kev\u00e4\u00e4ll\u00e4 tehdyn kilpailutuksen j\u00e4ljilt\u00e4.<\/p>\n<p class=\"aw-1gybjub aw-1p7kakr kEtdKx cEmitX yle__article__paragraph\">Will-Oravan mukaan palveluiden j\u00e4rjest\u00e4minen sujui p\u00e4\u00e4osin ilman viiveit\u00e4.<\/p>\n<p><img decoding=\"async\" alt=\"Otteita p\u00f6yt\u00e4kirjoista.\" src=\"https:\/\/www.europesays.com\/fi\/wp-content\/uploads\/2025\/12\/39-15675556939782d24ada.jpeg\" loading=\"lazy\" class=\"aw-1l9m598 hKVVvP\"\/><\/p>\n<p>Avaa kuvien katselu<\/p>\n<p>It\u00e4-Suomen aluehallintoviraston p\u00e4\u00e4t\u00f6ksess\u00e4 kerrotaan Etel\u00e4-Savon hyvinvointialuetta koskevan ep\u00e4kohtailmoituksen sis\u00e4ll\u00f6st\u00e4.  Kuva: It\u00e4-Suomen aluehallintovirasto \/ Derrick Frilund \/ Yle<\/p>\n<p class=\"aw-1gybjub aw-1p7kakr kEtdKx cEmitX yle__article__paragraph\">Eloisasta tehtiin toinen ep\u00e4kohtailmoitus toukokuussa.<\/p>\n<p class=\"aw-1gybjub aw-1p7kakr kEtdKx cEmitX yle__article__paragraph\">Sen mukaan sosiaality\u00f6ntekij\u00e4 saattoi my\u00f6nt\u00e4\u00e4 esimerkiksi kotipalvelua tai tehostettua perhety\u00f6t\u00e4 korkeintaan kolmen kuukauden ajaksi. Sit\u00e4 pidemm\u00e4t sopimukset tuli vied\u00e4 esihenkil\u00f6tiimin k\u00e4sittelyyn.<\/p>\n<p class=\"aw-1gybjub aw-1p7kakr kEtdKx cEmitX yle__article__paragraph\">Will-Oravan mukaan k\u00e4yt\u00e4nt\u00f6 poistui kes\u00e4n j\u00e4lkeen. H\u00e4n kertoo, ett\u00e4 nykyisin sosiaality\u00f6ntekij\u00e4n tulee keskustella esihenkil\u00f6n johdolla omassa tiimiss\u00e4\u00e4n, jos samaa palvelua halutaan jatkaa yli puoli vuotta.<\/p>\n<p class=\"aw-1gybjub aw-1p7kakr kEtdKx cEmitX yle__article__paragraph\">Sosionomeja ja sosiaality\u00f6ntekij\u00f6it\u00e4 edustavan ammattij\u00e4rjest\u00f6 Talentian erityisasiantuntija <strong class=\"aw-ak79eh KyCXm yle__article__strong\">Alpo Heikkinen<\/strong> pit\u00e4\u00e4 Eloisan tapausta vakavana.<\/p>\n<p class=\"aw-1gybjub aw-1p7kakr kEtdKx cEmitX yle__article__paragraph\">\u2013 Perheell\u00e4 tulee olla mahdollisuus saada sosiaality\u00f6ntekij\u00e4n harkinnan perusteella my\u00f6s palveluita, jotka ovat hintansa puolesta kalliimpia kuin mit\u00e4 kilpailutuksessa on m\u00e4\u00e4ritelty.<\/p>\n<p>\u201dPohde yritti vaientaa\u201d<\/p>\n<p class=\"aw-1gybjub aw-1p7kakr kEtdKx cEmitX yle__article__paragraph\">Ammattij\u00e4rjest\u00f6jen mukaan nykyinen valvonta ei riit\u00e4 ongelmallisten k\u00e4yt\u00e4nt\u00f6jen kitkemiseen.<\/p>\n<p class=\"aw-1gybjub aw-1p7kakr kEtdKx cEmitX yle__article__paragraph\">Aluehallintovirasto valvoo hyvinvointialuetta vain ep\u00e4kohtailmoitusten perusteella. Niit\u00e4 voivat tehd\u00e4 ty\u00f6ntekij\u00e4t ja asiakkaat.<\/p>\n<p class=\"aw-1gybjub aw-1p7kakr kEtdKx cEmitX yle__article__paragraph\">P\u00e4\u00e4t\u00f6sten noudattaminen j\u00e4\u00e4 hyvinvointialueiden vastuulle, koska j\u00e4lkivalvontaa tai seuraamuksia ei ole.<\/p>\n<p class=\"aw-1gybjub aw-1p7kakr kEtdKx cEmitX yle__article__paragraph\">Hyvinvointialueiden mukaan ne ovat t\u00e4sment\u00e4neet toimintaansa avin p\u00e4\u00e4t\u00f6ksen j\u00e4lkeen.<\/p>\n<p class=\"aw-1gybjub aw-1p7kakr kEtdKx cEmitX yle__article__paragraph\">\u2013 Valvontaprosessi on hidas ja seuraamukset l\u00f6ys\u00e4t. Sill\u00e4 ei ole paljon pelotevaikutusta, sanoo Talentian erityisasiantuntija Alpo Heikkinen.<\/p>\n<p class=\"aw-1gybjub aw-1p7kakr kEtdKx cEmitX yle__article__paragraph\">Heikkisen mukaan viranomaisten pit\u00e4isi selvitt\u00e4\u00e4, millaisia ohjattuja ostopalveluk\u00e4yt\u00e4nt\u00f6j\u00e4 hyvinvointialueilla on.<\/p>\n<p><img decoding=\"async\" alt=\"Sosiaality\u00f6ntekij\u00e4in liiton puheenjohtaja Kaisa Huttunen p\u00e4\u00e4tteen \u00e4\u00e4ress\u00e4.\" src=\"https:\/\/www.europesays.com\/fi\/wp-content\/uploads\/2025\/12\/39-156438269317c9645ad6.jpeg\" loading=\"lazy\" class=\"aw-1l9m598 hKVVvP\"\/><\/p>\n<p>Avaa kuvien katselu<\/p>\n<p>Kaisa Huttunen ty\u00f6skentelee nykyisin Etel\u00e4-Karjalassa. H\u00e4n valitsi alueen sen perusteella, ettei siell\u00e4 ole k\u00e4yt\u00f6ss\u00e4 asiakasohjausta. Kuva: Kare Lehtonen \/ Yle<\/p>\n<p class=\"aw-1gybjub aw-1p7kakr kEtdKx cEmitX yle__article__paragraph\">Kaisa Huttusen mukaan ty\u00f6ntekij\u00f6ill\u00e4 on korkea kynnys ep\u00e4kohtailmoituksen tekemiseen, koska siit\u00e4 voi seurata erilaisia vaientamisyrityksi\u00e4, kuten varoituksilla ja irtisanomisilla uhkailua.<\/p>\n<p class=\"aw-1gybjub aw-1p7kakr kEtdKx cEmitX yle__article__paragraph\">H\u00e4n kertoo kokeneensa niit\u00e4 itsekin. Huttunen ty\u00f6skenteli aiemmin Pohjois-Pohjanmaan hyvinvointialueella (Pohde), ja puhui s\u00e4\u00e4st\u00f6ihin liittyvist\u00e4 ongelmista julkisesti jo syksyll\u00e4 2023.<\/p>\n<p class=\"aw-1gybjub aw-1p7kakr kEtdKx cEmitX yle__article__paragraph\">\u2013 Jouduin puhutteluun, kun <a class=\"aw-iao6s4 iHOxEa yle__article__link\" href=\"https:\/\/yle.fi\/a\/74-20084739\" role=\"link\" rel=\"nofollow noopener\" target=\"_blank\">annoin Ylelle haastattelun<\/a>. Tein ep\u00e4kohtailmoituksen asiaohjausryhm\u00e4k\u00e4yt\u00e4nn\u00f6ist\u00e4, ja jouduin puhutteluun siit\u00e4kin.<\/p>\n<p class=\"aw-1gybjub aw-1p7kakr kEtdKx cEmitX yle__article__paragraph\">Huttunen toivoo, ett\u00e4 viranomaiset jalkautuisivat hyvinvointialueille ja haastattelisivat ty\u00f6ntekij\u00f6it\u00e4, eiv\u00e4t vain johtoporrasta.<\/p>\n<p class=\"aw-1gybjub aw-1p7kakr kEtdKx cEmitX yle__article__paragraph\"><strong class=\"aw-ak79eh KyCXm yle__article__strong\">Kaisa Huttunen kertoo, mit\u00e4 seurauksia h\u00e4nelle on tullut julkisen kritiikin esitt\u00e4misest\u00e4:<\/strong><\/p>\n<p>Videon kuvaus: Kare Lehtonen ja editointi: Esa Huuhko \/ Yle<\/p>\n<p class=\"aw-1gybjub aw-1p7kakr kEtdKx cEmitX yle__article__paragraph\">Huttusen entinen ty\u00f6nantaja Pohde ei kommentoi yksitt\u00e4isen ty\u00f6ntekij\u00e4n tilannetta.<\/p>\n<p class=\"aw-1gybjub aw-1p7kakr kEtdKx cEmitX yle__article__paragraph\">Toimialuejohtaja <strong class=\"aw-ak79eh KyCXm yle__article__strong\">Leena M\u00e4mmi-Laukan<\/strong> mukaan ty\u00f6ntekij\u00e4n lojaliteettivelvollisuus tarkoittaa yleisell\u00e4 tasolla sit\u00e4, ett\u00e4 ty\u00f6ntekij\u00e4n tulee v\u00e4ltt\u00e4\u00e4 toimintaa, joka vahingoittaa ty\u00f6nantajaa.<\/p>\n<p class=\"aw-1gybjub aw-1p7kakr kEtdKx cEmitX yle__article__paragraph\">\u2013 Kunnioitamme jokaisen sananvapautta ja kannustamme ty\u00f6ntekij\u00f6it\u00e4 my\u00f6s kriittisen palautteen antamiseen, h\u00e4n kirjoittaa s\u00e4hk\u00f6postivastauksessaan.<\/p>\n<p class=\"aw-1gybjub aw-1p7kakr kEtdKx cEmitX yle__article__paragraph\">Onko sinulla meille uutiskuva, -video tai juttuvinkki?<\/p>\n<p class=\"aw-1gybjub aw-1p7kakr kEtdKx cEmitX yle__article__paragraph\">Voit l\u00e4hesty\u00e4 toimitusta luottamuksella ja l\u00e4hett\u00e4\u00e4 alla olevalla lomakkeella vinkkisi, uutisvideosi tai -kuvasi meille.<\/p>\n","protected":false},"excerpt":{"rendered":"Sosiaalialan j\u00e4rjest\u00f6t syytt\u00e4v\u00e4t hyvinvointialueita laittomista s\u00e4\u00e4st\u00f6ist\u00e4 lastensuojelussa. J\u00e4rjest\u00f6jen mukaan alueet rikkovat lakia, kun palvelut valitaan hinnan perusteella eik\u00e4&hellip;\n","protected":false},"author":2,"featured_media":116969,"comment_status":"","ping_status":"","sticky":false,"template":"","format":"standard","meta":{"footnotes":""},"categories":[5],"tags":[22,23,184,2060,26,27,33,31,30,17,2218,71,881,24,25,28,29,15,18,21,9141,1300,21336,32,19,20,16],"class_list":{"0":"post-116968","1":"post","2":"type-post","3":"status-publish","4":"format-standard","5":"has-post-thumbnail","7":"category-otsikot","8":"tag-breaking-news","9":"tag-breakingnews","10":"tag-etela-savo","11":"tag-etela-savon-hyvinvointialue","12":"tag-featured-news","13":"tag-featurednews","14":"tag-fi","15":"tag-finland","16":"tag-finnish","17":"tag-headlines","18":"tag-hyvinvointialueet","19":"tag-kotimaa","20":"tag-lastensuojelu","21":"tag-latest-news","22":"tag-latestnews","23":"tag-main-news","24":"tag-mainnews","25":"tag-news","26":"tag-otsikot","27":"tag-paauutiset","28":"tag-pohjois-pohjanmaan-hyvinvointialue","29":"tag-sosiaalipalvelut","30":"tag-sosiaalityontekijat","31":"tag-suomi","32":"tag-top-stories","33":"tag-topstories","34":"tag-uutiset"},"share_on_mastodon":{"url":"","error":"Validation failed: Text character limit of 500 exceeded"},"_links":{"self":[{"href":"https:\/\/www.europesays.com\/fi\/wp-json\/wp\/v2\/posts\/116968","targetHints":{"allow":["GET"]}}],"collection":[{"href":"https:\/\/www.europesays.com\/fi\/wp-json\/wp\/v2\/posts"}],"about":[{"href":"https:\/\/www.europesays.com\/fi\/wp-json\/wp\/v2\/types\/post"}],"author":[{"embeddable":true,"href":"https:\/\/www.europesays.com\/fi\/wp-json\/wp\/v2\/users\/2"}],"replies":[{"embeddable":true,"href":"https:\/\/www.europesays.com\/fi\/wp-json\/wp\/v2\/comments?post=116968"}],"version-history":[{"count":0,"href":"https:\/\/www.europesays.com\/fi\/wp-json\/wp\/v2\/posts\/116968\/revisions"}],"wp:featuredmedia":[{"embeddable":true,"href":"https:\/\/www.europesays.com\/fi\/wp-json\/wp\/v2\/media\/116969"}],"wp:attachment":[{"href":"https:\/\/www.europesays.com\/fi\/wp-json\/wp\/v2\/media?parent=116968"}],"wp:term":[{"taxonomy":"category","embeddable":true,"href":"https:\/\/www.europesays.com\/fi\/wp-json\/wp\/v2\/categories?post=116968"},{"taxonomy":"post_tag","embeddable":true,"href":"https:\/\/www.europesays.com\/fi\/wp-json\/wp\/v2\/tags?post=116968"}],"curies":[{"name":"wp","href":"https:\/\/api.w.org\/{rel}","templated":true}]}}