{"id":116970,"date":"2025-12-15T12:30:10","date_gmt":"2025-12-15T12:30:10","guid":{"rendered":"https:\/\/www.europesays.com\/fi\/116970\/"},"modified":"2025-12-15T12:30:10","modified_gmt":"2025-12-15T12:30:10","slug":"eeva-jaana-pelkonen-elaa-arkisin-etasuhteessa","status":"publish","type":"post","link":"https:\/\/www.europesays.com\/fi\/116970\/","title":{"rendered":"Eeva: Jaana Pelkonen el\u00e4\u00e4 arkisin et\u00e4suhteessa"},"content":{"rendered":"<p>            Timo Korhonen\n        <\/p>\n<p class=\"subtitle \">Jaanan ja Nikon arkea rytmitt\u00e4\u00e4 ty\u00f6t, jotka pit\u00e4v\u00e4t heid\u00e4t my\u00f6s eri kaupungeissa.<\/p>\n<p class=\"article-content article-content-width !bg-background\">Juontaja, 48, on pysynyt rakastettuna tv-kasvona sitten\u00a0Tilt-aikojen, jolloin h\u00e4n hurmasi eritoten peleist\u00e4 pit\u00e4v\u00e4t suomalaiset teinit kertaheitolla.<\/p>\n<p class=\"font-weight-bold m-font-weight-bold article-content article-content-width !bg-background\">Arkistovideo: Jaana kertoo perhej\u00e4rjestelyst\u00e4\u00e4n<\/p>\n<p class=\"article-content article-content-width !bg-background\">Jo pitk\u00e4\u00e4n kuvioissa on ollut Jaanan avopuoliso, ammattisotilas. Pari on pit\u00e4nyt yht\u00e4 jo vuodesta 2009, ja heill\u00e4 on yhteinen, vuonna 2017 syntynyt tyt\u00e4r. Kihloihin he meniv\u00e4t vuonna 2012.<\/p>\n<p class=\"article-content article-content-width !bg-background\">Jaanan ja Nikon ensitapaaminen sattui vuonna 2007, jolloin Niko oli Linnan juhlissa kadettina. Nikon ty\u00f6 siis saattoi parin yhteen, mutta t\u00e4n\u00e4 p\u00e4iv\u00e4n\u00e4 se pit\u00e4\u00e4 heit\u00e4 my\u00f6s erill\u00e4\u00e4n.<\/p>\n<p class=\"article-content article-content-width !bg-background\">Jaana kertoo <a href=\"https:\/\/www.eeva.fi\/jutut\/jaana-pelkonen-kahden-kodin-liitto\" target=\"_blank\" rel=\"nofollow noopener\">Eeva<\/a>-lehdelle, ett\u00e4 Niko joutuu yh\u00e4 viett\u00e4m\u00e4\u00e4n suuren osan arkip\u00e4ivist\u00e4 eri kaupungissa, kun Jaana ja perheen tyt\u00e4r pysyv\u00e4t Helsingiss\u00e4.<\/p>\n<p class=\"article-content article-content-width !bg-background\">Koska Jaanan arki sujuu kaksin tytt\u00e4ren kanssa, kertoo h\u00e4n irti p\u00e4\u00e4st\u00e4misen olevan toisinaan vaikeaa. Siin\u00e4 oli kuitenkin onnistuttava, kun lapsi j\u00e4i is\u00e4n ja muiden l\u00e4hisukulaisten hoitoon\u00a0Suuren seikkailun\u00a0kuvauksien ajaksi.<\/p>\n<p class=\"article-content article-content-width !bg-background\">\u2013\u00a0Oli vaikea p\u00e4\u00e4st\u00e4\u00e4 irti lapsen arjen asioista ja luottaa ne kokonaan muille. Olen tottunut tekem\u00e4\u00e4n monet asiat itse. Mutta samalla n\u00e4in, ett\u00e4 he p\u00e4rj\u00e4siv\u00e4t. Asiat sujuvat poissa ollessanikin ja tyt\u00f6llekin on tehnyt hyv\u00e4\u00e4 viett\u00e4\u00e4 aikaa my\u00f6s muiden kanssa,\u00a0Jaana totesi lehdelle.<\/p>\n<p>        <a itemprop=\"url\" href=\"https:\/\/www.seiska.fi\/kotimaa\/no-nyt-jaana-pelkonen-pelmahti-ttk-finaalin-leuat-loksauttavassa-limeluomuksessa-kuvat\/1202152\" rel=\"nofollow noopener\" target=\"_blank\"><\/p>\n<p class=\"section-date\">\n        <strong class=\"article-section\" data-section=\"kotimaa\"><br \/>\n            kotimaa<br \/>\n        <\/strong><br \/>\n        26.11.2023 20:14\n    <\/p>\n<p>No nyt! Jaana Pelkonen pelmahti TTK-finaalin leuat loksauttavassa limeluomuksessa, kuvat\n    <\/p>\n<p itemprop=\"description\" class=\"subtitle \">\n    Jaana Pelkonen n\u00e4ytti upealta Tanssii t\u00e4htien kanssa -finaalin yleis\u00f6ss\u00e4.\n<\/p>\n<p>        <\/a><\/p>\n<p>                <img decoding=\"async\" src=\"https:\/\/www.europesays.com\/fi\/wp-content\/uploads\/2025\/12\/2022151.webp\" width=\"576\" height=\"322\" alt=\"Jaana puolisoineen on tuttu n\u00e4ky my\u00f6s Linnan juhlissa. Kuva on vuodelta 2022.\" loading=\"lazy\" \/>            <\/p>\n<p>\n            Jaana puolisoineen on tuttu n\u00e4ky my\u00f6s Linnan juhlissa. Kuva on vuodelta 2022.<br \/>\n            Tomi Natri\n        <\/p>\n<p>Suhde kest\u00e4\u00e4 ilman liittoakin<\/p>\n<p class=\"article-content article-content-width !bg-background\">Vaikka Jaana ja Niko ovat pit\u00e4neet yht\u00e4 jo yli puolentoista vuosikymmenen ajan, on naimisiinmeno lykk\u00e4\u00e4ntynyt pariin otteeseen.<\/p>\n<p class=\"article-content article-content-width !bg-background\">\u2013\u00a0Ennen kuin tasa-arvoinen avioliittolaki toteutui, totesin, ett\u00e4 en voisi menn\u00e4 nimisiin niin, ett\u00e4 hyv\u00e4t yst\u00e4v\u00e4ni istuvat h\u00e4iss\u00e4mme ilman, ett\u00e4 heill\u00e4 on samaa oikeutta,\u00a0Jaana kertoi taannoin <a href=\"https:\/\/www.gloria.fi\/\" target=\"_blank\" rel=\"nofollow noopener\">Glorialle<\/a>.<\/p>\n<p class=\"article-content article-content-width !bg-background\">Laki on toki jo toteutunut, mutta sen j\u00e4lkeen kiireet ovat pit\u00e4neet avioliittohaaveet j\u00e4iss\u00e4. Jaane tosin kertoi uskovansa, ettei papin siunaus suhteelle muuttaisi k\u00e4yt\u00e4nn\u00f6n j\u00e4rjestelyj\u00e4 mihink\u00e4\u00e4n suuntaan.<\/p>\n<p>        <a itemprop=\"url\" href=\"https:\/\/www.seiska.fi\/kotimaa\/jaana-pelkonen-jyrahtaa-erika-vikmanista\/1610982\" rel=\"nofollow noopener\" target=\"_blank\"><\/p>\n<p>\nJaana Pelkonen\n<\/p>\n<p class=\"section-date\">\n        <strong class=\"article-section\" data-section=\"kotimaa\"><br \/>\n            kotimaa<br \/>\n        <\/strong><br \/>\n        13.2. 17:00\n    <\/p>\n<p>Jaana Pelkonen jyr\u00e4ht\u00e4\u00e4 Erika Vikmanista\n    <\/p>\n<p itemprop=\"description\" class=\"subtitle \">\n    Ex-kansanedustaja ihmettelee UMK-kisaan liittyv\u00e4\u00e4 kohua.\n<\/p>\n<p>        <\/a><\/p>\n","protected":false},"excerpt":{"rendered":"Timo Korhonen Jaanan ja Nikon arkea rytmitt\u00e4\u00e4 ty\u00f6t, jotka pit\u00e4v\u00e4t heid\u00e4t my\u00f6s eri kaupungeissa. Juontaja, 48, on pysynyt&hellip;\n","protected":false},"author":2,"featured_media":116971,"comment_status":"","ping_status":"","sticky":false,"template":"","format":"standard","meta":{"footnotes":""},"categories":[136],"tags":[542,4591,407,137,33,31,30,104,8018,408,21337,1496,98,32,109],"class_list":{"0":"post-116970","1":"post","2":"type-post","3":"status-publish","4":"format-standard","5":"has-post-thumbnail","7":"category-julkkikset","8":"tag-asuminen","9":"tag-avoliitto","10":"tag-celebrities","11":"tag-entertainment","12":"tag-fi","13":"tag-finland","14":"tag-finnish","15":"tag-helsinki","16":"tag-jaana-pelkonen","17":"tag-julkkikset","18":"tag-niko-aho","19":"tag-parisuhde","20":"tag-perhe","21":"tag-suomi","22":"tag-viihde"},"share_on_mastodon":{"url":"https:\/\/pubeurope.com\/@fi\/115723595052249085","error":""},"_links":{"self":[{"href":"https:\/\/www.europesays.com\/fi\/wp-json\/wp\/v2\/posts\/116970","targetHints":{"allow":["GET"]}}],"collection":[{"href":"https:\/\/www.europesays.com\/fi\/wp-json\/wp\/v2\/posts"}],"about":[{"href":"https:\/\/www.europesays.com\/fi\/wp-json\/wp\/v2\/types\/post"}],"author":[{"embeddable":true,"href":"https:\/\/www.europesays.com\/fi\/wp-json\/wp\/v2\/users\/2"}],"replies":[{"embeddable":true,"href":"https:\/\/www.europesays.com\/fi\/wp-json\/wp\/v2\/comments?post=116970"}],"version-history":[{"count":0,"href":"https:\/\/www.europesays.com\/fi\/wp-json\/wp\/v2\/posts\/116970\/revisions"}],"wp:featuredmedia":[{"embeddable":true,"href":"https:\/\/www.europesays.com\/fi\/wp-json\/wp\/v2\/media\/116971"}],"wp:attachment":[{"href":"https:\/\/www.europesays.com\/fi\/wp-json\/wp\/v2\/media?parent=116970"}],"wp:term":[{"taxonomy":"category","embeddable":true,"href":"https:\/\/www.europesays.com\/fi\/wp-json\/wp\/v2\/categories?post=116970"},{"taxonomy":"post_tag","embeddable":true,"href":"https:\/\/www.europesays.com\/fi\/wp-json\/wp\/v2\/tags?post=116970"}],"curies":[{"name":"wp","href":"https:\/\/api.w.org\/{rel}","templated":true}]}}