{"id":116977,"date":"2025-12-15T12:38:08","date_gmt":"2025-12-15T12:38:08","guid":{"rendered":"https:\/\/www.europesays.com\/fi\/116977\/"},"modified":"2025-12-15T12:38:08","modified_gmt":"2025-12-15T12:38:08","slug":"ensi-kevaan-euroviisuihin-osallistuu-35-maata-kolme-ita-euroopan-maata-tekee-paluun-uutissuomalainen","status":"publish","type":"post","link":"https:\/\/www.europesays.com\/fi\/116977\/","title":{"rendered":"Ensi kev\u00e4\u00e4n Euroviisuihin osallistuu 35 maata \u2013 kolme It\u00e4-Euroopan maata tekee paluun | Uutissuomalainen"},"content":{"rendered":"<p>Euroviisuihin osallistuu ensi kev\u00e4\u00e4n\u00e4 yhteens\u00e4 35 maata, <a href=\"https:\/\/www.ebu.ch\/news\/2025\/12\/35-broadcasters-to-compete-at-70th-eurovision-song-contest-in-vienna\" rel=\"nofollow noopener\" target=\"_blank\">kertoo<\/a> Euroopan yleisradiounioni EBU. <\/p>\n<p>EBU vahvisti laulukilpailun osallistujat maanantaina. Bulgaria, Romania ja Moldova palaavat viisulavoille eripituisten taukojen j\u00e4lkeen.<\/p>\n<p>Moldova palaa kisaan vuoden tauon j\u00e4lkeen. Maa vet\u00e4ytyi viime viisuista ja kertoi poisj\u00e4\u00e4nnin syyksi ehdolla olleiden esitysten huonon tason, yleisen kiinnostuksen v\u00e4henemisen sek\u00e4 viisuihin osallistumisen kustannukset.<\/p>\n<p>Bulgaria on n\u00e4hty Euroviisuissa viimeksi vuonna 2022 ja Romania vuonna 2023.<\/p>\n<p>Euroviisujen ymp\u00e4rill\u00e4 on jo kuukausia k\u00e4yty kiivasta keskustelua Israelin osallistumisesta. Useat maat ja tahot ovat vaatineet Israelin sulkemista ulos kilpailusta. YK:n riippumaton tutkintakomissio <a href=\"https:\/\/www.ohchr.org\/en\/press-releases\/2025\/09\/israel-has-committed-genocide-gaza-strip-un-commission-finds\" rel=\"nofollow noopener\" target=\"_blank\">on katsonut<\/a>, ett\u00e4 Israel on syyllistynyt kansanmurhaan Gazassa.<\/p>\n<p>EBU linjasi joulukuun alussa, ett\u00e4 Israel voi osallistua ensi vuoden Euroviisuihin. Osallistujamaista Irlanti, Espanja, Hollanti, Slovenia sek\u00e4 Islanti ovat t\u00e4st\u00e4 syyst\u00e4 kertoneet vet\u00e4ytyv\u00e4ns\u00e4 viisuista.<\/p>\n<p>Suomi osallistuu Euroviisuihin, kuten my\u00f6s muun muassa Ruotsi, Norja, Tanska ja Viro.<\/p>\n<p>Vuoden 2024 viisut voittanut sveitsil\u00e4inen Nemo kertoi viime viikolla luopuvansa palkinnostaan. H\u00e4n perusteli p\u00e4\u00e4t\u00f6st\u00e4\u00e4n Israelin osallistumisen aiheuttamalla arvoristiriidalla.<\/p>\n<p>Euroviisut j\u00e4rjestet\u00e4\u00e4n ensi vuonna 12.\u201316. toukokuuta It\u00e4vallan Wieniss\u00e4.<\/p>\n","protected":false},"excerpt":{"rendered":"Euroviisuihin osallistuu ensi kev\u00e4\u00e4n\u00e4 yhteens\u00e4 35 maata, kertoo Euroopan yleisradiounioni EBU. EBU vahvisti laulukilpailun osallistujat maanantaina. Bulgaria, Romania&hellip;\n","protected":false},"author":2,"featured_media":116978,"comment_status":"","ping_status":"","sticky":false,"template":"","format":"standard","meta":{"footnotes":""},"categories":[130],"tags":[137,2267,33,31,30,5679,108,2582,637,32,4385,109,4029],"class_list":{"0":"post-116977","1":"post","2":"type-post","3":"status-publish","4":"format-standard","5":"has-post-thumbnail","7":"category-viihde","8":"tag-entertainment","9":"tag-eurooppa","10":"tag-fi","11":"tag-finland","12":"tag-finnish","13":"tag-kansainvaliset-organisaatiot-ja-sopimukset","14":"tag-kulttuuri","15":"tag-moldova","16":"tag-politiikka","17":"tag-suomi","18":"tag-ulkopolitiikka-ja-kansainvalinen-politiikka","19":"tag-viihde","20":"tag-viro"},"share_on_mastodon":{"url":"https:\/\/pubeurope.com\/@fi\/115723626260897484","error":""},"_links":{"self":[{"href":"https:\/\/www.europesays.com\/fi\/wp-json\/wp\/v2\/posts\/116977","targetHints":{"allow":["GET"]}}],"collection":[{"href":"https:\/\/www.europesays.com\/fi\/wp-json\/wp\/v2\/posts"}],"about":[{"href":"https:\/\/www.europesays.com\/fi\/wp-json\/wp\/v2\/types\/post"}],"author":[{"embeddable":true,"href":"https:\/\/www.europesays.com\/fi\/wp-json\/wp\/v2\/users\/2"}],"replies":[{"embeddable":true,"href":"https:\/\/www.europesays.com\/fi\/wp-json\/wp\/v2\/comments?post=116977"}],"version-history":[{"count":0,"href":"https:\/\/www.europesays.com\/fi\/wp-json\/wp\/v2\/posts\/116977\/revisions"}],"wp:featuredmedia":[{"embeddable":true,"href":"https:\/\/www.europesays.com\/fi\/wp-json\/wp\/v2\/media\/116978"}],"wp:attachment":[{"href":"https:\/\/www.europesays.com\/fi\/wp-json\/wp\/v2\/media?parent=116977"}],"wp:term":[{"taxonomy":"category","embeddable":true,"href":"https:\/\/www.europesays.com\/fi\/wp-json\/wp\/v2\/categories?post=116977"},{"taxonomy":"post_tag","embeddable":true,"href":"https:\/\/www.europesays.com\/fi\/wp-json\/wp\/v2\/tags?post=116977"}],"curies":[{"name":"wp","href":"https:\/\/api.w.org\/{rel}","templated":true}]}}