{"id":116981,"date":"2025-12-15T12:42:09","date_gmt":"2025-12-15T12:42:09","guid":{"rendered":"https:\/\/www.europesays.com\/fi\/116981\/"},"modified":"2025-12-15T12:42:09","modified_gmt":"2025-12-15T12:42:09","slug":"saksan-merz-vertaa-putinia-hitleriin","status":"publish","type":"post","link":"https:\/\/www.europesays.com\/fi\/116981\/","title":{"rendered":"Saksan Merz vertaa Putinia Hitleriin"},"content":{"rendered":"<p>Saksan liittokansleri varoitti Putinin tavoitteista.<\/p>\n<p><img decoding=\"async\" class=\"image image-show image-preview\" src=\"https:\/\/www.europesays.com\/fi\/wp-content\/uploads\/2025\/12\/6420fc537430230543fce0eaeb8a364ad419b4aabe8865473fe79a2f20b645b9.jpg\" alt=\"\"\/><img decoding=\"async\" class=\"image image-show\" src=\"https:\/\/www.europesays.com\/fi\/wp-content\/uploads\/2025\/12\/1765802529_618_6420fc537430230543fce0eaeb8a364ad419b4aabe8865473fe79a2f20b645b9.jpg\" alt=\"\"\/><\/p>\n<p>Friedrich Merz puhui puolueensa tilaisuudessa viikonloppuna. ZumaWire \/ MVPHOTOS<\/p>\n<p class=\"paragraph\">Saksan liittokansleri <a href=\"https:\/\/www.iltalehti.fi\/henkilot\/Friedrich Merz\" class=\"article-link-person-page\" rel=\"nofollow noopener\" target=\"_blank\">Friedrich Merz<\/a> vertasi viikonloppuna pit\u00e4m\u00e4ss\u00e4\u00e4n puheessa Ven\u00e4j\u00e4n presidentti <strong>Vladimir Putinia<\/strong> natsi-Saksan johtajaan <strong>Adolf Hitleriin<\/strong>.<\/p>\n<p class=\"paragraph\">\u2013 Aivan kuten Sudettialueet eiv\u00e4t riitt\u00e4neet vuonna 1938, Putin ei aio lopettaa, Merz sanoi <a href=\"https:\/\/www.politico.eu\/article\/merz-compares-putin-to-hitler\/\" target=\"_blank\" rel=\"noopener nofollow\">Politico-lehden<\/a> mukaan viitaten osaan T\u0161ekkoslovakiaa, jonka liittoutuneet luovuttivat M\u00fcnchenin sopimuksella natsijohtajalle.<\/p>\n<p class=\"paragraph\">Hitler kuitenkin jatkoi laajentumisprojektiaan \u200b\u200bEuroopassa sen j\u00e4lkeenkin.<\/p>\n<p class=\"paragraph\">\u2013 Jos Ukraina kaatuu, h\u00e4n [Putin] ei aio lopettaa siihen. T\u00e4m\u00e4 on Ven\u00e4j\u00e4n hy\u00f6kk\u00e4yssota Ukrainaa ja Eurooppaa vastaan, Merz sanoi lauantaina.<\/p>\n<p class=\"paragraph\">Liittokansleri varoitti my\u00f6s, ett\u00e4 Putinin tavoitteena on \u201dperustavanlaatuinen muutos Euroopan rajoihin ja vanhan Neuvostoliiton palauttaminen sen rajojen sis\u00e4lle\u201d.<\/p>\n<p class=\"paragraph\">Saksan p\u00e4\u00e4kaupungissa Berliiniss\u00e4 j\u00e4rjestet\u00e4\u00e4n t\u00e4n\u00e4\u00e4n maanantaina <a href=\"https:\/\/www.iltalehti.fi\/ulkomaat\/93e056e6-f0c7-4a76-af15-db9f7417db8a\" rel=\"nofollow noopener\" target=\"_blank\">huippukokous<\/a>, jossa Ukrainan presidentti <strong>Volodymyr Zelenskyi<\/strong> tapaa Euroopan johtajia ja Yhdysvaltojen edustajia. Paikalla on my\u00f6s tasavallan presidentti <strong>Alexander Stubb<\/strong>.<\/p>\n<p class=\"paragraph\"><a href=\"https:\/\/www.iltalehti.fi\/politiikka\/62bc288a-3b2f-4acc-abc1-71d65327a112\" rel=\"nofollow noopener\" target=\"_blank\">Iltalehden<\/a> tietojen mukaan Yhdysvallat, Eurooppa ja Ukraina yritt\u00e4v\u00e4t p\u00e4\u00e4st\u00e4 maanantaina Berliiniss\u00e4 sopuun yhteisest\u00e4 rauhansuunnitelmasta. Helsingin yliopiston maailmanpolitiikan professori <strong>Teivo Teivainen<\/strong> on kuitenkin skeptinen sen suhteen, ett\u00e4 Berliiniss\u00e4 saavutettaisiin ratkaisevia edistysaskelia.<\/p>\n<p class=\"paragraph\">\u2013 En pid\u00e4 todenn\u00e4k\u00f6isen\u00e4, ett\u00e4 joku aivan valtava l\u00e4pimurto tapahtuisi nyt tuolla, mutta onhan se mahdollista, ett\u00e4 se prosessi menee v\u00e4h\u00e4n eteenp\u00e4in. Jotain osviittaa saadaan varmaankin siit\u00e4, millaisiin my\u00f6nnytyksiin nimenomaan Ukraina on valmis, Teivainen <a href=\"https:\/\/www.iltalehti.fi\/ulkomaat\/93e056e6-f0c7-4a76-af15-db9f7417db8a\" rel=\"nofollow noopener\" target=\"_blank\">arvioi<\/a> Iltalehdelle.<\/p>\n","protected":false},"excerpt":{"rendered":"Saksan liittokansleri varoitti Putinin tavoitteista. Friedrich Merz puhui puolueensa tilaisuudessa viikonloppuna. ZumaWire \/ MVPHOTOS Saksan liittokansleri Friedrich Merz&hellip;\n","protected":false},"author":2,"featured_media":116982,"comment_status":"","ping_status":"","sticky":false,"template":"","format":"standard","meta":{"footnotes":""},"categories":[14],"tags":[35,22,23,26,27,33,31,30,17,24,25,28,29,15,18,21,142,637,144,886,32,19,20,56,16,638,59,60,61],"class_list":{"0":"post-116981","1":"post","2":"type-post","3":"status-publish","4":"format-standard","5":"has-post-thumbnail","7":"category-ulkomaat","8":"tag-24h","9":"tag-breaking-news","10":"tag-breakingnews","11":"tag-featured-news","12":"tag-featurednews","13":"tag-fi","14":"tag-finland","15":"tag-finnish","16":"tag-headlines","17":"tag-latest-news","18":"tag-latestnews","19":"tag-main-news","20":"tag-mainnews","21":"tag-news","22":"tag-otsikot","23":"tag-paauutiset","24":"tag-poliitikot","25":"tag-politiikka","26":"tag-presidentti","27":"tag-puolueet","28":"tag-suomi","29":"tag-top-stories","30":"tag-topstories","31":"tag-ulkomaat","32":"tag-uutiset","33":"tag-valtiovalta","34":"tag-world","35":"tag-world-news","36":"tag-worldnews"},"share_on_mastodon":{"url":"https:\/\/pubeurope.com\/@fi\/115723642223214609","error":""},"_links":{"self":[{"href":"https:\/\/www.europesays.com\/fi\/wp-json\/wp\/v2\/posts\/116981","targetHints":{"allow":["GET"]}}],"collection":[{"href":"https:\/\/www.europesays.com\/fi\/wp-json\/wp\/v2\/posts"}],"about":[{"href":"https:\/\/www.europesays.com\/fi\/wp-json\/wp\/v2\/types\/post"}],"author":[{"embeddable":true,"href":"https:\/\/www.europesays.com\/fi\/wp-json\/wp\/v2\/users\/2"}],"replies":[{"embeddable":true,"href":"https:\/\/www.europesays.com\/fi\/wp-json\/wp\/v2\/comments?post=116981"}],"version-history":[{"count":0,"href":"https:\/\/www.europesays.com\/fi\/wp-json\/wp\/v2\/posts\/116981\/revisions"}],"wp:featuredmedia":[{"embeddable":true,"href":"https:\/\/www.europesays.com\/fi\/wp-json\/wp\/v2\/media\/116982"}],"wp:attachment":[{"href":"https:\/\/www.europesays.com\/fi\/wp-json\/wp\/v2\/media?parent=116981"}],"wp:term":[{"taxonomy":"category","embeddable":true,"href":"https:\/\/www.europesays.com\/fi\/wp-json\/wp\/v2\/categories?post=116981"},{"taxonomy":"post_tag","embeddable":true,"href":"https:\/\/www.europesays.com\/fi\/wp-json\/wp\/v2\/tags?post=116981"}],"curies":[{"name":"wp","href":"https:\/\/api.w.org\/{rel}","templated":true}]}}