{"id":116984,"date":"2025-12-15T12:44:12","date_gmt":"2025-12-15T12:44:12","guid":{"rendered":"https:\/\/www.europesays.com\/fi\/116984\/"},"modified":"2025-12-15T12:44:12","modified_gmt":"2025-12-15T12:44:12","slug":"otkes-aloittaa-kohdennetun-tutkinnan-helsingin-hietalahden-parveketurmasta-kotimaa","status":"publish","type":"post","link":"https:\/\/www.europesays.com\/fi\/116984\/","title":{"rendered":"Otkes aloittaa kohdennetun tutkinnan Helsingin Hietalahden parveketurmasta | Kotimaa"},"content":{"rendered":"<p class=\"aw-1gybjub aw-5vja16 kEtdKx kmuxyA yle__article__paragraph\">Turmassa yksi ihminen kuoli pudottuaan kerrostalon parvekekaiteen levyn l\u00e4pi maahan.<\/p>\n<p><img decoding=\"async\" alt=\"Vanha monikerroksinen kerrostalo, jonka yhdelt\u00e4 parvekkeelta puuttuu vaalea levy.\" src=\"https:\/\/www.europesays.com\/fi\/wp-content\/uploads\/2025\/12\/39-152509068cbba07a408f.jpeg\" class=\"aw-1l9m598 hKVVvP\"\/><\/p>\n<p>Avaa kuvien katselu<\/p>\n<p>Kuva: Kristiina Lehto \/ Yle<\/p>\n<p>12:09\u2022P\u00e4ivitetty 13:34<\/p>\n<p class=\"aw-1gybjub aw-1p7kakr kEtdKx cEmitX yle__article__paragraph\">Onnettomuustutkintakeskus eli Otkes kertoo k\u00e4ynnist\u00e4v\u00e4ns\u00e4 kohdennetun tutkinnan syyskuussa Helsingin Hietalahdessa tapahtuneesta parveketurmasta. Turmassa <a class=\"aw-iao6s4 iHOxEa yle__article__link\" href=\"https:\/\/yle.fi\/a\/74-20183549\" role=\"link\" rel=\"nofollow noopener\" target=\"_blank\">yksi ihminen kuoli<\/a> pudottuaan kerrostalon parvekekaiteen levyn l\u00e4pi maahan.<\/p>\n<p class=\"aw-1gybjub aw-1p7kakr kEtdKx cEmitX yle__article__paragraph\">Syyskuisessa onnettomuudessa noin 50-vuotias nainen putosi viidennen kerroksen parvekekaiteen levyn l\u00e4pi Helsingin Hietalahdessa.<\/p>\n<p class=\"aw-1gybjub aw-1p7kakr kEtdKx cEmitX yle__article__paragraph\"><a class=\"aw-iao6s4 iHOxEa yle__article__link\" href=\"https:\/\/turvallisuustutkinta.fi\/fi\/index\/ajankohtaista\/tiedotteet\/2025\/y2025-01henkilonputoaminenkerrostalonparvekekaiteenlevynlapihelsinginhietalahdessa17.9.2025.html\" role=\"link\" rel=\"nofollow noopener\" target=\"_blank\">Otkes aloitti<\/a> turvallisuustutkintalain mukaisen tutkinnan jo syyskuussa. Nyt tutkinnassa keskityt\u00e4\u00e4n erityisesti selvitt\u00e4m\u00e4\u00e4n parvekekaiteen levyrakenteen teknist\u00e4 turvallisuutta.<\/p>\n<p class=\"aw-1gybjub aw-1p7kakr kEtdKx cEmitX yle__article__paragraph\">Helsingin poliisi on tutkinut tapausta tappona. Rikoksesta <a class=\"aw-iao6s4 iHOxEa yle__article__link\" href=\"https:\/\/yle.fi\/a\/74-20183957\" role=\"link\" rel=\"nofollow noopener\" target=\"_blank\">ep\u00e4iltyn\u00e4 vangittiin mies<\/a>, mutta h\u00e4net <a class=\"aw-iao6s4 iHOxEa yle__article__link\" href=\"https:\/\/yle.fi\/a\/74-20186890\" role=\"link\" rel=\"nofollow noopener\" target=\"_blank\">vapautettiin my\u00f6hemmin<\/a>. Poliisin mukaan vangitsemisen erityisi\u00e4 edellytyksi\u00e4 ei en\u00e4\u00e4 ollut.<\/p>\n<p class=\"aw-1gybjub aw-1p7kakr kEtdKx cEmitX yle__article__paragraph\">Tutkinanjohtajan <strong class=\"aw-ak79eh KyCXm yle__article__strong\">Juha Piipon<\/strong> sijainen rikoskomisario, tutkinnanjohtaja <strong class=\"aw-ak79eh KyCXm yle__article__strong\">Tuomas Lindholm<\/strong> kertoo, ett\u00e4 poliisitutkinnassa ei ole ilmennyt mit\u00e4\u00e4n uutta, mutta mies on kuitenkin toistaiseksi ep\u00e4iltyn\u00e4 tapauksessa.<\/p>\n<p>Onnettomuus tapahtui Hietalahdenkadulla Kampin kaupunginosassa, Helsingin keskustan tuntumassa. Video: Kristiina Lehto \/ YleVastaavia tutkintoja aiemmin<\/p>\n<p class=\"aw-1gybjub aw-1p7kakr kEtdKx cEmitX yle__article__paragraph\">Otkes on aiemmin on tehnyt tutkinnan onnettomuudesta, jossa <a class=\"aw-iao6s4 iHOxEa yle__article__link\" href=\"https:\/\/turvallisuustutkinta.fi\/fi\/index\/tutkintaselostukset\/muutonnettomuudet\/tutkintaselostuksetvuosittain\/2016\/y2016-02naisenputoaminenparvekelevynlapilahdessa15.6.2016.html\" role=\"link\" rel=\"nofollow noopener\" target=\"_blank\">nainen putosi parvekelevyn l\u00e4pi Lahdessa<\/a>. Onnettomuus tapahtui vuonna 2016.<\/p>\n<p class=\"aw-1gybjub aw-1p7kakr kEtdKx cEmitX yle__article__paragraph\">Otkes on my\u00f6s tutkinut muun muassa <a class=\"aw-iao6s4 iHOxEa yle__article__link\" href=\"https:\/\/www.turvallisuustutkinta.fi\/material\/attachments\/otkes\/tutkintaselostukset\/fi\/muutonnettomuudet\/2010\/b12010y_tutkintaselostus_5\/b12010y_tutkintaselostus_5.pdf\" role=\"link\" rel=\"nofollow noopener\" target=\"_blank\">urheiluhallin katon romahtamista J\u00e4rvenp\u00e4\u00e4ss\u00e4 2010<\/a>. Yksi t\u00e4m\u00e4n tutkinnan suosituksista toistettiin 2016 tutkinnassa.<\/p>\n<p class=\"aw-1gybjub aw-1p7kakr kEtdKx cEmitX yle__article__paragraph\">Otkes suositteli 2016\u20132017 tehdyss\u00e4 tutkinnassa muun muassa sit\u00e4, ett\u00e4 parvekerakenteiden pit\u00e4isi kest\u00e4\u00e4 ihmisen kaatuminen niit\u00e4 p\u00e4in.<\/p>\n<p class=\"aw-1gybjub aw-1p7kakr kEtdKx cEmitX yle__article__paragraph\">\u2013 Olemme my\u00f6s per\u00e4\u00e4nkuuluttaneet er\u00e4\u00e4nlaista kiinteist\u00f6tietokantaa, jotta rakenteiden kannalta oleellinen tieto mahdollisista turvallisuuspuutteista saataisiin levitetty\u00e4 ja olisi yleisesti tiedossa, toteaa tutkinnanjohtaja <strong class=\"aw-ak79eh KyCXm yle__article__strong\">Timo Naskali<\/strong> <a class=\"aw-iao6s4 iHOxEa yle__article__link\" href=\"https:\/\/turvallisuustutkinta.fi\/fi\/index\/ajankohtaista\/tiedotteet\/2025\/hietalahden-putoamisonnettomuus-otkes-tekee-kohdennetun-tutkinnan-parvekelevyn-rakenteen-pitavyydesta.html\" role=\"link\" rel=\"nofollow noopener\" target=\"_blank\">tiedotteessa<\/a>.<\/p>\n<p class=\"aw-1gybjub aw-1p7kakr kEtdKx cEmitX yle__article__paragraph\">Naskali korostaa, ettei viel\u00e4 tiedet\u00e4, onko parvekelevyiss\u00e4 tai niiden kiinnityksiss\u00e4 ollut vikaa. Asia selv\u00e4\u00e4 vasta, kun parvekkeella olleet levyt on tutkittu ja testattu.<\/p>\n<p class=\"aw-1gybjub aw-1p7kakr kEtdKx cEmitX yle__article__paragraph\">Turvallisuustutkinta kest\u00e4\u00e4 yleens\u00e4 noin 9\u201312 kuukautta. Kohdennetun tutkinnan oletetaan valmistuvan nopeammin.<\/p>\n","protected":false},"excerpt":{"rendered":"Turmassa yksi ihminen kuoli pudottuaan kerrostalon parvekekaiteen levyn l\u00e4pi maahan. Avaa kuvien katselu Kuva: Kristiina Lehto \/ Yle&hellip;\n","protected":false},"author":2,"featured_media":116985,"comment_status":"","ping_status":"","sticky":false,"template":"","format":"standard","meta":{"footnotes":""},"categories":[5],"tags":[22,23,26,27,33,31,30,17,104,10527,71,24,25,28,29,15,837,21338,18,21,32,19,20,1168,16],"class_list":{"0":"post-116984","1":"post","2":"type-post","3":"status-publish","4":"format-standard","5":"has-post-thumbnail","7":"category-otsikot","8":"tag-breaking-news","9":"tag-breakingnews","10":"tag-featured-news","11":"tag-featurednews","12":"tag-fi","13":"tag-finland","14":"tag-finnish","15":"tag-headlines","16":"tag-helsinki","17":"tag-hietalahti","18":"tag-kotimaa","19":"tag-latest-news","20":"tag-latestnews","21":"tag-main-news","22":"tag-mainnews","23":"tag-news","24":"tag-onnettomuudet","25":"tag-onnettomuustutkintakeskus","26":"tag-otsikot","27":"tag-paauutiset","28":"tag-suomi","29":"tag-top-stories","30":"tag-topstories","31":"tag-uusimaa","32":"tag-uutiset"},"share_on_mastodon":{"url":"https:\/\/pubeurope.com\/@fi\/115723650135240232","error":""},"_links":{"self":[{"href":"https:\/\/www.europesays.com\/fi\/wp-json\/wp\/v2\/posts\/116984","targetHints":{"allow":["GET"]}}],"collection":[{"href":"https:\/\/www.europesays.com\/fi\/wp-json\/wp\/v2\/posts"}],"about":[{"href":"https:\/\/www.europesays.com\/fi\/wp-json\/wp\/v2\/types\/post"}],"author":[{"embeddable":true,"href":"https:\/\/www.europesays.com\/fi\/wp-json\/wp\/v2\/users\/2"}],"replies":[{"embeddable":true,"href":"https:\/\/www.europesays.com\/fi\/wp-json\/wp\/v2\/comments?post=116984"}],"version-history":[{"count":0,"href":"https:\/\/www.europesays.com\/fi\/wp-json\/wp\/v2\/posts\/116984\/revisions"}],"wp:featuredmedia":[{"embeddable":true,"href":"https:\/\/www.europesays.com\/fi\/wp-json\/wp\/v2\/media\/116985"}],"wp:attachment":[{"href":"https:\/\/www.europesays.com\/fi\/wp-json\/wp\/v2\/media?parent=116984"}],"wp:term":[{"taxonomy":"category","embeddable":true,"href":"https:\/\/www.europesays.com\/fi\/wp-json\/wp\/v2\/categories?post=116984"},{"taxonomy":"post_tag","embeddable":true,"href":"https:\/\/www.europesays.com\/fi\/wp-json\/wp\/v2\/tags?post=116984"}],"curies":[{"name":"wp","href":"https:\/\/api.w.org\/{rel}","templated":true}]}}