{"id":116986,"date":"2025-12-15T12:56:07","date_gmt":"2025-12-15T12:56:07","guid":{"rendered":"https:\/\/www.europesays.com\/fi\/116986\/"},"modified":"2025-12-15T12:56:07","modified_gmt":"2025-12-15T12:56:07","slug":"kansa-jyrahti-taman-elaimen-johanna-tukiainen-seiskan-mukaan-osti","status":"publish","type":"post","link":"https:\/\/www.europesays.com\/fi\/116986\/","title":{"rendered":"Kansa jyr\u00e4hti &#8211; t\u00e4m\u00e4n el\u00e4imen Johanna Tukiainen Seiskan mukaan osti"},"content":{"rendered":"<p>Johanna Tukiainen on suututtanut ihmisi\u00e4 keskustelupalstoilla ja varsinkin Jodelissa.<\/p>\n<p><a href=\"https:\/\/www.seiska.fi\/kotimaa\/johanna-tukiainen-ja-veijo-lalli-uusi-perheenjasen\/2021133\" rel=\"nofollow noopener\" target=\"_blank\">Seiskan<\/a> mukaan Jossu on mennyt ja hankkinut itselleen uuden el\u00e4imen \u2013 pupun.<\/p>\n<p>Lue my\u00f6s: <a href=\"https:\/\/www.como.fi\/uutiset\/hetkinen-tunnistatko-kuka-tama-julkkis-on-johanna-tukiainen-kiti-kokkonen\/\" title=\"Hetkinen, tunnistatko kuka t\u00e4m\u00e4 julkkis on? Johanna Tukiainen? Kiti Kokkonen?\" class=\"underline-custom !font-montserrat !font-bold !underline-offset-4 !decoration-4 !decoration-red-600 !text-md\" rel=\"nofollow noopener\" target=\"_blank\">Hetkinen, tunnistatko kuka t\u00e4m\u00e4 julkkis on? Johanna Tukiainen? Kiti Kokkonen?<\/a><\/p>\n<p>\u2013 Olen hankkinut uuden perheenj\u00e4senen: leijonanharjasuros nimelt\u00e4 Pumpuli on muuttanut meid\u00e4n asuntoon, Johanna kertoo <a href=\"https:\/\/www.seiska.fi\/kotimaa\/johanna-tukiainen-ja-veijo-lalli-uusi-perheenjasen\/2021133\" rel=\"nofollow noopener\" target=\"_blank\">Seiskalle.<\/a><\/p>\n<p>Johannan el\u00e4inasiat ovat olleet tapetilla<\/p>\n<p>Asia on kirvoittanut paljon keskustelua eri kanavissa.<\/p>\n<p>-Ei, en ala! Johanna, miten m\u00e4 en luota suhun n\u00e4iss\u00e4 el\u00e4inasioissa, kirjoittaa muuan.<\/p>\n<p>Lue my\u00f6s: <a href=\"https:\/\/www.como.fi\/uutiset\/johanna-tukiainen-esiintyi-tiistayona-suorassa-nettilahetyksessa-synkeat-seuraukset\/\" title=\"Johanna Tukiainen esiintyi tiistay\u00f6n\u00e4 suorassa nettil\u00e4hetyksess\u00e4 \u2013 synke\u00e4t seuraukset!\" class=\"underline-custom !font-montserrat !font-bold !underline-offset-4 !decoration-4 !decoration-red-600 !text-md\" rel=\"nofollow noopener\" target=\"_blank\">Johanna Tukiainen esiintyi tiistay\u00f6n\u00e4 suorassa nettil\u00e4hetyksess\u00e4 \u2013 synke\u00e4t seuraukset!<\/a><\/p>\n<p>-Johanna, sun t\u00e4ytyy saada el\u00e4m\u00e4 kuntoon kaikin tavoin, sitten vasta el\u00e4inasiat, opastaa toinen.<\/p>\n<p>Tukiainen on aiemmin saanut k\u00e4r\u00e4j\u00e4oikeudesta tuomion el\u00e4inasioissa. Helsingin k\u00e4r\u00e4j\u00e4oikeus tuomitsi h\u00e4nelle 20 p\u00e4iv\u00e4sakkoa el\u00e4insuojelurikkomuksesta muutama vuosi sitten. Jutussa oli kysymys Tukiaisen koirien elinolosuhteiden puutteellisuuksista ja ulkoiluttamisesta.<\/p>\n<p>Seiskan mukaan Tuksu on jo vuosikausia raivostuttanut toiminnallaan el\u00e4inrakkaita koiraihmisi\u00e4. Johanna on omistanut vuodesta 2010 l\u00e4htien reilusti yli toistakymment\u00e4 koiraa, joista osa kadonnut matkan varrella mystisesti kuin tuhka tuuleen.<\/p>\n<p>Seiskan selvityksen mukaan el\u00e4insuojeluviranomaiset ovat toistuvasti joutuneet puuttumaan Johannan toimintaan. Johannalle on vaadittu jopa koirienpitokieltoa nettiadressin avulla.<\/p>\n<p>Lue my\u00f6s: <a href=\"https:\/\/www.como.fi\/tilaa-comon-uutiskirje\/\" title=\"Tilaa Comon uutiskirje ja tied\u00e4t mist\u00e4 kahvitauolla puhutaan! Nappaa kotimaan tv-vinkit ja puheenaiheet suoraan s\u00e4hk\u00f6postiin t\u00e4st\u00e4.\" class=\"underline-custom !font-montserrat !font-bold !underline-offset-4 !decoration-4 !decoration-red-600 !text-md\" rel=\"nofollow noopener\" target=\"_blank\">Tilaa Comon uutiskirje ja tied\u00e4t mist\u00e4 kahvitauolla puhutaan! Nappaa kotimaan tv-vinkit ja puheenaiheet suoraan s\u00e4hk\u00f6postiin t\u00e4st\u00e4.<\/a><\/p>\n","protected":false},"excerpt":{"rendered":"Johanna Tukiainen on suututtanut ihmisi\u00e4 keskustelupalstoilla ja varsinkin Jodelissa. Seiskan mukaan Jossu on mennyt ja hankkinut itselleen uuden&hellip;\n","protected":false},"author":2,"featured_media":76670,"comment_status":"","ping_status":"","sticky":false,"template":"","format":"standard","meta":{"footnotes":""},"categories":[136],"tags":[407,137,33,31,30,5865,408,32,109],"class_list":{"0":"post-116986","1":"post","2":"type-post","3":"status-publish","4":"format-standard","5":"has-post-thumbnail","7":"category-julkkikset","8":"tag-celebrities","9":"tag-entertainment","10":"tag-fi","11":"tag-finland","12":"tag-finnish","13":"tag-johanna-tukiainen","14":"tag-julkkikset","15":"tag-suomi","16":"tag-viihde"},"share_on_mastodon":{"url":"https:\/\/pubeurope.com\/@fi\/115723697075566044","error":""},"_links":{"self":[{"href":"https:\/\/www.europesays.com\/fi\/wp-json\/wp\/v2\/posts\/116986","targetHints":{"allow":["GET"]}}],"collection":[{"href":"https:\/\/www.europesays.com\/fi\/wp-json\/wp\/v2\/posts"}],"about":[{"href":"https:\/\/www.europesays.com\/fi\/wp-json\/wp\/v2\/types\/post"}],"author":[{"embeddable":true,"href":"https:\/\/www.europesays.com\/fi\/wp-json\/wp\/v2\/users\/2"}],"replies":[{"embeddable":true,"href":"https:\/\/www.europesays.com\/fi\/wp-json\/wp\/v2\/comments?post=116986"}],"version-history":[{"count":0,"href":"https:\/\/www.europesays.com\/fi\/wp-json\/wp\/v2\/posts\/116986\/revisions"}],"wp:featuredmedia":[{"embeddable":true,"href":"https:\/\/www.europesays.com\/fi\/wp-json\/wp\/v2\/media\/76670"}],"wp:attachment":[{"href":"https:\/\/www.europesays.com\/fi\/wp-json\/wp\/v2\/media?parent=116986"}],"wp:term":[{"taxonomy":"category","embeddable":true,"href":"https:\/\/www.europesays.com\/fi\/wp-json\/wp\/v2\/categories?post=116986"},{"taxonomy":"post_tag","embeddable":true,"href":"https:\/\/www.europesays.com\/fi\/wp-json\/wp\/v2\/tags?post=116986"}],"curies":[{"name":"wp","href":"https:\/\/api.w.org\/{rel}","templated":true}]}}