{"id":116987,"date":"2025-12-15T13:00:07","date_gmt":"2025-12-15T13:00:07","guid":{"rendered":"https:\/\/www.europesays.com\/fi\/116987\/"},"modified":"2025-12-15T13:00:07","modified_gmt":"2025-12-15T13:00:07","slug":"ensi-kevaan-euroviisuihin-osallistuu-35-maata-uutisia-lyhyesti","status":"publish","type":"post","link":"https:\/\/www.europesays.com\/fi\/116987\/","title":{"rendered":"Ensi kev\u00e4\u00e4n Euroviisuihin osallistuu 35 maata | Uutisia lyhyesti"},"content":{"rendered":"<p class=\"aw-1gybjub aw-1p7kakr kEtdKx cEmitX yle__article__paragraph\">Euroviisuihin osallistuu ensi kev\u00e4\u00e4n\u00e4 yhteens\u00e4 35 maata, kertoo Euroopan yleisradiounioni EBU.<\/p>\n<p class=\"aw-1gybjub aw-1p7kakr kEtdKx cEmitX yle__article__paragraph\">EBU vahvisti laulukilpailun osallistujat t\u00e4n\u00e4\u00e4n. Bulgaria, Romania ja Moldova palaavat viisulavoille eripituisten taukojen j\u00e4lkeen.<\/p>\n<p class=\"aw-1gybjub aw-1p7kakr kEtdKx cEmitX yle__article__paragraph\">Euroviisujen ymp\u00e4rill\u00e4 on k\u00e4yty kiivasta keskustelua siksi, ett\u00e4 EBU sallii Israelin osallistuvan laulukilpailuun. Useat maat ja tahot ovat vaatineet Israelin sulkemista ulos kilpailusta. YK:n riippumaton tutkintakomissio on katsonut, ett\u00e4 Israel on syyllistynyt kansanmurhaan Gazassa.<\/p>\n<p class=\"aw-1gybjub aw-1p7kakr kEtdKx cEmitX yle__article__paragraph\">Euroviisut j\u00e4rjestet\u00e4\u00e4n ensi toukokuussa It\u00e4vallassa.<\/p>\n","protected":false},"excerpt":{"rendered":"Euroviisuihin osallistuu ensi kev\u00e4\u00e4n\u00e4 yhteens\u00e4 35 maata, kertoo Euroopan yleisradiounioni EBU. EBU vahvisti laulukilpailun osallistujat t\u00e4n\u00e4\u00e4n. Bulgaria, Romania&hellip;\n","protected":false},"author":2,"featured_media":116988,"comment_status":"","ping_status":"","sticky":false,"template":"","format":"standard","meta":{"footnotes":""},"categories":[132],"tags":[137,9880,909,33,31,30,108,195,47,32,109],"class_list":{"0":"post-116987","1":"post","2":"type-post","3":"status-publish","4":"format-standard","5":"has-post-thumbnail","7":"category-musiikki","8":"tag-entertainment","9":"tag-euroopan-yleisradiounioni-ebu","10":"tag-euroviisut","11":"tag-fi","12":"tag-finland","13":"tag-finnish","14":"tag-kulttuuri","15":"tag-music","16":"tag-musiikki","17":"tag-suomi","18":"tag-viihde"},"share_on_mastodon":{"url":"https:\/\/pubeurope.com\/@fi\/115723712792920684","error":""},"_links":{"self":[{"href":"https:\/\/www.europesays.com\/fi\/wp-json\/wp\/v2\/posts\/116987","targetHints":{"allow":["GET"]}}],"collection":[{"href":"https:\/\/www.europesays.com\/fi\/wp-json\/wp\/v2\/posts"}],"about":[{"href":"https:\/\/www.europesays.com\/fi\/wp-json\/wp\/v2\/types\/post"}],"author":[{"embeddable":true,"href":"https:\/\/www.europesays.com\/fi\/wp-json\/wp\/v2\/users\/2"}],"replies":[{"embeddable":true,"href":"https:\/\/www.europesays.com\/fi\/wp-json\/wp\/v2\/comments?post=116987"}],"version-history":[{"count":0,"href":"https:\/\/www.europesays.com\/fi\/wp-json\/wp\/v2\/posts\/116987\/revisions"}],"wp:featuredmedia":[{"embeddable":true,"href":"https:\/\/www.europesays.com\/fi\/wp-json\/wp\/v2\/media\/116988"}],"wp:attachment":[{"href":"https:\/\/www.europesays.com\/fi\/wp-json\/wp\/v2\/media?parent=116987"}],"wp:term":[{"taxonomy":"category","embeddable":true,"href":"https:\/\/www.europesays.com\/fi\/wp-json\/wp\/v2\/categories?post=116987"},{"taxonomy":"post_tag","embeddable":true,"href":"https:\/\/www.europesays.com\/fi\/wp-json\/wp\/v2\/tags?post=116987"}],"curies":[{"name":"wp","href":"https:\/\/api.w.org\/{rel}","templated":true}]}}